{"id":252162,"date":"2025-01-29T13:00:00","date_gmt":"2025-01-29T12:00:00","guid":{"rendered":"https:\/\/www.tucomarca.com\/wordpress\/segunda\/?p=252162"},"modified":"2025-01-29T22:32:02","modified_gmt":"2025-01-29T21:32:02","slug":"la-diputacio-de-valencia-convocara-las-ayudas-de-igualdad-antes-del-8m-para-cubrir-actos-del-dia-de-la-mujer","status":"publish","type":"post","link":"https:\/\/www.tucomarca.com\/wordpress\/segunda\/la-diputacio-de-valencia-convocara-las-ayudas-de-igualdad-antes-del-8m-para-cubrir-actos-del-dia-de-la-mujer\/","title":{"rendered":"La Diputaci\u00f3 de Val\u00e8ncia convocar\u00e1 las ayudas de Igualdad antes del 8M para cubrir actos del D\u00eda de la Mujer"},"content":{"rendered":"\n<h3 class=\"wp-block-heading\"><strong>La vicepresidenta y responsable de Igualdad, Nat\u00e0lia Enguix, anuncia que se adelantar\u00e1 el proceso para que \u201cayuntamientos y asociaciones puedan organizar actividades en un mes repleto de citas feministas\u201d<\/strong>.<\/h3>\n\n\n\n<h3 class=\"wp-block-heading\"><strong>La responsable de Igualdad visita la exposici\u00f3n \u2018Fadrines\u2019 de L\u2019ETNO junto al diputado de Cultura, Paco Teruel, que destaca \u201cel protagonismo de las mujeres en cada uno de los \u00e1mbitos de gesti\u00f3n de la Diputaci\u00f3n\u201d<\/strong>.<\/h3>\n\n\n\n<p>La vicepresidenta primera de la Diputaci\u00f3 de Val\u00e8ncia, Nat\u00e0lia Enguix, ha anunciado este mi\u00e9rcoles que las ayudas de Igualdad del presente ejercicio se convocar\u00e1n antes del 8 de marzo, con la intenci\u00f3n de \u201cpermitir a los ayuntamientos y las asociaciones que puedan destinar parte de esas subvenciones a actividades relacionadas con el D\u00eda Internacional de la Mujer, en un mes repleto de citas feministas\u201d.<\/p>\n\n\n\n<p>La medida, avanzada por Enguix durante su visita a la exposici\u00f3n \u2018Fadrines\u2019, \u201ces una muestra m\u00e1s del objetivo de ser eficaces y facilitar los procedimientos a los beneficiarios de las ayudas que concede la Diputaci\u00f3n\u201d, explica la vicepresidenta, quien recuerda que \u201cya lo hicimos con el Pla Obert, que es el gran programa inversor de la instituci\u00f3n, y lo vamos a seguir haciendo en las convocatorias de cualquier \u00e1rea de la que seamos responsables\u201d.<\/p>\n\n\n\n<p>En el presente ejercicio, el \u00e1rea de Igualdad que dirige Nat\u00e0lia Enguix repartir\u00e1 un mill\u00f3n de euros, ampliable a mill\u00f3n y medio, entre los 237 ayuntamientos que forman parte de la Red de Municipios Protegidos contra la Violencia de G\u00e9nero de la Diputaci\u00f3n, mancomunidades y consorcios. A esta partida hay que sumar los 180.000 euros, ampliables a 250.000 euros, que recibir\u00e1 el tejido asociativo, unas ayudas que se duplicaron en 2024 y que ser\u00e1n prepagables \u201cpara que los colectivos no tengan que renunciar a organizar actividades por falta de liquidez\u201d.&nbsp;<\/p>\n\n\n\n<p><strong>\u2018Fadrines\u2019, un viaje identitario<\/strong><\/p>\n\n\n\n<p>Nat\u00e0lia Enguix ha visitado la exposici\u00f3n \u2018Fadrines\u2019 de L\u2019ETNO, acompa\u00f1ada por el diputado de Cultura y anfitri\u00f3n en el Centre Cultural la Benefic\u00e8ncia, Paco Teruel, quien ha destacado \u201cel protagonismo de las mujeres en cada uno de los \u00e1mbitos de gesti\u00f3n de la Diputaci\u00f3n\u201d. Teruel ha insistido en la importancia de acabar con los estereotipos durante la visita a una muestra que recorre \u201cel viaje de esas feministas intuitivas de los a\u00f1os 40 y 50, que dijeron no a un matrimonio basado en la desigualdad e iniciaron un camino identitario desde el estereotipo a la plenitud\u201d.<\/p>\n\n\n\n<p>\u2018Fadrines\u2019 responde a c\u00f3mo ser\u00edan las vidas de esas mujeres teniendo en cuenta el entorno social que las miraba de reojo y c\u00f3mo se construyeron desde ese margen que era la solter\u00eda. Lejos de lecturas desde\u00f1osas o lastimeras, \u201cmuestra la diversidad de trayectorias de vida de mujeres solteras frente al monolito del modelo hegem\u00f3nico\u201d, se\u00f1ala el director de L\u2019ETNO, Joan Segu\u00ed, quien considera que la exposici\u00f3n \u201cse ajusta muy bien a la misi\u00f3n del museo, que es hacer memoria confrontando historias olvidadas y promover la reflexi\u00f3n y el conocimiento\u201d.&nbsp;<\/p>\n\n\n\n<p>Para ello, la propuesta huye del rechazo a esas mujeres a las que se llegaba a considerar fracasadas, y apuesta por el potencial cinematogr\u00e1fico de figuras como Viridiana, Mary Poppins, Lara Croft o Idgie Threadgoode en \u2018Tomates verdes fritos\u2019 para reivindicar la idea de que la vida es mucho m\u00e1s que casarse.<\/p>\n\n\n\n<p>Isabel \u00c1lvarez, una de las comisarias de \u2018Fadrines\u2019, define el proyecto como \u201cuna instalaci\u00f3n metaf\u00f3rica, que refleja los resultados de la investigaci\u00f3n. La estructura central poderosa, intimidante y observadora representa la norma heteropatriarcal, y los m\u00f3dulos circundantes son las solteras, que a pesar de estar separadas de la norma emiten una luz propia\u201d. Un documental interactivo que recoge filmaciones, fotograf\u00edas animadas, ilustraciones y voces de las protagonistas completan esta propuesta cultural de la Diputaci\u00f3n que preside Vicent Momp\u00f3.&nbsp;<\/p>\n\n\n\n<p>En el proyecto, una producci\u00f3n propia del museo de la Diputaci\u00f3n, han participado multitud de perfiles profesionales que abarcan desde el campo patrimonial hasta la investigaci\u00f3n y la creaci\u00f3n art\u00edstica. En concreto, en la producci\u00f3n han tomado parte Isabel \u00c1lvarez y Raquel Ferrero, en el comisariado; Kumi Furi\u00f3 y Rosa Bou, en el dise\u00f1o gr\u00e1fico y de sala; Arlette Olaerts, en la fotograf\u00eda; Nuria Riaza, en las ilustraciones; La Zafirina, en la dramatizaci\u00f3n; y Bressol Produccions, en el webdoc.&nbsp;<\/p>\n\n\n\n<figure class=\"wp-block-gallery has-nested-images columns-default is-cropped wp-block-gallery-1 is-layout-flex wp-block-gallery-is-layout-flex\">\n<figure class=\"wp-block-image size-large\"><img loading=\"lazy\" decoding=\"async\" width=\"1024\" height=\"665\" data-id=\"252165\" src=\"https:\/\/www.tucomarca.com\/wordpress\/segunda\/wp-content\/uploads\/2025\/01\/Fadrines02-1024x665.jpg\" alt=\"\" class=\"wp-image-252165\" srcset=\"https:\/\/www.tucomarca.com\/wordpress\/segunda\/wp-content\/uploads\/2025\/01\/Fadrines02-1024x665.jpg 1024w, https:\/\/www.tucomarca.com\/wordpress\/segunda\/wp-content\/uploads\/2025\/01\/Fadrines02-300x195.jpg 300w, https:\/\/www.tucomarca.com\/wordpress\/segunda\/wp-content\/uploads\/2025\/01\/Fadrines02-768x499.jpg 768w, https:\/\/www.tucomarca.com\/wordpress\/segunda\/wp-content\/uploads\/2025\/01\/Fadrines02-1536x998.jpg 1536w, https:\/\/www.tucomarca.com\/wordpress\/segunda\/wp-content\/uploads\/2025\/01\/Fadrines02-2048x1331.jpg 2048w\" sizes=\"auto, (max-width: 1024px) 100vw, 1024px\" \/><\/figure>\n\n\n\n<figure class=\"wp-block-image size-large\"><img loading=\"lazy\" decoding=\"async\" width=\"1024\" height=\"665\" data-id=\"252167\" src=\"https:\/\/www.tucomarca.com\/wordpress\/segunda\/wp-content\/uploads\/2025\/01\/Fadrines03-1024x665.jpg\" alt=\"\" class=\"wp-image-252167\" srcset=\"https:\/\/www.tucomarca.com\/wordpress\/segunda\/wp-content\/uploads\/2025\/01\/Fadrines03-1024x665.jpg 1024w, https:\/\/www.tucomarca.com\/wordpress\/segunda\/wp-content\/uploads\/2025\/01\/Fadrines03-300x195.jpg 300w, https:\/\/www.tucomarca.com\/wordpress\/segunda\/wp-content\/uploads\/2025\/01\/Fadrines03-768x499.jpg 768w, https:\/\/www.tucomarca.com\/wordpress\/segunda\/wp-content\/uploads\/2025\/01\/Fadrines03-1536x998.jpg 1536w, https:\/\/www.tucomarca.com\/wordpress\/segunda\/wp-content\/uploads\/2025\/01\/Fadrines03-2048x1331.jpg 2048w\" sizes=\"auto, (max-width: 1024px) 100vw, 1024px\" \/><\/figure>\n<\/figure>\n","protected":false},"excerpt":{"rendered":"<div class=\"mh-excerpt\">La vicepresidenta y responsable de Igualdad, Nat\u00e0lia Enguix, anuncia que se adelantar\u00e1 el proceso para que \u201cayuntamientos y asociaciones puedan organizar actividades en un mes repleto de citas feministas\u201d. La responsable de Igualdad visita la <a class=\"mh-excerpt-more\" href=\"https:\/\/www.tucomarca.com\/wordpress\/segunda\/la-diputacio-de-valencia-convocara-las-ayudas-de-igualdad-antes-del-8m-para-cubrir-actos-del-dia-de-la-mujer\/\" title=\"La Diputaci\u00f3 de Val\u00e8ncia convocar\u00e1 las ayudas de Igualdad antes del 8M para cubrir actos del D\u00eda de la Mujer\">[+] <\/a><\/div>\n","protected":false},"author":12,"featured_media":252163,"comment_status":"open","ping_status":"open","sticky":false,"template":"","format":"standard","meta":{"footnotes":""},"categories":[20540,8,72,20455,3],"tags":[20808,20938,21083],"class_list":{"0":"post-252162","1":"post","2":"type-post","3":"status-publish","4":"format-standard","5":"has-post-thumbnail","7":"category-igualdad-y-diversidad","8":"category-la-comarca","9":"category-sin-categorizar","10":"category-la-diputacio-de-valencia-informa","11":"category-seccion","12":"tag-diversidad-e-igualdad","13":"tag-la-diputacio-de-valencia","14":"tag-la-diputacio-en-las-comarcas"},"_links":{"self":[{"href":"https:\/\/www.tucomarca.com\/wordpress\/segunda\/wp-json\/wp\/v2\/posts\/252162","targetHints":{"allow":["GET"]}}],"collection":[{"href":"https:\/\/www.tucomarca.com\/wordpress\/segunda\/wp-json\/wp\/v2\/posts"}],"about":[{"href":"https:\/\/www.tucomarca.com\/wordpress\/segunda\/wp-json\/wp\/v2\/types\/post"}],"author":[{"embeddable":true,"href":"https:\/\/www.tucomarca.com\/wordpress\/segunda\/wp-json\/wp\/v2\/users\/12"}],"replies":[{"embeddable":true,"href":"https:\/\/www.tucomarca.com\/wordpress\/segunda\/wp-json\/wp\/v2\/comments?post=252162"}],"version-history":[{"count":0,"href":"https:\/\/www.tucomarca.com\/wordpress\/segunda\/wp-json\/wp\/v2\/posts\/252162\/revisions"}],"wp:featuredmedia":[{"embeddable":true,"href":"https:\/\/www.tucomarca.com\/wordpress\/segunda\/wp-json\/wp\/v2\/media\/252163"}],"wp:attachment":[{"href":"https:\/\/www.tucomarca.com\/wordpress\/segunda\/wp-json\/wp\/v2\/media?parent=252162"}],"wp:term":[{"taxonomy":"category","embeddable":true,"href":"https:\/\/www.tucomarca.com\/wordpress\/segunda\/wp-json\/wp\/v2\/categories?post=252162"},{"taxonomy":"post_tag","embeddable":true,"href":"https:\/\/www.tucomarca.com\/wordpress\/segunda\/wp-json\/wp\/v2\/tags?post=252162"}],"curies":[{"name":"wp","href":"https:\/\/api.w.org\/{rel}","templated":true}]}}