{"id":252172,"date":"2025-01-29T08:55:00","date_gmt":"2025-01-29T07:55:00","guid":{"rendered":"https:\/\/www.tucomarca.com\/wordpress\/segunda\/?p=252172"},"modified":"2025-01-29T22:27:49","modified_gmt":"2025-01-29T21:27:49","slug":"el-premio-iturbi-de-piano-de-la-diputacio-registra-el-mayor-numero-de-solicitudes-de-su-historia","status":"publish","type":"post","link":"https:\/\/www.tucomarca.com\/wordpress\/segunda\/el-premio-iturbi-de-piano-de-la-diputacio-registra-el-mayor-numero-de-solicitudes-de-su-historia\/","title":{"rendered":"El Premio Iturbi de piano de la Diputaci\u00f3 registra el mayor n\u00famero de solicitudes de su historia"},"content":{"rendered":"\n<h3 class=\"wp-block-heading\"><strong>Joaqu\u00edn Ach\u00facarro, presidente del jurado: \u201cNuestro Concurso Iturbi ha batido su r\u00e9cord, esta vez han sido 200 los v\u00eddeos recibidos de 200 pianistas\u00a0 procedentes de 40 pa\u00edses con un nivel tan alto que ha sido realmente dif\u00edcil elegir a los 22 que vendr\u00e1n a Val\u00e8ncia en junio\u201d<\/strong>.<\/h3>\n\n\n\n<h3 class=\"wp-block-heading\"><strong>Paco Teruel, diputado de Cultura: \u201cEl concurso de Piano Iturbi es un certamen que traspasa fronteras por su larga trayectoria, su reputado jurado internacional y por ser una gran oportunidad para j\u00f3venes pianistas de todo el mundo que quieren impulsar su proyecci\u00f3n y carrera art\u00edstica\u201d.&nbsp;<\/strong><\/h3>\n\n\n\n<p>El Premio Iturbi, Concurso Internacional de Piano de Val\u00e8ncia, ha visto aumentadas las solicitudes de participaci\u00f3n para su 23\u00aa edici\u00f3n, que tendr\u00e1 lugar del 4 al 14 de junio en Val\u00e8ncia y contar\u00e1 con el reconocido concertista vasco Joaqu\u00edn Ach\u00facarro como presidente del jurado. En total son 200 las solicitudes recibidas de pianistas procedentes de 40 pa\u00edses, m\u00e1ximo hist\u00f3rico desde su creaci\u00f3n, en 1981, registrando un incremento de un 8,7% en relaci\u00f3n con la anterior convocatoria; en el concurso celebrado en 2023 (el premio es bienal), hubo 184 solicitudes.&nbsp;<\/p>\n\n\n\n<p>\u201cUna vez m\u00e1s, los amantes de la m\u00fasica de Val\u00e8ncia est\u00e1n de enhorabuena, y a pesar del n\u00famero incre\u00edble de concursos internacionales que existen, nuestro Concurso Iturbi ha batido su r\u00e9cord, esta vez han sido 200 los v\u00eddeos recibidos de 200 pianistas con un nivel tan alto que ha sido realmente dif\u00edcil elegir a los 22 que vendr\u00e1n a Val\u00e8ncia en junio\u201d, ha confesado Joaqu\u00edn Ach\u00facarro. Asimismo, ha reconocido el \u201ctrabajo enorme\u201d y el \u201cesfuerzo colosal\u201d realizado por el jurado previo, y ha recordado que del 4 al 14 de junio \u201cnos tocar\u00e1 al jurado multinacional y de absoluto lujo que tengo el honor de presidir, otorgar los premios entre 22 fenomenales pianistas\u201d.&nbsp;<\/p>\n\n\n\n<p>El diputado de Cultura, Paco Teruel, ha apuntado que el concurso de Piano Iturbi de la Diputaci\u00f3 de Val\u00e8ncia \u201ces un certamen que traspasa fronteras por su larga trayectoria, por su reputado jurado internacional y por ser una gran oportunidad para j\u00f3venes pianistas de todo el mundo que quieren impulsar su proyecci\u00f3n y carrera art\u00edstica\u201d.&nbsp;<\/p>\n\n\n\n<p>Asimismo, ha recordado que el Premio Iturbi forma parte de la Federaci\u00f3n Mundial de Concursos Internacionales de M\u00fasica, una asociaci\u00f3n que re\u00fane concursos de pa\u00edses de los cinco continentes entre los que se encuentran las competiciones internacionales de m\u00fasica m\u00e1s prestigiosas de todo el mundo.<\/p>\n\n\n\n<p>Por su parte, la directora art\u00edstica del Concurso y Festival Iturbi, Ana Guijarro, espera que esta sea una \u201cmagn\u00edfica edici\u00f3n\u201d, y ha apuntado que la selecci\u00f3n de los participantes, as\u00ed como los pianistas que quedan en reserva, \u201cha sido muy dif\u00edcil debido al alto nivel alcanzado\u201d. Asimismo, ha resaltado la edad de los pianistas con relaci\u00f3n a la anterior edici\u00f3n, \u201calgunos de ellos son muy j\u00f3venes\u201d, destaca.<\/p>\n\n\n\n<p><strong>Participantes<\/strong><\/p>\n\n\n\n<p>El Comit\u00e9 T\u00e9cnico de Preselecci\u00f3n del XXIII Concurso Internacional de Piano de Val\u00e8ncia Iturbi, despu\u00e9s de haber examinado la documentaci\u00f3n y las grabaciones de v\u00eddeo aportadas por las personas aspirantes ha aprobado ya el listado de personas admitidas para participar en la fase de concurso as\u00ed como la&nbsp;lista de reserva para la sustituci\u00f3n de aquellas personas admitidas que, antes del inicio de la fase de concurso, renuncien a la participaci\u00f3n.<\/p>\n\n\n\n<p>El Comit\u00e9 T\u00e9cnico de Preselecci\u00f3n de los concursantes est\u00e1 compuesto por Ana Guijarro (presidenta), \u00c1ngel Sanzo y Carles Mar\u00edn; y el jurado de la competici\u00f3n, presidido por Ach\u00facarro, estar\u00e1 formado por Catherine d\u2019Argoubet, Janina Fialkowska, Ana Guijarro, Paul Hughes, Jorge Luis Prats, Nicola Sani, Didier Schnorhk y Nicolai Demidenko, personas relevantes en el panorama musical nacional e internacional que evaluar\u00e1n a los pianistas seleccionados.&nbsp;<\/p>\n\n\n\n<p>La primera fase contar\u00e1 con los 22 int\u00e9rpretes que han superado la preselecci\u00f3n, la segunda con 10, la final con 6 y la Gran Final con 3. En las dos \u00faltimas pruebas, los concursantes actuar\u00e1n junto con la Orquestra de Val\u00e8ncia, formaci\u00f3n titular del Palau de la M\u00fasica. En la final podr\u00e1n optar entre uno de los cinco conciertos para piano y orquesta de Beethoven; y en la Gran Final deber\u00e1n abordar un concierto para piano y orquesta de entre los designados por la organizaci\u00f3n y de compositores como Fr\u00e9d\u00e9ric Chopin, Franz Liszt, Robert Schumann, Johannes Brahms, Piotr Ilich Chaikovski, Sergu\u00e9i Rajm\u00e1ninov, Joaqu\u00edn Rodrigo y Manuel Palau, entre otros.&nbsp;<\/p>\n","protected":false},"excerpt":{"rendered":"<div class=\"mh-excerpt\">Joaqu\u00edn Ach\u00facarro, presidente del jurado: \u201cNuestro Concurso Iturbi ha batido su r\u00e9cord, esta vez han sido 200 los v\u00eddeos recibidos de 200 pianistas\u00a0 procedentes de 40 pa\u00edses con un nivel tan alto que ha sido <a class=\"mh-excerpt-more\" href=\"https:\/\/www.tucomarca.com\/wordpress\/segunda\/el-premio-iturbi-de-piano-de-la-diputacio-registra-el-mayor-numero-de-solicitudes-de-su-historia\/\" title=\"El Premio Iturbi de piano de la Diputaci\u00f3 registra el mayor n\u00famero de solicitudes de su historia\">[+] <\/a><\/div>\n","protected":false},"author":12,"featured_media":252173,"comment_status":"open","ping_status":"open","sticky":false,"template":"","format":"standard","meta":{"footnotes":""},"categories":[4,66,72,7,3],"tags":[20938,11881,15855],"class_list":{"0":"post-252172","1":"post","2":"type-post","3":"status-publish","4":"format-standard","5":"has-post-thumbnail","7":"category-agenda","8":"category-musica","9":"category-sin-categorizar","10":"category-ocio-y-cultura","11":"category-seccion","12":"tag-la-diputacio-de-valencia","13":"tag-musica-2","14":"tag-ocio-y-cultura"},"_links":{"self":[{"href":"https:\/\/www.tucomarca.com\/wordpress\/segunda\/wp-json\/wp\/v2\/posts\/252172","targetHints":{"allow":["GET"]}}],"collection":[{"href":"https:\/\/www.tucomarca.com\/wordpress\/segunda\/wp-json\/wp\/v2\/posts"}],"about":[{"href":"https:\/\/www.tucomarca.com\/wordpress\/segunda\/wp-json\/wp\/v2\/types\/post"}],"author":[{"embeddable":true,"href":"https:\/\/www.tucomarca.com\/wordpress\/segunda\/wp-json\/wp\/v2\/users\/12"}],"replies":[{"embeddable":true,"href":"https:\/\/www.tucomarca.com\/wordpress\/segunda\/wp-json\/wp\/v2\/comments?post=252172"}],"version-history":[{"count":0,"href":"https:\/\/www.tucomarca.com\/wordpress\/segunda\/wp-json\/wp\/v2\/posts\/252172\/revisions"}],"wp:featuredmedia":[{"embeddable":true,"href":"https:\/\/www.tucomarca.com\/wordpress\/segunda\/wp-json\/wp\/v2\/media\/252173"}],"wp:attachment":[{"href":"https:\/\/www.tucomarca.com\/wordpress\/segunda\/wp-json\/wp\/v2\/media?parent=252172"}],"wp:term":[{"taxonomy":"category","embeddable":true,"href":"https:\/\/www.tucomarca.com\/wordpress\/segunda\/wp-json\/wp\/v2\/categories?post=252172"},{"taxonomy":"post_tag","embeddable":true,"href":"https:\/\/www.tucomarca.com\/wordpress\/segunda\/wp-json\/wp\/v2\/tags?post=252172"}],"curies":[{"name":"wp","href":"https:\/\/api.w.org\/{rel}","templated":true}]}}