{"id":252178,"date":"2025-01-29T09:00:00","date_gmt":"2025-01-29T08:00:00","guid":{"rendered":"https:\/\/www.tucomarca.com\/wordpress\/segunda\/?p=252178"},"modified":"2025-01-29T22:21:33","modified_gmt":"2025-01-29T21:21:33","slug":"pep-gimeno-y-la-diputacio-llenan-el-auditorio-de-la-font-den-carros-con-les-veus-secretes-de-la-musica-valenciana","status":"publish","type":"post","link":"https:\/\/www.tucomarca.com\/wordpress\/segunda\/pep-gimeno-y-la-diputacio-llenan-el-auditorio-de-la-font-den-carros-con-les-veus-secretes-de-la-musica-valenciana\/","title":{"rendered":"Pep Gimeno y la Diputaci\u00f3 llenan el Auditorio de la Font d\u2019En Carr\u00f2s con \u2018Les veus secretes\u2019 de la m\u00fasica valenciana"},"content":{"rendered":"\n<h3 class=\"wp-block-heading\"><strong>El espect\u00e1culo, impulsado por el \u00e1rea de Igualdad que dirige la vicepresidenta Natalia Enguix, tiene como objetivo destacar el papel que juegan las mujeres en la conservaci\u00f3n de la m\u00fasica tradicional valenciana<\/strong>.<\/h3>\n\n\n\n<p>&nbsp;Pep Gimeno&nbsp;<em>Botifarra<\/em> retomaba el pasado domingo a la Font d\u2019en Carr\u00f2s la gira \u2018Les veus secretes\u2019. El nuevo espect\u00e1culo impulsado por el \u00e1rea de Igualdad que dirige la vicepresidenta primera de la Diputaci\u00f3 de Val\u00e8ncia, Natalia Enguix, tiene como objetivo destacar el papel que juegan las mujeres en la conservaci\u00f3n de la m\u00fasica tradicional y la cultura valencianas.&nbsp;<\/p>\n\n\n\n<p>Alrededor de 255 personas llenaron al completo el auditorio de la Font d\u2019en Carr\u00f2s y recitaron con el cantaor algunas de las piezas destacadas del repertorio popular valenciano. Adem\u00e1s, durante el concierto se proyectaron videos que contextualizan las canciones interpretadas por Botifarra.<\/p>\n\n\n\n<p>La vicepresidenta Enguix explica que \u201ces un orgullo ver c\u00f3mo este espect\u00e1culo est\u00e1 recorriendo el territorio valenciano y comprobar la gran acogida que tiene cada actuaci\u00f3n. Es una clara demostraci\u00f3n de la importancia de la conservaci\u00f3n de nuestra cultura a trav\u00e9s de nuestras madres y abuelas. Gracias a ellas conservamos parte de nuestra m\u00fasica m\u00e1s tradicional y es justo reconocerlo\u201d, se\u00f1ala.<\/p>\n\n\n\n<p>El espect\u00e1culo \u2018Les veus secretes\u2019 est\u00e1 dividido en cuatro actos que, en palabras de Pep Gimeno&nbsp;Botifarra&nbsp;durante la presentaci\u00f3n de la gira, \u201cpueden ser las estaciones, pero tambi\u00e9n el paso del tiempo\u201d. El cantaor expon\u00eda tambi\u00e9n que \u201cel acompa\u00f1amiento audiovisual ha sido un gran trabajo de Sombrero Films, con las voces de las mujeres, su presencia y testimonios de personas j\u00f3venes, herederas de esa tradici\u00f3n\u201d.<\/p>\n\n\n\n<p><br>El proyecto, que comenz\u00f3 la gira el pasado 14 de diciembre en el Auditorio de Olocau, ha visitado ya Bicorp, Massalfassar, Tur\u00eds y Aielo de Malferit. La programaci\u00f3n se retomara<br>en el centro cultural Mario&nbsp;Monreal&nbsp;de Sagunto, el s\u00e1bado 8 de febrero; continuar\u00e1 en el Auditorio&nbsp;Monterrey&nbsp;de La Pobla Llarga, el viernes 14; y en el centro cultural Papa Calixto III de Canals, el viernes 28. La ruta musical de Pep Gimeno y la Diputaci\u00f3n seguir\u00e1 el s\u00e1bado 1 de marzo en la Casa de la Cultura de Albalat de la Ribera; el domingo 9 de marzo en el Cine Teatro Ricardo&nbsp;Cebolla&nbsp;de Corbera; el viernes 21 de marzo en la casa de cultura Alcalde Jos\u00e9 Blay Esp\u00ed del Real de Gandia; y el viernes 28 de marzo en el Centro C\u00edvico de Barxeta.<\/p>\n\n\n\n<figure class=\"wp-block-image size-large\"><img loading=\"lazy\" decoding=\"async\" width=\"1024\" height=\"772\" src=\"https:\/\/www.tucomarca.com\/wordpress\/segunda\/wp-content\/uploads\/2025\/01\/FontDenCarros1-1024x772.jpeg\" alt=\"\" class=\"wp-image-252179\" srcset=\"https:\/\/www.tucomarca.com\/wordpress\/segunda\/wp-content\/uploads\/2025\/01\/FontDenCarros1-1024x772.jpeg 1024w, https:\/\/www.tucomarca.com\/wordpress\/segunda\/wp-content\/uploads\/2025\/01\/FontDenCarros1-300x226.jpeg 300w, https:\/\/www.tucomarca.com\/wordpress\/segunda\/wp-content\/uploads\/2025\/01\/FontDenCarros1-768x579.jpeg 768w, https:\/\/www.tucomarca.com\/wordpress\/segunda\/wp-content\/uploads\/2025\/01\/FontDenCarros1-326x245.jpeg 326w, https:\/\/www.tucomarca.com\/wordpress\/segunda\/wp-content\/uploads\/2025\/01\/FontDenCarros1-80x60.jpeg 80w, https:\/\/www.tucomarca.com\/wordpress\/segunda\/wp-content\/uploads\/2025\/01\/FontDenCarros1.jpeg 1440w\" sizes=\"auto, (max-width: 1024px) 100vw, 1024px\" \/><\/figure>\n","protected":false},"excerpt":{"rendered":"<div class=\"mh-excerpt\">El espect\u00e1culo, impulsado por el \u00e1rea de Igualdad que dirige la vicepresidenta Natalia Enguix, tiene como objetivo destacar el papel que juegan las mujeres en la conservaci\u00f3n de la m\u00fasica tradicional valenciana. &nbsp;Pep Gimeno&nbsp;Botifarra retomaba <a class=\"mh-excerpt-more\" href=\"https:\/\/www.tucomarca.com\/wordpress\/segunda\/pep-gimeno-y-la-diputacio-llenan-el-auditorio-de-la-font-den-carros-con-les-veus-secretes-de-la-musica-valenciana\/\" title=\"Pep Gimeno y la Diputaci\u00f3 llenan el Auditorio de la Font d\u2019En Carr\u00f2s con \u2018Les veus secretes\u2019 de la m\u00fasica valenciana\">[+] <\/a><\/div>\n","protected":false},"author":12,"featured_media":252181,"comment_status":"open","ping_status":"open","sticky":false,"template":"","format":"standard","meta":{"footnotes":""},"categories":[20540,72,20455,7,3],"tags":[20808,20938,21083,15855],"class_list":{"0":"post-252178","1":"post","2":"type-post","3":"status-publish","4":"format-standard","5":"has-post-thumbnail","7":"category-igualdad-y-diversidad","8":"category-sin-categorizar","9":"category-la-diputacio-de-valencia-informa","10":"category-ocio-y-cultura","11":"category-seccion","12":"tag-diversidad-e-igualdad","13":"tag-la-diputacio-de-valencia","14":"tag-la-diputacio-en-las-comarcas","15":"tag-ocio-y-cultura"},"_links":{"self":[{"href":"https:\/\/www.tucomarca.com\/wordpress\/segunda\/wp-json\/wp\/v2\/posts\/252178","targetHints":{"allow":["GET"]}}],"collection":[{"href":"https:\/\/www.tucomarca.com\/wordpress\/segunda\/wp-json\/wp\/v2\/posts"}],"about":[{"href":"https:\/\/www.tucomarca.com\/wordpress\/segunda\/wp-json\/wp\/v2\/types\/post"}],"author":[{"embeddable":true,"href":"https:\/\/www.tucomarca.com\/wordpress\/segunda\/wp-json\/wp\/v2\/users\/12"}],"replies":[{"embeddable":true,"href":"https:\/\/www.tucomarca.com\/wordpress\/segunda\/wp-json\/wp\/v2\/comments?post=252178"}],"version-history":[{"count":0,"href":"https:\/\/www.tucomarca.com\/wordpress\/segunda\/wp-json\/wp\/v2\/posts\/252178\/revisions"}],"wp:featuredmedia":[{"embeddable":true,"href":"https:\/\/www.tucomarca.com\/wordpress\/segunda\/wp-json\/wp\/v2\/media\/252181"}],"wp:attachment":[{"href":"https:\/\/www.tucomarca.com\/wordpress\/segunda\/wp-json\/wp\/v2\/media?parent=252178"}],"wp:term":[{"taxonomy":"category","embeddable":true,"href":"https:\/\/www.tucomarca.com\/wordpress\/segunda\/wp-json\/wp\/v2\/categories?post=252178"},{"taxonomy":"post_tag","embeddable":true,"href":"https:\/\/www.tucomarca.com\/wordpress\/segunda\/wp-json\/wp\/v2\/tags?post=252178"}],"curies":[{"name":"wp","href":"https:\/\/api.w.org\/{rel}","templated":true}]}}