{"id":252212,"date":"2025-01-30T11:00:00","date_gmt":"2025-01-30T10:00:00","guid":{"rendered":"https:\/\/www.tucomarca.com\/wordpress\/segunda\/?p=252212"},"modified":"2025-01-30T11:05:51","modified_gmt":"2025-01-30T10:05:51","slug":"millares-celebra-este-sabado-la-festividad-de-su-patron-san-blas","status":"publish","type":"post","link":"https:\/\/www.tucomarca.com\/wordpress\/segunda\/millares-celebra-este-sabado-la-festividad-de-su-patron-san-blas\/","title":{"rendered":"Millares celebra este s\u00e1bado la festividad de su patr\u00f3n, San Blas"},"content":{"rendered":"\n<p>El municipio de Millares se prepara para honrar a su patr\u00f3n, San Blas, con una jornada repleta de actos tradicionales el pr\u00f3ximo 1 de febrero de 2025:<\/p>\n\n\n<div class=\"wp-block-image\">\n<figure class=\"alignleft size-full is-resized\"><img loading=\"lazy\" decoding=\"async\" width=\"679\" height=\"960\" src=\"https:\/\/www.tucomarca.com\/wordpress\/segunda\/wp-content\/uploads\/2025\/01\/SanBlasMillares.jpg\" alt=\"\" class=\"wp-image-252215\" style=\"width:416px;height:auto\" srcset=\"https:\/\/www.tucomarca.com\/wordpress\/segunda\/wp-content\/uploads\/2025\/01\/SanBlasMillares.jpg 679w, https:\/\/www.tucomarca.com\/wordpress\/segunda\/wp-content\/uploads\/2025\/01\/SanBlasMillares-212x300.jpg 212w\" sizes=\"auto, (max-width: 679px) 100vw, 679px\" \/><\/figure>\n<\/div>\n\n\n<p><strong>12:30 h:<\/strong> Disparo de las tradicionales salvas en honor a San Blas, seguido de una degustaci\u00f3n de productos t\u00edpicos en el CIM.<\/p>\n\n\n\n<p><strong>18:00 h:<\/strong> Misa en honor a San Blas y posterior procesi\u00f3n acompa\u00f1ada por la Uni\u00f3n Musical Millarense. Al finalizar, se repartir\u00e1 el tradicional rollo de San Blas.<\/p>\n\n\n\n<p>El evento es organizado por el Ayuntamiento de Millares y su concejal\u00eda de Fiestas, con la colaboraci\u00f3n de Carnicer\u00eda Mari, Casa Angelita y Horno Filiberto.<\/p>\n","protected":false},"excerpt":{"rendered":"<div class=\"mh-excerpt\">El municipio de Millares se prepara para honrar a su patr\u00f3n, San Blas, con una jornada repleta de actos tradicionales el pr\u00f3ximo 1 de febrero de 2025: 12:30 h: Disparo de las tradicionales salvas en <a class=\"mh-excerpt-more\" href=\"https:\/\/www.tucomarca.com\/wordpress\/segunda\/millares-celebra-este-sabado-la-festividad-de-su-patron-san-blas\/\" title=\"Millares celebra este s\u00e1bado la festividad de su patr\u00f3n, San Blas\">[+] <\/a><\/div>\n","protected":false},"author":12,"featured_media":252218,"comment_status":"open","ping_status":"open","sticky":false,"template":"","format":"standard","meta":{"footnotes":""},"categories":[4,70,8,71,7,3],"tags":[1452,10403,18749],"class_list":{"0":"post-252212","1":"post","2":"type-post","3":"status-publish","4":"format-standard","5":"has-post-thumbnail","7":"category-agenda","8":"category-la-canal-de-navarres","9":"category-la-comarca","10":"category-millares","11":"category-ocio-y-cultura","12":"category-seccion","13":"tag-la-canal-de-navarres-2","14":"tag-millares","15":"tag-san-blas"},"_links":{"self":[{"href":"https:\/\/www.tucomarca.com\/wordpress\/segunda\/wp-json\/wp\/v2\/posts\/252212","targetHints":{"allow":["GET"]}}],"collection":[{"href":"https:\/\/www.tucomarca.com\/wordpress\/segunda\/wp-json\/wp\/v2\/posts"}],"about":[{"href":"https:\/\/www.tucomarca.com\/wordpress\/segunda\/wp-json\/wp\/v2\/types\/post"}],"author":[{"embeddable":true,"href":"https:\/\/www.tucomarca.com\/wordpress\/segunda\/wp-json\/wp\/v2\/users\/12"}],"replies":[{"embeddable":true,"href":"https:\/\/www.tucomarca.com\/wordpress\/segunda\/wp-json\/wp\/v2\/comments?post=252212"}],"version-history":[{"count":0,"href":"https:\/\/www.tucomarca.com\/wordpress\/segunda\/wp-json\/wp\/v2\/posts\/252212\/revisions"}],"wp:featuredmedia":[{"embeddable":true,"href":"https:\/\/www.tucomarca.com\/wordpress\/segunda\/wp-json\/wp\/v2\/media\/252218"}],"wp:attachment":[{"href":"https:\/\/www.tucomarca.com\/wordpress\/segunda\/wp-json\/wp\/v2\/media?parent=252212"}],"wp:term":[{"taxonomy":"category","embeddable":true,"href":"https:\/\/www.tucomarca.com\/wordpress\/segunda\/wp-json\/wp\/v2\/categories?post=252212"},{"taxonomy":"post_tag","embeddable":true,"href":"https:\/\/www.tucomarca.com\/wordpress\/segunda\/wp-json\/wp\/v2\/tags?post=252212"}],"curies":[{"name":"wp","href":"https:\/\/api.w.org\/{rel}","templated":true}]}}