{"id":252226,"date":"2025-01-30T09:15:00","date_gmt":"2025-01-30T08:15:00","guid":{"rendered":"https:\/\/www.tucomarca.com\/wordpress\/segunda\/?p=252226"},"modified":"2025-01-30T18:21:20","modified_gmt":"2025-01-30T17:21:20","slug":"bunol-actua-presenta-una-variada-agenda-cultural-para-este-mes-de-febrero","status":"publish","type":"post","link":"https:\/\/www.tucomarca.com\/wordpress\/segunda\/bunol-actua-presenta-una-variada-agenda-cultural-para-este-mes-de-febrero\/","title":{"rendered":"Bu\u00f1ol Act\u00faa presenta una variada agenda cultural para este mes de febrero"},"content":{"rendered":"\n<p>El municipio de Bu\u00f1ol ofrece un mes lleno de eventos culturales y festivos para todos los p\u00fablicos, con presentaciones de libros, teatro, m\u00fasica y celebraciones tradicionales.<\/p>\n\n\n<div class=\"wp-block-image\">\n<figure class=\"alignleft size-large is-resized\"><img loading=\"lazy\" decoding=\"async\" width=\"705\" height=\"1024\" src=\"https:\/\/www.tucomarca.com\/wordpress\/segunda\/wp-content\/uploads\/2025\/01\/BunolActuaFeb25-705x1024.jpg\" alt=\"\" class=\"wp-image-252228\" style=\"width:367px;height:auto\" srcset=\"https:\/\/www.tucomarca.com\/wordpress\/segunda\/wp-content\/uploads\/2025\/01\/BunolActuaFeb25-705x1024.jpg 705w, https:\/\/www.tucomarca.com\/wordpress\/segunda\/wp-content\/uploads\/2025\/01\/BunolActuaFeb25-207x300.jpg 207w, https:\/\/www.tucomarca.com\/wordpress\/segunda\/wp-content\/uploads\/2025\/01\/BunolActuaFeb25-768x1115.jpg 768w, https:\/\/www.tucomarca.com\/wordpress\/segunda\/wp-content\/uploads\/2025\/01\/BunolActuaFeb25-1058x1536.jpg 1058w, https:\/\/www.tucomarca.com\/wordpress\/segunda\/wp-content\/uploads\/2025\/01\/BunolActuaFeb25-1410x2048.jpg 1410w, https:\/\/www.tucomarca.com\/wordpress\/segunda\/wp-content\/uploads\/2025\/01\/BunolActuaFeb25-scaled.jpg 1763w\" sizes=\"auto, (max-width: 705px) 100vw, 705px\" \/><\/figure>\n<\/div>\n\n\n<p><strong>Literatura<\/strong><\/p>\n\n\n\n<p><strong>7 de febrero, 19:00 h:<\/strong> Silvia S\u00e1ez presentar\u00e1 su libro <em>La Teor\u00eda de la Conexi\u00f3n<\/em> en la Sala \u00abEl Mercado\u00bb, con la participaci\u00f3n del escritor M\u00e1ximo Huerta y la actuaci\u00f3n de la cantante Daniela Gin\u00e9s.<\/p>\n\n\n\n<p><strong>14 de febrero, 19:00 h:<\/strong> Presentaci\u00f3n de la revista N.\u00ba 17 del I.E.C y de los premios de investigaci\u00f3n comarcal 2023 en la Sala Raga.<\/p>\n\n\n\n<p><strong>21 de febrero, 19:00 h:<\/strong> Ana Noguera y Emi Zan\u00f3n presentar\u00e1n el libro <em>Un p\u00e1jaro bajo el mar<\/em>, acompa\u00f1ado de m\u00fasica por Mayte Abargues.<\/p>\n\n\n\n<p><strong>28 de febrero, 18:00 h:<\/strong> Club de lectura con el libro <em>El lunes nos querr\u00e1n<\/em> de Najat El Hachmi.<\/p>\n\n\n\n<p><strong>Teatro<\/strong><\/p>\n\n\n\n<p><strong>20 de febrero, 20:00 h:<\/strong> Espect\u00e1culo teatral <em>Yo Soy 451<\/em>, con Xavo Gim\u00e9nez, en la Sala \u00abEl Mercado\u00bb. Aforo limitado a 70 personas, con entrada de 10 euros.<\/p>\n\n\n\n<p><strong>M\u00fasica<\/strong><\/p>\n\n\n\n<p><strong>1 de marzo, 19:00 h:<\/strong> Concierto de invierno de la Banda Sinf\u00f3nica del C.I.M. La Arm\u00f3nica en el Palacio de la M\u00fasica.<\/p>\n\n\n\n<p><strong>Carnavales<\/strong><\/p>\n\n\n\n<p><strong>28 de febrero, 11:00 h:<\/strong> Desfile de carnaval escolar de los colegios p\u00fablicos de Bu\u00f1ol, animado por batucada y m\u00fasica.<\/p>\n\n\n\n<p><strong>16:00 h:<\/strong> Baile y charanga en la Plaza de Las Ventas, incluyendo desfile de alumnos de la Escuela Municipal Infantil y la guarder\u00eda Virgen del Carmen.<\/p>\n\n\n\n<p><strong>Fallas 2025<\/strong><\/p>\n\n\n\n<p>El Teatro Montecarlo acoger\u00e1 las presentaciones falleras de las distintas comisiones locales:<\/p>\n\n\n\n<p><strong>1 de febrero:<\/strong> Falla Reyes Cat\u00f3licos y Adyacentes (18:30 h).<\/p>\n\n\n\n<p><strong>8 de febrero:<\/strong> Falla El Prado (18:30 h).<\/p>\n\n\n\n<p><strong>15 de febrero:<\/strong> Falla Bu\u00f1ol Pueblo (18:30 h).<\/p>\n\n\n\n<p><strong>22 de febrero:<\/strong> Falla Ventas (18:30 h).<\/p>\n\n\n\n<p>Esta programaci\u00f3n, organizada por el Ayuntamiento de Bu\u00f1ol en colaboraci\u00f3n con la Diputaci\u00f3n de Valencia y la Generalitat, invita a disfrutar de un mes repleto de cultura, tradici\u00f3n y entretenimiento.<\/p>\n","protected":false},"excerpt":{"rendered":"<div class=\"mh-excerpt\">El municipio de Bu\u00f1ol ofrece un mes lleno de eventos culturales y festivos para todos los p\u00fablicos, con presentaciones de libros, teatro, m\u00fasica y celebraciones tradicionales. Literatura 7 de febrero, 19:00 h: Silvia S\u00e1ez presentar\u00e1 <a class=\"mh-excerpt-more\" href=\"https:\/\/www.tucomarca.com\/wordpress\/segunda\/bunol-actua-presenta-una-variada-agenda-cultural-para-este-mes-de-febrero\/\" title=\"Bu\u00f1ol Act\u00faa presenta una variada agenda cultural para este mes de febrero\">[+] <\/a><\/div>\n","protected":false},"author":12,"featured_media":252228,"comment_status":"open","ping_status":"open","sticky":false,"template":"","format":"standard","meta":{"footnotes":""},"categories":[4,18,10,7,3],"tags":[13227,10385,14721,6935,5952],"class_list":{"0":"post-252226","1":"post","2":"type-post","3":"status-publish","4":"format-standard","5":"has-post-thumbnail","7":"category-agenda","8":"category-bunol","9":"category-la-hoya","10":"category-ocio-y-cultura","11":"category-seccion","12":"tag-agenda-cultural","13":"tag-bunol","14":"tag-bunol-actua","15":"tag-febrero","16":"tag-la-hoya-de-bunol-chiva"},"_links":{"self":[{"href":"https:\/\/www.tucomarca.com\/wordpress\/segunda\/wp-json\/wp\/v2\/posts\/252226","targetHints":{"allow":["GET"]}}],"collection":[{"href":"https:\/\/www.tucomarca.com\/wordpress\/segunda\/wp-json\/wp\/v2\/posts"}],"about":[{"href":"https:\/\/www.tucomarca.com\/wordpress\/segunda\/wp-json\/wp\/v2\/types\/post"}],"author":[{"embeddable":true,"href":"https:\/\/www.tucomarca.com\/wordpress\/segunda\/wp-json\/wp\/v2\/users\/12"}],"replies":[{"embeddable":true,"href":"https:\/\/www.tucomarca.com\/wordpress\/segunda\/wp-json\/wp\/v2\/comments?post=252226"}],"version-history":[{"count":0,"href":"https:\/\/www.tucomarca.com\/wordpress\/segunda\/wp-json\/wp\/v2\/posts\/252226\/revisions"}],"wp:featuredmedia":[{"embeddable":true,"href":"https:\/\/www.tucomarca.com\/wordpress\/segunda\/wp-json\/wp\/v2\/media\/252228"}],"wp:attachment":[{"href":"https:\/\/www.tucomarca.com\/wordpress\/segunda\/wp-json\/wp\/v2\/media?parent=252226"}],"wp:term":[{"taxonomy":"category","embeddable":true,"href":"https:\/\/www.tucomarca.com\/wordpress\/segunda\/wp-json\/wp\/v2\/categories?post=252226"},{"taxonomy":"post_tag","embeddable":true,"href":"https:\/\/www.tucomarca.com\/wordpress\/segunda\/wp-json\/wp\/v2\/tags?post=252226"}],"curies":[{"name":"wp","href":"https:\/\/api.w.org\/{rel}","templated":true}]}}