{"id":252236,"date":"2025-01-30T11:05:00","date_gmt":"2025-01-30T10:05:00","guid":{"rendered":"https:\/\/www.tucomarca.com\/wordpress\/segunda\/?p=252236"},"modified":"2025-01-30T18:27:58","modified_gmt":"2025-01-30T17:27:58","slug":"silvia-saez-presenta-su-nueva-novela-la-teoria-de-la-conexion-el-7-de-febrero-en-bunol","status":"publish","type":"post","link":"https:\/\/www.tucomarca.com\/wordpress\/segunda\/silvia-saez-presenta-su-nueva-novela-la-teoria-de-la-conexion-el-7-de-febrero-en-bunol\/","title":{"rendered":"Silvia S\u00e1ez presenta su nueva novela, &#8216;La Teor\u00eda de la Conexi\u00f3n&#8217;, el 7 de febrero en Bu\u00f1ol"},"content":{"rendered":"\n<p>La joven escritora bu\u00f1olense Silvia S\u00e1ez Espert presenta el pr\u00f3ximo viernes, 7 de febrero, a las 19,00 horas, su nuevo novela <em>La Teor\u00eda de la Conexi\u00f3n<\/em> en la Sala El Mercado de Bu\u00f1ol.<\/p>\n\n\n\n<p>El acto contar\u00e1 con la participaci\u00f3n del reconocido escritor M\u00e1ximo Huerta y la actuaci\u00f3n musical de la cantante Daniela Gin\u00e9s.<\/p>\n\n\n\n<p>Una oportunidad \u00fanica para disfrutar de la literatura y la m\u00fasica en una tarde cultural inolvidable.<\/p>\n","protected":false},"excerpt":{"rendered":"<div class=\"mh-excerpt\">La joven escritora bu\u00f1olense Silvia S\u00e1ez Espert presenta el pr\u00f3ximo viernes, 7 de febrero, a las 19,00 horas, su nuevo novela La Teor\u00eda de la Conexi\u00f3n en la Sala El Mercado de Bu\u00f1ol. El acto <a class=\"mh-excerpt-more\" href=\"https:\/\/www.tucomarca.com\/wordpress\/segunda\/silvia-saez-presenta-su-nueva-novela-la-teoria-de-la-conexion-el-7-de-febrero-en-bunol\/\" title=\"Silvia S\u00e1ez presenta su nueva novela, &#8216;La Teor\u00eda de la Conexi\u00f3n&#8217;, el 7 de febrero en Bu\u00f1ol\">[+] <\/a><\/div>\n","protected":false},"author":12,"featured_media":252239,"comment_status":"open","ping_status":"open","sticky":false,"template":"","format":"standard","meta":{"footnotes":""},"categories":[4,18,10,7,3],"tags":[10385,5952,17032],"class_list":{"0":"post-252236","1":"post","2":"type-post","3":"status-publish","4":"format-standard","5":"has-post-thumbnail","7":"category-agenda","8":"category-bunol","9":"category-la-hoya","10":"category-ocio-y-cultura","11":"category-seccion","12":"tag-bunol","13":"tag-la-hoya-de-bunol-chiva","14":"tag-silvia-saez"},"_links":{"self":[{"href":"https:\/\/www.tucomarca.com\/wordpress\/segunda\/wp-json\/wp\/v2\/posts\/252236","targetHints":{"allow":["GET"]}}],"collection":[{"href":"https:\/\/www.tucomarca.com\/wordpress\/segunda\/wp-json\/wp\/v2\/posts"}],"about":[{"href":"https:\/\/www.tucomarca.com\/wordpress\/segunda\/wp-json\/wp\/v2\/types\/post"}],"author":[{"embeddable":true,"href":"https:\/\/www.tucomarca.com\/wordpress\/segunda\/wp-json\/wp\/v2\/users\/12"}],"replies":[{"embeddable":true,"href":"https:\/\/www.tucomarca.com\/wordpress\/segunda\/wp-json\/wp\/v2\/comments?post=252236"}],"version-history":[{"count":0,"href":"https:\/\/www.tucomarca.com\/wordpress\/segunda\/wp-json\/wp\/v2\/posts\/252236\/revisions"}],"wp:featuredmedia":[{"embeddable":true,"href":"https:\/\/www.tucomarca.com\/wordpress\/segunda\/wp-json\/wp\/v2\/media\/252239"}],"wp:attachment":[{"href":"https:\/\/www.tucomarca.com\/wordpress\/segunda\/wp-json\/wp\/v2\/media?parent=252236"}],"wp:term":[{"taxonomy":"category","embeddable":true,"href":"https:\/\/www.tucomarca.com\/wordpress\/segunda\/wp-json\/wp\/v2\/categories?post=252236"},{"taxonomy":"post_tag","embeddable":true,"href":"https:\/\/www.tucomarca.com\/wordpress\/segunda\/wp-json\/wp\/v2\/tags?post=252236"}],"curies":[{"name":"wp","href":"https:\/\/api.w.org\/{rel}","templated":true}]}}