{"id":252243,"date":"2025-01-30T09:00:00","date_gmt":"2025-01-30T08:00:00","guid":{"rendered":"https:\/\/www.tucomarca.com\/wordpress\/segunda\/?p=252243"},"modified":"2025-01-30T18:18:08","modified_gmt":"2025-01-30T17:18:08","slug":"la-beneficencia-acoge-un-concierto-benefico-de-piano-a-favor-de-los-conservatorios-de-utiel-y-catarroja-afectados-por-la-dana","status":"publish","type":"post","link":"https:\/\/www.tucomarca.com\/wordpress\/segunda\/la-beneficencia-acoge-un-concierto-benefico-de-piano-a-favor-de-los-conservatorios-de-utiel-y-catarroja-afectados-por-la-dana\/","title":{"rendered":"La Benefic\u00e8ncia acoge un concierto ben\u00e9fico de piano a favor de los conservatorios de Utiel y Catarroja afectados por la DANA"},"content":{"rendered":"\n<h3 class=\"wp-block-heading\"><strong>La Diputaci\u00f3 de Val\u00e8ncia colabora en la organizaci\u00f3n del recital que tendr\u00e1 lugar este viernes 31 de enero, a las 19,30 horas, en la Sala Alfons el Magn\u00e0nim del Centre Cultural la Benefic\u00e8ncia<\/strong>.<\/h3>\n\n\n\n<h3 class=\"wp-block-heading\"><strong>Kawai Espa\u00f1a y Clemente Pianos, organizadores del evento, destinar\u00e1n los fondos recaudados a reparar los da\u00f1os que ocasion\u00f3 la riada en los conservatorios profesionales de m\u00fasica de Catarroja y de Utiel<\/strong>.<\/h3>\n\n\n<div class=\"wp-block-image\">\n<figure class=\"alignleft size-large is-resized\"><img loading=\"lazy\" decoding=\"async\" width=\"725\" height=\"1024\" src=\"https:\/\/www.tucomarca.com\/wordpress\/segunda\/wp-content\/uploads\/2025\/01\/Cartel-piano-cristal-725x1024.jpeg\" alt=\"\" class=\"wp-image-252246\" style=\"width:413px;height:auto\" srcset=\"https:\/\/www.tucomarca.com\/wordpress\/segunda\/wp-content\/uploads\/2025\/01\/Cartel-piano-cristal-725x1024.jpeg 725w, https:\/\/www.tucomarca.com\/wordpress\/segunda\/wp-content\/uploads\/2025\/01\/Cartel-piano-cristal-212x300.jpeg 212w, https:\/\/www.tucomarca.com\/wordpress\/segunda\/wp-content\/uploads\/2025\/01\/Cartel-piano-cristal-768x1085.jpeg 768w, https:\/\/www.tucomarca.com\/wordpress\/segunda\/wp-content\/uploads\/2025\/01\/Cartel-piano-cristal.jpeg 906w\" sizes=\"auto, (max-width: 725px) 100vw, 725px\" \/><\/figure>\n<\/div>\n\n\n<p>La Diputaci\u00f3 de Val\u00e8ncia acoge este viernes, 31 de enero, en el Centre Cultural la Benefic\u00e8ncia un concierto ben\u00e9fico de piano en favor de dos conservatorios de m\u00fasica de la provincia que se vieron afectados por la dana. El \u00e1rea de Cultura que dirige el diputado Paco Teruel, colabora con los organizadores del recital, Kawai Espa\u00f1a y Clemente Pianos S.L., que destinar\u00e1n los fondos recaudados a reparar los da\u00f1os que ocasion\u00f3 la riada en los conservatorios profesionales de m\u00fasica Jos\u00e9 Manuel Izquierdo de Catarroja, y en el de Utiel.<\/p>\n\n\n\n<p>El concierto ben\u00e9fico tiene lugar este viernes, a las 19:30 horas, en la Sala Alfons el Magn\u00e0nim del Centre Cultural la Benefic\u00e8ncia, propiedad de la Diputaci\u00f3n, y las entradas pueden recogerse, hasta agotar existencias, en el vest\u00edbulo principal de la Benefic\u00e8ncia. Los asistentes disfrutar\u00e1n del recital que correr\u00e1 a cargo del pianista flamenco Andr\u00e9s Barrios, a los mandos del piano Gran Kawai cristal CR-1M.<\/p>\n\n\n\n<p>\u201cEste concierto ben\u00e9fico tiene una doble finalidad, por un lado, la l\u00f3gica promoci\u00f3n cultural que tiene un evento de este tipo con la participaci\u00f3n de un gran artista; y por otro, de manera especial, queremos que sirva para contribuir a la reparaci\u00f3n de los da\u00f1os y al retorno a la normalidad de la actividad de los conservatorios de m\u00fasica de Catarroja y de Utiel, que tuvieron que interrumpir sus clases debido a los graves da\u00f1os que les caus\u00f3 el temporal\u201d, ha manifestado el diputado de Cultura de la Diputaci\u00f3n, Paco Teruel.<\/p>\n\n\n\n<p>Kawai Espa\u00f1a y Clemente Pianos S.L. recaudar\u00e1n los donativos voluntarios que se depositen en una urna el d\u00eda del concierto. Tambi\u00e9n podr\u00e1n realizarse donativos a trav\u00e9s de una cuenta bancaria que permanecer\u00e1 abierta hasta el 7 de febrero.<\/p>\n\n\n\n<p><strong>El artista<\/strong><\/p>\n\n\n\n<p>Andr\u00e9s Barrios Navarro&nbsp;es un joven pianista de&nbsp;Utrera (Sevilla), que destaca por su estilo ecl\u00e9ctico y renovador. Presenta un flamenco del siglo XXI que acaricia los l\u00edmites con otras m\u00fasicas y estilos del mundo. Se trata de uno de los m\u00e1ximos exponentes de su generaci\u00f3n.<\/p>\n\n\n\n<p>Ha tocado en grandes escenarios y prestigiosos festivales tanto en Espa\u00f1a como en el extranjero.&nbsp;En 2016 edita su primer disco en directo \u2018Flamenco vivo\u2019. Dos a\u00f1os m\u00e1s tarde participa en el&nbsp;Festival Internacional del Cante de Las Minas&nbsp;y obtiene el&nbsp;premio Fil\u00f3n al Mejor Instrumentista. En 2019 publica su primer disco de estudio:&nbsp;\u2018Al sur del jazz\u2019. En \u00e9l se recogen once temas compuestos por el mismo Andr\u00e9s y cuenta con colaboraciones tan prestigiosas como las de&nbsp;Arc\u00e1ngel, Roc\u00edo M\u00e1rquez, Sandra Carrasco o Manuel Machado.<\/p>\n\n\n\n<p>En 2020 presenta&nbsp;en la&nbsp;Bienal de Flamenco de Sevilla&nbsp;su&nbsp;\u2018Universo Lorca\u2019, una visi\u00f3n renovada y particular de las canciones populares que Federico rescat\u00f3. Ya en 2024 estrena con orquesta su tema&nbsp;Ecdysis&nbsp;en el&nbsp;Auditorio Nacional de Madrid. Ese mismo a\u00f1o lanza nuevo \u00e1lbum&nbsp;\u2018De Barrios a Lorca: rapsodia de canciones populares\u2019, una visi\u00f3n renovada y actual de las canciones populares que Garc\u00eda Lorca y Argentinita rescataron.<\/p>\n\n\n\n<p>Por \u00faltimo, el pasado mes de octubre sale a la luz su \u00e1lbum&nbsp;\u2018KM.0\u2019, un&nbsp;viaje exterior por&nbsp;Utrera, Jerez, Huelva, C\u00e1diz o M\u00e1laga, que coquetea con otras m\u00fasicas del mundo. Pero tambi\u00e9n contiene otro&nbsp;viaje interior, una b\u00fasqueda de nuevos horizontes,&nbsp;una transformaci\u00f3n musical y personal. En \u00e9l colaboran figuras de la talla de&nbsp;Estrella Morente, Pedro el Grana\u00edno&nbsp;o el violinista jordano&nbsp;Layth Sidiq. Es un disco basado en distintos palos flamencos, pero con un punto de vista muy personal, plasmando vivencias de su Utrera natal, donde el flamenco y su evoluci\u00f3n son piedra angular.<\/p>\n","protected":false},"excerpt":{"rendered":"<div class=\"mh-excerpt\">La Diputaci\u00f3 de Val\u00e8ncia colabora en la organizaci\u00f3n del recital que tendr\u00e1 lugar este viernes 31 de enero, a las 19,30 horas, en la Sala Alfons el Magn\u00e0nim del Centre Cultural la Benefic\u00e8ncia. Kawai Espa\u00f1a <a class=\"mh-excerpt-more\" href=\"https:\/\/www.tucomarca.com\/wordpress\/segunda\/la-beneficencia-acoge-un-concierto-benefico-de-piano-a-favor-de-los-conservatorios-de-utiel-y-catarroja-afectados-por-la-dana\/\" title=\"La Benefic\u00e8ncia acoge un concierto ben\u00e9fico de piano a favor de los conservatorios de Utiel y Catarroja afectados por la DANA\">[+] <\/a><\/div>\n","protected":false},"author":13,"featured_media":252244,"comment_status":"open","ping_status":"open","sticky":false,"template":"","format":"standard","meta":{"footnotes":""},"categories":[4,66,21465,8,72,7,27,3,29],"tags":[12831,2142,20938,11881],"class_list":{"0":"post-252243","1":"post","2":"type-post","3":"status-publish","4":"format-standard","5":"has-post-thumbnail","7":"category-agenda","8":"category-musica","9":"category-dana","10":"category-la-comarca","11":"category-sin-categorizar","12":"category-ocio-y-cultura","13":"category-requena-utiel","14":"category-seccion","15":"category-utiel","16":"tag-dana-2","17":"tag-la-comunitat","18":"tag-la-diputacio-de-valencia","19":"tag-musica-2"},"_links":{"self":[{"href":"https:\/\/www.tucomarca.com\/wordpress\/segunda\/wp-json\/wp\/v2\/posts\/252243","targetHints":{"allow":["GET"]}}],"collection":[{"href":"https:\/\/www.tucomarca.com\/wordpress\/segunda\/wp-json\/wp\/v2\/posts"}],"about":[{"href":"https:\/\/www.tucomarca.com\/wordpress\/segunda\/wp-json\/wp\/v2\/types\/post"}],"author":[{"embeddable":true,"href":"https:\/\/www.tucomarca.com\/wordpress\/segunda\/wp-json\/wp\/v2\/users\/13"}],"replies":[{"embeddable":true,"href":"https:\/\/www.tucomarca.com\/wordpress\/segunda\/wp-json\/wp\/v2\/comments?post=252243"}],"version-history":[{"count":0,"href":"https:\/\/www.tucomarca.com\/wordpress\/segunda\/wp-json\/wp\/v2\/posts\/252243\/revisions"}],"wp:featuredmedia":[{"embeddable":true,"href":"https:\/\/www.tucomarca.com\/wordpress\/segunda\/wp-json\/wp\/v2\/media\/252244"}],"wp:attachment":[{"href":"https:\/\/www.tucomarca.com\/wordpress\/segunda\/wp-json\/wp\/v2\/media?parent=252243"}],"wp:term":[{"taxonomy":"category","embeddable":true,"href":"https:\/\/www.tucomarca.com\/wordpress\/segunda\/wp-json\/wp\/v2\/categories?post=252243"},{"taxonomy":"post_tag","embeddable":true,"href":"https:\/\/www.tucomarca.com\/wordpress\/segunda\/wp-json\/wp\/v2\/tags?post=252243"}],"curies":[{"name":"wp","href":"https:\/\/api.w.org\/{rel}","templated":true}]}}