{"id":252252,"date":"2025-01-30T10:00:00","date_gmt":"2025-01-30T09:00:00","guid":{"rendered":"https:\/\/www.tucomarca.com\/wordpress\/segunda\/?p=252252"},"modified":"2025-01-30T18:33:18","modified_gmt":"2025-01-30T17:33:18","slug":"utiel-abre-el-plazo-para-solicitar-las-ayudas-de-la-fundacion-amancio-ortega-para-personas-damnificadas-por-la-dana","status":"publish","type":"post","link":"https:\/\/www.tucomarca.com\/wordpress\/segunda\/utiel-abre-el-plazo-para-solicitar-las-ayudas-de-la-fundacion-amancio-ortega-para-personas-damnificadas-por-la-dana\/","title":{"rendered":"Utiel abre el plazo para solicitar las ayudas de la Fundaci\u00f3n Amancio Ortega\u00a0 para personas damnificadas por la DANA"},"content":{"rendered":"\n<h3 class=\"wp-block-heading\"><strong>Plazo de presentaci\u00f3n de solicitudes y alegaciones al listado de viviendas y veh\u00edculos afectados : Del 31 de enero al 13 de febrero de 2025<\/strong>.<\/h3>\n\n\n\n<h3 class=\"wp-block-heading\"><strong>En SAIC (Cita previa) o a trav\u00e9s de la Sede Electr\u00f3nica del Ayuntamiento de Utiel<\/strong>.<\/h3>\n\n\n\n<p>El Ayuntamiento de Utiel comunica que ma\u00f1ana, 31 de enero, se abre el plazo para presentar solicitudes a las ayudas de la Fundaci\u00f3n Amancio Ortega dirigidas a personas damnificadas por la DANA residentes en Utiel cuyo importe total asciende a 3.400.000 euros.&nbsp;<\/p>\n\n\n\n<p>Las ayudas se han estructurado en tres l\u00edneas dirigidas a personas f\u00edsicas mayores de edad empadronadas en Utiel con el objeto de&nbsp; paliar los siguientes da\u00f1os :<\/p>\n\n\n\n<p>a) En&nbsp; vivienda habitual y en el mobiliario, enseres y\/o electrodom\u00e9sticos sitos en la misma. <\/p>\n\n\n\n<p>b) En veh\u00edculos de transporte de titularidad de uso privado o profesional, incluyendo motocicletas y ciclomotores.<\/p>\n\n\n\n<p>c) En locales comerciales en planta baja con actividad econ\u00f3mica dada de alta en el municipio Utiel.<\/p>\n\n\n\n<p><strong>Presentaci\u00f3n de solicitudes<\/strong><\/p>\n\n\n\n<p>Tras la publicaci\u00f3n hoy del anuncio oficial en el BOP (n\u00ba 20 \/ 30-01-2025) los afectados podr\u00e1n presentar sus solicitudes <strong>desde el 31 de enero y hasta el 13 de febrero de forma presencial&nbsp; en el Servicio de Atenci\u00f3n e Informaci\u00f3n al Ciudadano SAIC (previa cita<\/strong>)&nbsp; o a trav\u00e9s del tr\u00e1mite telem\u00e1tico habilitado al efecto en la <strong>Sede Electr\u00f3nica del Ayuntamiento de Utiel.<\/strong><\/p>\n\n\n\n<p>Del mismo modo, aquellos damnificados que no aparezcan en el listado p\u00fablico de viviendas y \/o veh\u00edculos afectados, podr\u00e1n solicitar su inclusi\u00f3n a trav\u00e9s de esta convocataoria en el mismo plazo.<\/p>\n\n\n\n<p><strong>Informaci\u00f3n y bases en www.utiel.es<\/strong><\/p>\n","protected":false},"excerpt":{"rendered":"<div class=\"mh-excerpt\">Plazo de presentaci\u00f3n de solicitudes y alegaciones al listado de viviendas y veh\u00edculos afectados : Del 31 de enero al 13 de febrero de 2025. En SAIC (Cita previa) o a trav\u00e9s de la Sede <a class=\"mh-excerpt-more\" href=\"https:\/\/www.tucomarca.com\/wordpress\/segunda\/utiel-abre-el-plazo-para-solicitar-las-ayudas-de-la-fundacion-amancio-ortega-para-personas-damnificadas-por-la-dana\/\" title=\"Utiel abre el plazo para solicitar las ayudas de la Fundaci\u00f3n Amancio Ortega\u00a0 para personas damnificadas por la DANA\">[+] <\/a><\/div>\n","protected":false},"author":13,"featured_media":243678,"comment_status":"open","ping_status":"open","sticky":false,"template":"","format":"standard","meta":{"footnotes":""},"categories":[21465,128,8,72,117,142,27,3,116,29,45],"tags":[12831,2142,10387,10389],"class_list":{"0":"post-252252","1":"post","2":"type-post","3":"status-publish","4":"format-standard","5":"has-post-thumbnail","7":"category-dana","8":"category-infraestructuras","9":"category-la-comarca","10":"category-sin-categorizar","11":"category-medio-ambiente-la-comarca","12":"category-politica-la-comarca","13":"category-requena-utiel","14":"category-seccion","15":"category-sucesos-la-comarca","16":"category-utiel","17":"category-ventana","18":"tag-dana-2","19":"tag-la-comunitat","20":"tag-requena-utiel","21":"tag-utiel"},"_links":{"self":[{"href":"https:\/\/www.tucomarca.com\/wordpress\/segunda\/wp-json\/wp\/v2\/posts\/252252","targetHints":{"allow":["GET"]}}],"collection":[{"href":"https:\/\/www.tucomarca.com\/wordpress\/segunda\/wp-json\/wp\/v2\/posts"}],"about":[{"href":"https:\/\/www.tucomarca.com\/wordpress\/segunda\/wp-json\/wp\/v2\/types\/post"}],"author":[{"embeddable":true,"href":"https:\/\/www.tucomarca.com\/wordpress\/segunda\/wp-json\/wp\/v2\/users\/13"}],"replies":[{"embeddable":true,"href":"https:\/\/www.tucomarca.com\/wordpress\/segunda\/wp-json\/wp\/v2\/comments?post=252252"}],"version-history":[{"count":0,"href":"https:\/\/www.tucomarca.com\/wordpress\/segunda\/wp-json\/wp\/v2\/posts\/252252\/revisions"}],"wp:featuredmedia":[{"embeddable":true,"href":"https:\/\/www.tucomarca.com\/wordpress\/segunda\/wp-json\/wp\/v2\/media\/243678"}],"wp:attachment":[{"href":"https:\/\/www.tucomarca.com\/wordpress\/segunda\/wp-json\/wp\/v2\/media?parent=252252"}],"wp:term":[{"taxonomy":"category","embeddable":true,"href":"https:\/\/www.tucomarca.com\/wordpress\/segunda\/wp-json\/wp\/v2\/categories?post=252252"},{"taxonomy":"post_tag","embeddable":true,"href":"https:\/\/www.tucomarca.com\/wordpress\/segunda\/wp-json\/wp\/v2\/tags?post=252252"}],"curies":[{"name":"wp","href":"https:\/\/api.w.org\/{rel}","templated":true}]}}