{"id":252273,"date":"2025-01-30T10:30:00","date_gmt":"2025-01-30T09:30:00","guid":{"rendered":"https:\/\/www.tucomarca.com\/wordpress\/segunda\/?p=252273"},"modified":"2025-01-30T18:36:23","modified_gmt":"2025-01-30T17:36:23","slug":"la-diputacion-aprueba-40-proyectos-del-pla-obert-con-mejoras-en-el-ciclo-del-agua-e-infraestructuras-de-18-municipios","status":"publish","type":"post","link":"https:\/\/www.tucomarca.com\/wordpress\/segunda\/la-diputacion-aprueba-40-proyectos-del-pla-obert-con-mejoras-en-el-ciclo-del-agua-e-infraestructuras-de-18-municipios\/","title":{"rendered":"La Diputaci\u00f3n aprueba 40 proyectos del Pla Obert con mejoras en el ciclo del agua e infraestructuras de 18 municipios"},"content":{"rendered":"\n<h3 class=\"wp-block-heading\"><strong>El noveno decreto del principal programa inversor de la corporaci\u00f3n da luz verde a las solicitudes de 33 ayuntamientos y una mancomunidad. Desde la puesta en marcha del plan se han invertido 37,5 millones en 255 proyectos<\/strong>.<\/h3>\n\n\n\n<h3 class=\"wp-block-heading\"><strong>La vicepresidenta primera, Nat\u00e0lia Enguix, destaca \u201cla responsabilidad de los alcaldes y alcaldesas al destinar las ayudas a obras necesarias como las del ciclo del agua, zonas verdes y deportivas y eficiencia energ\u00e9tica\u201d<\/strong>.<\/h3>\n\n\n\n<p>La Diputaci\u00f3 de Val\u00e8ncia ha aprobado un nuevo decreto del Pla Obert que da luz verde a 40 proyectos presentados por 33 municipios y una mancomunidad de 12 comarcas, con una inversi\u00f3n de 5.416.465 euros. La novena entrega del principal programa inversor de la Diputaci\u00f3n, con una dotaci\u00f3n cuatrienal de 350 millones de euros, \u201cincluye importantes actuaciones en materia de agua, eficiencia energ\u00e9tica, instalaciones deportivas y espacios verdes, lo que demuestra la responsabilidad de alcaldes y alcaldesas a la hora de destinar el dinero del plan a mejorar sus servicios e infraestructuras\u201d, destaca la vicepresidenta primera y coordinadora del programa, Nat\u00e0lia Enguix.<\/p>\n\n\n\n<p>El desglose del nuevo decreto deja 11 actuaciones de mejora en infraestructuras municipales; ocho en instalaciones deportivas; siete en el ciclo integral del agua; cuatro en parques y zonas verdes y otras tantas en materia de eficiencia energ\u00e9tica. El resto de solicitudes est\u00e1n vinculadas con la accesibilidad, la adquisici\u00f3n de veh\u00edculos y la adecuaci\u00f3n de caminos rurales. \u201cEstamos viendo que los ayuntamientos invierten en \u00e1mbitos que incentivamos desde la Diputaci\u00f3n por su relevancia para la calidad de vida de las vecinas y vecinos de nuestros pueblos\u201d, explica Enguix, quien pone el \u00e9nfasis en \u201clas redes de agua potable, la depuraci\u00f3n, los espacios verdes, las nuevas energ\u00edas y los complejos deportivos como base de los objetivos de desarrollo sostenible que debemos cumplir desde las instituciones\u201d.<\/p>\n\n\n\n<p>La responsable de Cooperaci\u00f3n Municipal ha mostrado su satisfacci\u00f3n por el desarrollo del Pla Obert, que desde su puesta en marcha a finales de abril de 2024 ha aprobado un total de 255 proyectos presentados por municipios de todas las comarcas, con una inversi\u00f3n global de 37,5 millones de euros. \u201cHemos conseguido que los ayuntamientos aprovechen la flexibilidad del plan, con el tiempo suficiente para presentar sus solicitudes y poderlas ejecutar, sin prisa pero sin pausa, como estamos comprobando\u201d, se\u00f1ala la vicepresidenta.<\/p>\n\n\n\n<p>En su momento, la propia Enguix detall\u00f3 las novedades de un plan progresivo, en el que estaba previsto ir incrementando la inversi\u00f3n y los proyectos presentados seg\u00fan avance la legislatura, \u201cpermitiendo a los alcaldes y alcaldesas definir bien sus propuestas y atender necesidades sobrevenidas, como ha sido la dana\u201d. En este sentido, la Diputaci\u00f3n que preside Vicent Momp\u00f3 ha incorporado a las cuentas de 2025 una partida de 105 millones de euros para subvencionar los proyectos del Pla Obert, casi una tercera parte de la dotaci\u00f3n total del plan.&nbsp;<\/p>\n\n\n\n<p><strong>Obras destacadas<\/strong><\/p>\n\n\n\n<p>Por comarcas, la Vall d\u2019Albaida es la que m\u00e1s proyectos pondr\u00e1 en marcha con el nuevo decreto, hasta 11 iniciativas. Le siguen la Ribera Alta y la Safor, con cinco actuaciones en cada comarca, y l\u2019Horta Nord con cuatro. En cuanto a municipios, Otos tiene tres proyectos aprobados con fecha 29 de enero, mientras que L\u2019Alc\u00fadia, Y\u00e1tova, Alc\u00e0sser y Aielo de Malferit han recibido el visto bueno a dos solicitudes.<\/p>\n\n\n\n<p>Entre las actuaciones m\u00e1s destacadas en materia h\u00eddrica se encuentra la renovaci\u00f3n de la red de agua potable y saneamiento en la avenida Jaume I y la plaza Pont del Riu de Canals (307.000 euros); la sustituci\u00f3n del eje en las calles Julia Ribera y Sant Francesc d\u2019Ass\u00eds de Carcaixent (295.000 euros); la adecuaci\u00f3n del colector, la acequia y la red de agua en la calle Mitjagalta de La Pobla de Farnals (273.000 euros); y la renovaci\u00f3n de la red de distribuci\u00f3n de agua potable en el casco urbano de Otos (234.000 euros).<\/p>\n\n\n\n<p>Otros proyectos destacados son la mejora de los accesos y la reforma de los ba\u00f1os del polideportivo de Albalat dels Sorells (506.000 euros); la rehabilitaci\u00f3n de un edificio en la plaza Sant Vicent para centro c\u00edvico en Bocairent (365.000 euros); la instalaci\u00f3n de alumbrado p\u00fablico tecnol\u00f3gicamente eficiente en Torres Torres (328.000 euros); la reforma y ampliaci\u00f3n del Ayuntamiento de Poliny\u00e0 de X\u00faquer (333.000 euros); la construcci\u00f3n de un parque con zona deportiva, juegos infantiles y \u00e1rea de p\u00edcnic en la Avinguda Diputaci\u00f3 de El Palomar (343.000 euros); la regeneraci\u00f3n del parque del polideportivo y la adecuaci\u00f3n del Corral del Cerezo como oficina de turismo de Alcublas (308.000 euros); y la construcci\u00f3n de una pista de p\u00e1del, con mejoras en la pista de tenis y otros espacios del polideportivo de Agullent (187.000 euros).<\/p>\n\n\n\n<p><strong>Facilidades a los ayuntamientos<\/strong><\/p>\n\n\n\n<p>La vicepresidenta Enguix recuerda que los municipios afectados por la dana, los 100 incluidos en el listado de la Generalitat, \u201cpueden invertir el dinero del plan en proyectos vinculados a la reconstrucci\u00f3n, sin necesidad de respetar los porcentajes establecidos en cuanto a actuaciones del ciclo del agua, zonas verdes e instalaciones deportivas\u201d. \u201cLo m\u00e1s importante es que los proyectos resuelvan problemas reales y mejoren la vida de las personas, y sobre todo que se acaben ejecutando. Queremos que los 350 millones destinados al plan se queden \u00edntegramente en los pueblos en forma de mejoras para la ciudadan\u00eda\u201d, concluye Enguix.<\/p>\n\n\n\n<p>Por su parte, el presidente Momp\u00f3 insiste en la proximidad de la instituci\u00f3n con los 266 municipios y las tres entidades locales menores de la provincia: \u201ces un momento de contrastes entre los que tratan de volver a la normalidad lo antes posible y los que dan forma a los pueblos con los que han so\u00f1ado para sus vecinos, y nos hemos marcado el reto de acompa\u00f1ar a todos los ayuntamientos en el camino que les toca recorrer\u201d.<\/p>\n","protected":false},"excerpt":{"rendered":"<div class=\"mh-excerpt\">El noveno decreto del principal programa inversor de la corporaci\u00f3n da luz verde a las solicitudes de 33 ayuntamientos y una mancomunidad. Desde la puesta en marcha del plan se han invertido 37,5 millones en <a class=\"mh-excerpt-more\" href=\"https:\/\/www.tucomarca.com\/wordpress\/segunda\/la-diputacion-aprueba-40-proyectos-del-pla-obert-con-mejoras-en-el-ciclo-del-agua-e-infraestructuras-de-18-municipios\/\" title=\"La Diputaci\u00f3n aprueba 40 proyectos del Pla Obert con mejoras en el ciclo del agua e infraestructuras de 18 municipios\">[+] <\/a><\/div>\n","protected":false},"author":13,"featured_media":244914,"comment_status":"open","ping_status":"open","sticky":false,"template":"","format":"standard","meta":{"footnotes":""},"categories":[20519,128,8,72,20455,10,42,117,142,3,116,45,11],"tags":[20513,10412,20938,21083],"class_list":{"0":"post-252273","1":"post","2":"type-post","3":"status-publish","4":"format-standard","5":"has-post-thumbnail","7":"category-cooperacion-municipal","8":"category-infraestructuras","9":"category-la-comarca","10":"category-sin-categorizar","11":"category-la-diputacio-de-valencia-informa","12":"category-la-hoya","13":"category-la-ribera","14":"category-medio-ambiente-la-comarca","15":"category-politica-la-comarca","16":"category-seccion","17":"category-sucesos-la-comarca","18":"category-ventana","19":"category-yatova","20":"tag-cooperacion-municipal","21":"tag-infraestructuras","22":"tag-la-diputacio-de-valencia","23":"tag-la-diputacio-en-las-comarcas"},"_links":{"self":[{"href":"https:\/\/www.tucomarca.com\/wordpress\/segunda\/wp-json\/wp\/v2\/posts\/252273","targetHints":{"allow":["GET"]}}],"collection":[{"href":"https:\/\/www.tucomarca.com\/wordpress\/segunda\/wp-json\/wp\/v2\/posts"}],"about":[{"href":"https:\/\/www.tucomarca.com\/wordpress\/segunda\/wp-json\/wp\/v2\/types\/post"}],"author":[{"embeddable":true,"href":"https:\/\/www.tucomarca.com\/wordpress\/segunda\/wp-json\/wp\/v2\/users\/13"}],"replies":[{"embeddable":true,"href":"https:\/\/www.tucomarca.com\/wordpress\/segunda\/wp-json\/wp\/v2\/comments?post=252273"}],"version-history":[{"count":0,"href":"https:\/\/www.tucomarca.com\/wordpress\/segunda\/wp-json\/wp\/v2\/posts\/252273\/revisions"}],"wp:featuredmedia":[{"embeddable":true,"href":"https:\/\/www.tucomarca.com\/wordpress\/segunda\/wp-json\/wp\/v2\/media\/244914"}],"wp:attachment":[{"href":"https:\/\/www.tucomarca.com\/wordpress\/segunda\/wp-json\/wp\/v2\/media?parent=252273"}],"wp:term":[{"taxonomy":"category","embeddable":true,"href":"https:\/\/www.tucomarca.com\/wordpress\/segunda\/wp-json\/wp\/v2\/categories?post=252273"},{"taxonomy":"post_tag","embeddable":true,"href":"https:\/\/www.tucomarca.com\/wordpress\/segunda\/wp-json\/wp\/v2\/tags?post=252273"}],"curies":[{"name":"wp","href":"https:\/\/api.w.org\/{rel}","templated":true}]}}