{"id":252312,"date":"2025-01-30T12:30:00","date_gmt":"2025-01-30T11:30:00","guid":{"rendered":"https:\/\/www.tucomarca.com\/wordpress\/segunda\/?p=252312"},"modified":"2025-01-30T20:02:58","modified_gmt":"2025-01-30T19:02:58","slug":"el-pleno-de-cheste-da-luz-verde-a-los-tramites-para-la-licitacion-de-las-obras-del-barranco-silleta-y-a-la-nueva-nominacion-del-complejo-educativo","status":"publish","type":"post","link":"https:\/\/www.tucomarca.com\/wordpress\/segunda\/el-pleno-de-cheste-da-luz-verde-a-los-tramites-para-la-licitacion-de-las-obras-del-barranco-silleta-y-a-la-nueva-nominacion-del-complejo-educativo\/","title":{"rendered":"El pleno de Cheste da luz verde a los tr\u00e1mites para la licitaci\u00f3n de las obras del Barranco Silleta y a la nueva nominaci\u00f3n del Complejo Educativo"},"content":{"rendered":"\n<h3 class=\"wp-block-heading\">Durante la sesi\u00f3n tambi\u00e9n se aprob\u00f3 la solicitud de condecoraciones por actuaciones a consecuencia de la DANA y se dio cuenta del calendario fiscal 2025.<\/h3>\n\n\n\n<p>Ayer, mi\u00e9rcoles 29 de enero, se celebr\u00f3 la sesi\u00f3n ordinaria del pleno de este mes, donde se abordaron los siguientes temas:<\/p>\n\n\n\n<p><strong>Obras de canalizaci\u00f3n en el Barranco Silleta<\/strong><\/p>\n\n\n\n<p>El pleno aprob\u00f3 el expediente de contrataci\u00f3n de las obras de renovaci\u00f3n y conducci\u00f3n subterr\u00e1nea del Barranco Silleta y el acondicionamiento de las calles superiores, Laurel y Ram\u00f3n Codo\u00f1er, como paso previo necesario en la tramitaci\u00f3n de la licitaci\u00f3n del proyecto, valorado en 1,2 millones de euros.<\/p>\n\n\n\n<p>\u201cA partir de la aprobaci\u00f3n de este expediente, si la licitaci\u00f3n sigue con todos los plazos perfectos, que nunca lo son, se mantendr\u00eda la previsi\u00f3n de que las obras empezar\u00edan en la primera parte del a\u00f1o, en marzo, despu\u00e9s de Fallas, y si no, ser\u00e1 para el mes de abril\u201d, explicaba el alcalde, Jos\u00e9 Morell. \u201cEn el momento en que la obra ya est\u00e9 adjudicada y se vaya a empezar, se har\u00e1 una reuni\u00f3n informativa para que los vecinos conozcan los pormenores de c\u00f3mo se va a desarrollar la obra, pero no se va a abrir toda la calle al mismo tiempo\u201d.<\/p>\n\n\n\n<p>El Grupo Popular se abstuvo en la votaci\u00f3n, planteando cuestiones con respecto a la tramitaci\u00f3n del proyecto en base al informe de Intervenci\u00f3n. \u201cEn ese punto nos vamos a abstener, ya que no contamos con toda la informaci\u00f3n; no vamos a votar en contra para no entorpecer la tramitaci\u00f3n del proyecto\u201d, apuntaba el portavoz del PP, Enrique Peinado.<\/p>\n\n\n\n<p>Tanto el alcalde como la concejala de Hacienda, M\u00aa \u00c1ngeles Llorente, destacaron al respecto que el proceso cuenta con las previsiones legales normales y con la financiaci\u00f3n concedida.<\/p>\n\n\n\n<p><strong>Nueva nominaci\u00f3n del IES n\u00ba 1<\/strong><\/p>\n\n\n\n<p>El pleno tambi\u00e9n dio luz verde, en esta ocasi\u00f3n por unanimidad, la propuesta de nueva nominaci\u00f3n del IES n\u00ba 1 Complejo Educativo Cheste como Instituto Jos\u00e9 Mart\u00ednez Toral, solicitado desde el propio centro en homenaje p\u00f3stumo a su director, fallecido a causa de la riada provocada por la DANA el pasado 29 de octubre. En la petici\u00f3n se destaca el impacto educativo y el legado en el alumnado de Jos\u00e9 Mart\u00ednez Toral y se reconoce su figura como un ejemplo de perseverancia, integridad y servicio a la comunidad.<\/p>\n\n\n\n<figure class=\"wp-block-image size-large\"><img loading=\"lazy\" decoding=\"async\" width=\"1024\" height=\"682\" src=\"https:\/\/www.tucomarca.com\/wordpress\/segunda\/wp-content\/uploads\/2025\/01\/ChestePlenoEnero2-1024x682.jpg\" alt=\"\" class=\"wp-image-252321\" srcset=\"https:\/\/www.tucomarca.com\/wordpress\/segunda\/wp-content\/uploads\/2025\/01\/ChestePlenoEnero2-1024x682.jpg 1024w, https:\/\/www.tucomarca.com\/wordpress\/segunda\/wp-content\/uploads\/2025\/01\/ChestePlenoEnero2-300x200.jpg 300w, https:\/\/www.tucomarca.com\/wordpress\/segunda\/wp-content\/uploads\/2025\/01\/ChestePlenoEnero2-768x512.jpg 768w, https:\/\/www.tucomarca.com\/wordpress\/segunda\/wp-content\/uploads\/2025\/01\/ChestePlenoEnero2.jpg 1181w\" sizes=\"auto, (max-width: 1024px) 100vw, 1024px\" \/><\/figure>\n\n\n\n<p><strong>Moci\u00f3n IU<\/strong><\/p>\n\n\n\n<p>Desde Izquierda Unida se present\u00f3 en el Pleno la \u201cMoci\u00f3n ante la Emergencia de la DANA\u201d, por parte de la concejala M\u00aa \u00c1ngeles Llorente. \u201cTodos sabemos lo que pas\u00f3 el 29 de octubre, decenas del pueblos han quedado completamente devastados y la situaci\u00f3n sigue siendo preocupante y lamentable. Est\u00e1 claro que hubo una falta de prevenci\u00f3n en la emergencia y tambi\u00e9n hay una falta de actividad en la respuesta a la reconstrucci\u00f3n\u201d, manifestaba la concejala, antes de leer la moci\u00f3n. \u201cEs cierto que el Partido Popular de Cheste estuvo apoy\u00e1ndonos en todo desde el primer d\u00eda y que posteriormente, cuando se les ha pedido colaboraci\u00f3n, han estado ah\u00ed, pero esta moci\u00f3n se centra en la denuncia de los responsables de negligencia con nombre y apellidos y, en segundo lugar, en peticiones de reconstrucci\u00f3n que son completamente necesarias\u201d.<\/p>\n\n\n\n<p>El Partido Popular vot\u00f3 en contra por considerar la moci\u00f3n un ataque frontal a su partido pero agradeci\u00f3, no obstante, el reconocimiento al trabajo conjunto realizado durante la emergencia.<\/p>\n\n\n\n<p><strong>Medallas al m\u00e9rito con distintivo Rojo<\/strong><\/p>\n\n\n\n<p>Por otra parte, el Pleno dio luz verde a la propuesta de concesi\u00f3n de condecoraciones con la Cruz al M\u00e9rito con distintivo rojo por parte de la Generalitat a los agentes de la Polic\u00eda local de Cheste que participaron en tareas de rescate durante la DANA; a Protecci\u00f3n Civil, por su inmediata disposici\u00f3n para labores de ayuda, y a una persona en particular, por su importante papel un rescate. \u201cHoy reconocemos a los Polic\u00edas que arriesgaron sus vidas para rescatar a chestanos, a Protecci\u00f3n Civil, que estuvo desde el minuto uno atendiendo a las personas refugiadas y llevando comida a las urbanizaciones; y a una persona que salv\u00f3 a dos agentes durante un rescate; pero el Ayuntamiento tambi\u00e9n est\u00e1 preparando un expediente para el reconocimiento de personas particulares, que explicaremos cuando este listo\u201d.<\/p>\n\n\n\n<p><strong>Otros puntos<\/strong><\/p>\n\n\n\n<p>Durante el pleno tambi\u00e9n se dio cuenta del calendario fiscal de 2025, por parte de la concejala de Hacienda, exponi\u00e9ndose los plazos de los tributos municipales.&nbsp;<\/p>\n\n\n\n<p>Tambi\u00e9n se aprob\u00f3 el inicio del procedimiento para la revisi\u00f3n de oficio de un proceso selectivo de dos t\u00e9cnicos medios de Administraci\u00f3n general. \u201cEn un momento dado nos ponen en conocimiento al equipo de gobierno que hay algunas dudas sobre la participaci\u00f3n de uno de los aspirantes un proceso selectivo, la interventora hizo un informe para aclarar la situaci\u00f3n y paralelamente un funcionario lo llev\u00f3 a AVAF; esta agencia antifraude recomend\u00f3 al Ayuntamiento hacer una revisi\u00f3n de oficio de este procedimiento para que el aspirante quedar\u00e1 excluido de la lista porque no pod\u00eda participar, ya que en ese momento era trabajador del Ayuntamiento y tuvo acceso al expediente antes que el resto de aspirantes\u201d, explicaba el alcalde.<\/p>\n\n\n\n<p><strong>Reconstrucci\u00f3n de infraestructuras<\/strong><\/p>\n\n\n\n<p>En asuntos de alcald\u00eda Morell dio cuenta del estado de reconstrucci\u00f3n de infraestructuras en la localidad, incidiendo en que en Cheste hay m\u00e1s de 10 millones de euros en desperfectos que se van a ser financiados en su totalidad debido a la situaci\u00f3n de emergencia nivel dos en la que se encuentra la poblaci\u00f3n.<\/p>\n\n\n\n<p>\u201cPuedo adelantar algunos temas que ya est\u00e1n en marcha: Tragsa ha iniciado la recuperaci\u00f3n de los bancales, Adif ya ha comenzado la reconstrucci\u00f3n de la l\u00ednea C3 de Cercan\u00edas y el ministro \u00d3scar Puente nos ha informado de que se va abrir a finales de a\u00f1o, hasta Bu\u00f1ol, y luego de Bu\u00f1ol a Utiel, a finales del a\u00f1o siguiente; paralelamente se va electrificar un tramo y se van a poner trenes h\u00edbridos. Por otro lado, han empezado ya las obras en el CEIP Ana Lluch y, con respecto a las v\u00edas de comunicaci\u00f3n, se han iniciado tambi\u00e9n las obras en el entorno del Circuito, gracias a una solicitud que hicimos desde este pleno a la Generalitat, que ha atendido el 90 por ciento de lo que pedimos. En el parque empresarial, la Generalitat tambi\u00e9n va actuar en la entrada por Asme\u201d, explicaba el alcalde.<\/p>\n\n\n\n<p>Con respecto a los accesos, Morell detall\u00f3, por una parte, las actuaciones en el acceso a la poblaci\u00f3n por la CV-378, por la conocida rotonda de La Moto y, por otro lado, lo referente al acceso por la CV-50. \u201cEl puente del Barranquet se ha sustituido ya y pensamos que las obras est\u00e1n a punto de culminar; cuando eso est\u00e9 hecho se empezar\u00e1 a reconstruir el puente de la gasolinera, en el que ya se est\u00e1n realizando rampas y otras labores previas. Respecto a la CV-50, se puso el puente militar, con las limitaciones que tiene, pero ahora se est\u00e1 construyendo por parte de la Generalitat el desv\u00edo provisional alternativo, que no contar\u00e1 con estas restricciones; cuando est\u00e9 listo se retirar\u00e1 el puente de la UME y se reconstruir\u00e1 el puente original. Tambi\u00e9n se est\u00e1 actuando en la CV-50 camino Vilamarxant\u201d, finalizaba el alcalde.<\/p>\n","protected":false},"excerpt":{"rendered":"<div class=\"mh-excerpt\">Durante la sesi\u00f3n tambi\u00e9n se aprob\u00f3 la solicitud de condecoraciones por actuaciones a consecuencia de la DANA y se dio cuenta del calendario fiscal 2025. Ayer, mi\u00e9rcoles 29 de enero, se celebr\u00f3 la sesi\u00f3n ordinaria <a class=\"mh-excerpt-more\" href=\"https:\/\/www.tucomarca.com\/wordpress\/segunda\/el-pleno-de-cheste-da-luz-verde-a-los-tramites-para-la-licitacion-de-las-obras-del-barranco-silleta-y-a-la-nueva-nominacion-del-complejo-educativo\/\" title=\"El pleno de Cheste da luz verde a los tr\u00e1mites para la licitaci\u00f3n de las obras del Barranco Silleta y a la nueva nominaci\u00f3n del Complejo Educativo\">[+] <\/a><\/div>\n","protected":false},"author":12,"featured_media":252319,"comment_status":"open","ping_status":"open","sticky":false,"template":"","format":"standard","meta":{"footnotes":""},"categories":[17,128,8,10,142,3],"tags":[339,5952],"class_list":{"0":"post-252312","1":"post","2":"type-post","3":"status-publish","4":"format-standard","5":"has-post-thumbnail","7":"category-cheste","8":"category-infraestructuras","9":"category-la-comarca","10":"category-la-hoya","11":"category-politica-la-comarca","12":"category-seccion","13":"tag-cheste-2","14":"tag-la-hoya-de-bunol-chiva"},"_links":{"self":[{"href":"https:\/\/www.tucomarca.com\/wordpress\/segunda\/wp-json\/wp\/v2\/posts\/252312","targetHints":{"allow":["GET"]}}],"collection":[{"href":"https:\/\/www.tucomarca.com\/wordpress\/segunda\/wp-json\/wp\/v2\/posts"}],"about":[{"href":"https:\/\/www.tucomarca.com\/wordpress\/segunda\/wp-json\/wp\/v2\/types\/post"}],"author":[{"embeddable":true,"href":"https:\/\/www.tucomarca.com\/wordpress\/segunda\/wp-json\/wp\/v2\/users\/12"}],"replies":[{"embeddable":true,"href":"https:\/\/www.tucomarca.com\/wordpress\/segunda\/wp-json\/wp\/v2\/comments?post=252312"}],"version-history":[{"count":0,"href":"https:\/\/www.tucomarca.com\/wordpress\/segunda\/wp-json\/wp\/v2\/posts\/252312\/revisions"}],"wp:featuredmedia":[{"embeddable":true,"href":"https:\/\/www.tucomarca.com\/wordpress\/segunda\/wp-json\/wp\/v2\/media\/252319"}],"wp:attachment":[{"href":"https:\/\/www.tucomarca.com\/wordpress\/segunda\/wp-json\/wp\/v2\/media?parent=252312"}],"wp:term":[{"taxonomy":"category","embeddable":true,"href":"https:\/\/www.tucomarca.com\/wordpress\/segunda\/wp-json\/wp\/v2\/categories?post=252312"},{"taxonomy":"post_tag","embeddable":true,"href":"https:\/\/www.tucomarca.com\/wordpress\/segunda\/wp-json\/wp\/v2\/tags?post=252312"}],"curies":[{"name":"wp","href":"https:\/\/api.w.org\/{rel}","templated":true}]}}