{"id":252337,"date":"2025-02-02T19:00:00","date_gmt":"2025-02-02T18:00:00","guid":{"rendered":"https:\/\/www.tucomarca.com\/wordpress\/segunda\/?p=252337"},"modified":"2025-02-02T23:57:43","modified_gmt":"2025-02-02T22:57:43","slug":"rescatan-a-una-menor-en-el-incendio-de-una-vivienda-en-alzira","status":"publish","type":"post","link":"https:\/\/www.tucomarca.com\/wordpress\/segunda\/rescatan-a-una-menor-en-el-incendio-de-una-vivienda-en-alzira\/","title":{"rendered":"Rescatan a una menor en el incendio de una vivienda en Alzira"},"content":{"rendered":"\n<p>Los bomberos han intervenido en un incendio declarado en una vivienda de la calle Col\u00f3n de Alzira, que afectaba al segundo piso del edificio. Al operativo acudieron cuatro dotaciones de los parques de Alzira y X\u00e0tiva, junto con el sargento de Alzira.<\/p>\n\n\n\n<p>Tras recibir el aviso de que podr\u00eda haber una persona en el interior, los efectivos realizaron maniobras de buceo en humos mientras se llevaba a cabo la extinci\u00f3n del fuego.<\/p>\n\n\n\n<p>Durante la intervenci\u00f3n, los bomberos localizaron a una menor de edad, a quien rescataron y trasladaron de inmediato a los servicios sanitarios para su atenci\u00f3n.<\/p>\n\n\n\n<p>La r\u00e1pida actuaci\u00f3n de los bomberos fue clave para evitar un desenlace tr\u00e1gico en este incidente.<\/p>\n\n\n<div class=\"wp-block-image\">\n<figure class=\"alignleft size-large is-resized\"><img loading=\"lazy\" decoding=\"async\" width=\"576\" height=\"1024\" src=\"https:\/\/www.tucomarca.com\/wordpress\/segunda\/wp-content\/uploads\/2025\/02\/BomberosAlzira1-576x1024.jpg\" alt=\"\" class=\"wp-image-252472\" style=\"width:336px;height:auto\" srcset=\"https:\/\/www.tucomarca.com\/wordpress\/segunda\/wp-content\/uploads\/2025\/02\/BomberosAlzira1-576x1024.jpg 576w, https:\/\/www.tucomarca.com\/wordpress\/segunda\/wp-content\/uploads\/2025\/02\/BomberosAlzira1-169x300.jpg 169w, https:\/\/www.tucomarca.com\/wordpress\/segunda\/wp-content\/uploads\/2025\/02\/BomberosAlzira1-768x1365.jpg 768w, https:\/\/www.tucomarca.com\/wordpress\/segunda\/wp-content\/uploads\/2025\/02\/BomberosAlzira1-864x1536.jpg 864w, https:\/\/www.tucomarca.com\/wordpress\/segunda\/wp-content\/uploads\/2025\/02\/BomberosAlzira1.jpg 886w\" sizes=\"auto, (max-width: 576px) 100vw, 576px\" \/><\/figure>\n<\/div>\n\n<div class=\"wp-block-image\">\n<figure class=\"alignleft size-full is-resized\"><img loading=\"lazy\" decoding=\"async\" width=\"576\" height=\"1024\" src=\"https:\/\/www.tucomarca.com\/wordpress\/segunda\/wp-content\/uploads\/2025\/02\/image.jpeg\" alt=\"La imagen tiene un atributo ALT vac\u00edo; su nombre de archivo es BomberosAlzira2-576x1024.jpg\" class=\"wp-image-252482\" style=\"width:336px;height:auto\" srcset=\"https:\/\/www.tucomarca.com\/wordpress\/segunda\/wp-content\/uploads\/2025\/02\/image.jpeg 576w, https:\/\/www.tucomarca.com\/wordpress\/segunda\/wp-content\/uploads\/2025\/02\/image-169x300.jpeg 169w\" sizes=\"auto, (max-width: 576px) 100vw, 576px\" \/><\/figure>\n<\/div>","protected":false},"excerpt":{"rendered":"<div class=\"mh-excerpt\">Los bomberos han intervenido en un incendio declarado en una vivienda de la calle Col\u00f3n de Alzira, que afectaba al segundo piso del edificio. Al operativo acudieron cuatro dotaciones de los parques de Alzira y <a class=\"mh-excerpt-more\" href=\"https:\/\/www.tucomarca.com\/wordpress\/segunda\/rescatan-a-una-menor-en-el-incendio-de-una-vivienda-en-alzira\/\" title=\"Rescatan a una menor en el incendio de una vivienda en Alzira\">[+] <\/a><\/div>\n","protected":false},"author":12,"featured_media":252478,"comment_status":"open","ping_status":"open","sticky":false,"template":"","format":"standard","meta":{"footnotes":""},"categories":[69,8,42,3,116,45],"tags":[10402,15821,20508,1407],"class_list":{"0":"post-252337","1":"post","2":"type-post","3":"status-publish","4":"format-standard","5":"has-post-thumbnail","7":"category-alzira","8":"category-la-comarca","9":"category-la-ribera","10":"category-seccion","11":"category-sucesos-la-comarca","12":"category-ventana","13":"tag-alzira","14":"tag-bomberos-de-alzira","15":"tag-consorcio-de-bomberos-de-valencia","16":"tag-ribera-alta"},"_links":{"self":[{"href":"https:\/\/www.tucomarca.com\/wordpress\/segunda\/wp-json\/wp\/v2\/posts\/252337","targetHints":{"allow":["GET"]}}],"collection":[{"href":"https:\/\/www.tucomarca.com\/wordpress\/segunda\/wp-json\/wp\/v2\/posts"}],"about":[{"href":"https:\/\/www.tucomarca.com\/wordpress\/segunda\/wp-json\/wp\/v2\/types\/post"}],"author":[{"embeddable":true,"href":"https:\/\/www.tucomarca.com\/wordpress\/segunda\/wp-json\/wp\/v2\/users\/12"}],"replies":[{"embeddable":true,"href":"https:\/\/www.tucomarca.com\/wordpress\/segunda\/wp-json\/wp\/v2\/comments?post=252337"}],"version-history":[{"count":0,"href":"https:\/\/www.tucomarca.com\/wordpress\/segunda\/wp-json\/wp\/v2\/posts\/252337\/revisions"}],"wp:featuredmedia":[{"embeddable":true,"href":"https:\/\/www.tucomarca.com\/wordpress\/segunda\/wp-json\/wp\/v2\/media\/252478"}],"wp:attachment":[{"href":"https:\/\/www.tucomarca.com\/wordpress\/segunda\/wp-json\/wp\/v2\/media?parent=252337"}],"wp:term":[{"taxonomy":"category","embeddable":true,"href":"https:\/\/www.tucomarca.com\/wordpress\/segunda\/wp-json\/wp\/v2\/categories?post=252337"},{"taxonomy":"post_tag","embeddable":true,"href":"https:\/\/www.tucomarca.com\/wordpress\/segunda\/wp-json\/wp\/v2\/tags?post=252337"}],"curies":[{"name":"wp","href":"https:\/\/api.w.org\/{rel}","templated":true}]}}