{"id":252344,"date":"2025-01-31T11:00:00","date_gmt":"2025-01-31T10:00:00","guid":{"rendered":"https:\/\/www.tucomarca.com\/wordpress\/segunda\/?p=252344"},"modified":"2025-01-31T18:48:32","modified_gmt":"2025-01-31T17:48:32","slug":"efectivos-del-consorcio-de-bomberos-se-movilizan-para-apagar-el-incendio-en-un-vertedero-de-sot-de-chera","status":"publish","type":"post","link":"https:\/\/www.tucomarca.com\/wordpress\/segunda\/efectivos-del-consorcio-de-bomberos-se-movilizan-para-apagar-el-incendio-en-un-vertedero-de-sot-de-chera\/","title":{"rendered":"Efectivos del Consorcio de Bomberos se movilizan para apagar el incendio en un vertedero de Sot de Chera"},"content":{"rendered":"\n<p>Efectivos del Consorcio de Bomberos de Valencia se movilizaron este jueves para sofocar un incendio declarado en un vertedero de Sot de Chera. Tras varias horas de trabajo, el fuego fue finalmente extinguido alrededor de las 17,40 horas.<\/p>\n\n\n\n<p>Para hacer frente a las llamas se despleg\u00f3 un importante operativo que incluy\u00f3 dos medios a\u00e9reos, una dotaci\u00f3n y una Brigada de Refuerzo en Incendios Forestales (Brifo) del Consorcio de Bomberos. Adem\u00e1s, se cont\u00f3 con el apoyo de tres autobombas y cuatro unidades del Servei de Bombers i Bomberes Forestals de la Generalitat Valenciana, una de ellas helitransportada, as\u00ed como la presencia de un agente medioambiental.<\/p>\n\n\n\n<p>Gracias a la r\u00e1pida intervenci\u00f3n de los equipos de emergencia, el incendio pudo ser controlado y extinguido sin que se reportaran da\u00f1os personales. Las autoridades han iniciado una investigaci\u00f3n para esclarecer las causas del siniestro y evitar futuros incidentes en la zona.<\/p>\n","protected":false},"excerpt":{"rendered":"<div class=\"mh-excerpt\">Efectivos del Consorcio de Bomberos de Valencia se movilizaron este jueves para sofocar un incendio declarado en un vertedero de Sot de Chera. Tras varias horas de trabajo, el fuego fue finalmente extinguido alrededor de <a class=\"mh-excerpt-more\" href=\"https:\/\/www.tucomarca.com\/wordpress\/segunda\/efectivos-del-consorcio-de-bomberos-se-movilizan-para-apagar-el-incendio-en-un-vertedero-de-sot-de-chera\/\" title=\"Efectivos del Consorcio de Bomberos se movilizan para apagar el incendio en un vertedero de Sot de Chera\">[+] <\/a><\/div>\n","protected":false},"author":1,"featured_media":221986,"comment_status":"open","ping_status":"open","sticky":false,"template":"","format":"standard","meta":{"footnotes":""},"categories":[128,8,72,59,117,3,197,116,45],"tags":[10400,10449,33],"class_list":{"0":"post-252344","1":"post","2":"type-post","3":"status-publish","4":"format-standard","5":"has-post-thumbnail","7":"category-infraestructuras","8":"category-la-comarca","9":"category-sin-categorizar","10":"category-los-serranos","11":"category-medio-ambiente-la-comarca","12":"category-seccion","13":"category-sot-de-chera","14":"category-sucesos-la-comarca","15":"category-ventana","16":"tag-los-serranos","17":"tag-sot-de-chera","18":"tag-sucesos"},"_links":{"self":[{"href":"https:\/\/www.tucomarca.com\/wordpress\/segunda\/wp-json\/wp\/v2\/posts\/252344","targetHints":{"allow":["GET"]}}],"collection":[{"href":"https:\/\/www.tucomarca.com\/wordpress\/segunda\/wp-json\/wp\/v2\/posts"}],"about":[{"href":"https:\/\/www.tucomarca.com\/wordpress\/segunda\/wp-json\/wp\/v2\/types\/post"}],"author":[{"embeddable":true,"href":"https:\/\/www.tucomarca.com\/wordpress\/segunda\/wp-json\/wp\/v2\/users\/1"}],"replies":[{"embeddable":true,"href":"https:\/\/www.tucomarca.com\/wordpress\/segunda\/wp-json\/wp\/v2\/comments?post=252344"}],"version-history":[{"count":0,"href":"https:\/\/www.tucomarca.com\/wordpress\/segunda\/wp-json\/wp\/v2\/posts\/252344\/revisions"}],"wp:featuredmedia":[{"embeddable":true,"href":"https:\/\/www.tucomarca.com\/wordpress\/segunda\/wp-json\/wp\/v2\/media\/221986"}],"wp:attachment":[{"href":"https:\/\/www.tucomarca.com\/wordpress\/segunda\/wp-json\/wp\/v2\/media?parent=252344"}],"wp:term":[{"taxonomy":"category","embeddable":true,"href":"https:\/\/www.tucomarca.com\/wordpress\/segunda\/wp-json\/wp\/v2\/categories?post=252344"},{"taxonomy":"post_tag","embeddable":true,"href":"https:\/\/www.tucomarca.com\/wordpress\/segunda\/wp-json\/wp\/v2\/tags?post=252344"}],"curies":[{"name":"wp","href":"https:\/\/api.w.org\/{rel}","templated":true}]}}