{"id":252388,"date":"2025-01-31T14:00:00","date_gmt":"2025-01-31T13:00:00","guid":{"rendered":"https:\/\/www.tucomarca.com\/wordpress\/segunda\/?p=252388"},"modified":"2025-01-31T19:24:32","modified_gmt":"2025-01-31T18:24:32","slug":"la-diputacio-lleva-a-xativa-la-muestra-halt-de-artur-heras-y-comisariada-por-anacleto-ferrer-que-propone-dar-el-alto-a-los-totalitarismos","status":"publish","type":"post","link":"https:\/\/www.tucomarca.com\/wordpress\/segunda\/la-diputacio-lleva-a-xativa-la-muestra-halt-de-artur-heras-y-comisariada-por-anacleto-ferrer-que-propone-dar-el-alto-a-los-totalitarismos\/","title":{"rendered":"La Diputaci\u00f3 lleva a X\u00e0tiva la muestra &#8216;Halt!&#8217;, de Artur Heras y comisariada por Anacleto Ferrer, que propone dar el alto a los totalitarismos"},"content":{"rendered":"\n<h3 class=\"wp-block-heading\">La vicepresidenta Nat\u00e0lia Enguix, responsable de Memoria Democr\u00e1tica, inaugura la exposici\u00f3n \u2018Halt! Imatges que pensen\u2019 en el Convent de Sant Dom\u00e8nec, con las pinturas, dibujos, documentos, esculturas e instalaciones audiovisuales del artista valenciano, considerado \u201cel pintor de las ideas\u201d.<\/h3>\n\n\n\n<h3 class=\"wp-block-heading\">Enguix destaca \u201cla reflexi\u00f3n de Artur Heras sobre momentos dram\u00e1ticos de la historia contempor\u00e1nea que no deben volver a repetirse\u201d y agradece a la Universitat el montaje de la muestra subvencionada por la Diputaci\u00f3.<\/h3>\n\n\n\n<h3 class=\"wp-block-heading\">\u2018Halt!\u2019 podr\u00e1 visitarse hasta el 30 de abril en cuatro espacios: Sant Dom\u00e8nec, la iglesia de Sant Feliu y los museos de Bellas Artes y del Almud\u00edn.<\/h3>\n\n\n\n<p>La Diputaci\u00f3n y la Universitat de Val\u00e8ncia han abierto este viernes en X\u00e0tiva la exposici\u00f3n \u2018Halt! Imatges que pensen\u2019 del artista valenciano Artur Heras. La muestra, que podr\u00e1 visitarse en el Convent de Sant Dom\u00e8nec, la iglesia de Sant Feliu, el Museo de Bellas Artes de la Casa de la Ense\u00f1anza y el Museo del Almud\u00edn hasta el 30 de abril, incluye pinturas, dibujos, esculturas, informaci\u00f3n documental e instalaciones audiovisuales inspiradas en la memoria del exterminio nazi, pero tambi\u00e9n en situaciones de la historia reciente como la deportaci\u00f3n de inmigrantes, la evoluci\u00f3n de la extrema derecha, las agresiones civiles y los bombardeos en Palestina.<\/p>\n\n\n\n<p>La Universitat se ha encargado del montaje de este proyecto de car\u00e1cter autobiogr\u00e1fico subvencionado por la Diputaci\u00f3 de Val\u00e8ncia, que se exhibe en cuatro espacios expositivos con contenidos adicionales a la muestra que acogi\u00f3 la Nau de la Universitat. La vicepresidenta primera de la corporaci\u00f3n provincial, Nat\u00e0lia Enguix, ha inaugurado \u2018Halt!\u2019 acompa\u00f1ada por Roger Cerd\u00e0 y Alfred Boluda, alcalde y concejal de Cultura y Memoria de la capital de la Costera, lugar de nacimiento del artista en 1945. La responsable de la delegaci\u00f3n de Memoria Democr\u00e1tica de la Diputaci\u00f3n, que financia este y otros proyectos expositivos vinculados a la memoria, ha destacado \u201cla reflexi\u00f3n de Artur Heras sobre momentos dram\u00e1ticos de la historia contempor\u00e1nea que no deben volver a repetirse\u201d.<\/p>\n\n\n\n<p>Enguix considera importante \u201ccontar la historia de forma completa para que la conozcan generaciones presentes y futuras y puedan aprender de los errores, que es lo que hace el artista en esta exposici\u00f3n de car\u00e1cter progresista que, no obstante, no trata de aleccionar a nadie sino facilitar la comprensi\u00f3n de lo que fue el horror nazi y unos hechos lamentables que no debemos olvidar para no caer de nuevo en el error\u201d. Para la vicepresidenta, \u201cel trabajo de Artur Heras tiene aspectos en com\u00fan con los proyectos que desarrollamos en la Diputaci\u00f3n en materia de Memoria, donde le damos valor a esa parte did\u00e1ctica de recuperar una historia que se nos ha contado incompleta\u201d.<\/p>\n\n\n\n<p>En la misma l\u00ednea se ha expresado el comisario de la exposici\u00f3n, el bu\u00f1olense Anacleto Ferrer, quien define al artista de X\u00e0tiva como \u201cun pintor de ideas, un creador de im\u00e1genes que acaban reflexionando sobre su propia condici\u00f3n de imagen y que no busca conmover ni agitar, sino comunicar e interpelar\u201d. El alcalde y diputado provincial, Roger Cerd\u00e0, ha reivindicado la figura de \u201cuno de los pintores valencianos m\u00e1s relevantes y uno de los creadores pl\u00e1sticos m\u00e1s singulares del arte europeo de las \u00faltimas d\u00e9cadas\u201d. Para el alcalde de X\u00e0tiva, \u201ces un privilegio abrir las puertas de nuestra ciudad a una exposici\u00f3n que nos enriquece culturalmente y nos invita a reflexionar sobre el arte, la historia y la memoria colectiva\u201d.<\/p>\n\n\n\n<p><strong>Heras, profeta en su tierra<\/strong><\/p>\n\n\n\n<p>Roger Cerd\u00e0 ha agradecido al artista \u201cponer el nombre de X\u00e0tiva en el mapa cultural con cada nueva creaci\u00f3n\u201d, y tambi\u00e9n \u201cel regalo que supone esta experiencia est\u00e9tica e intelectual \u00fanica\u201d. Artur Heras, por su parte, ha mostrado el orgullo de sentirse profeta en su tierra y ha puesto en valor la colaboraci\u00f3n entre la Diputaci\u00f3n, la Universitat y el Ayuntamiento para desarrollar una muestra que se ha ampliado con piezas in\u00e9ditas del artista de la Costera.<\/p>\n\n\n\n<p>En representaci\u00f3n de la Universitat de Val\u00e8ncia, la directora del servicio de Cultura, Adela Cortijo, ha explicado que \u201cmuchas de las obras expuestas en \u2018Halt!\u2019, que significa alto en alem\u00e1n, las inici\u00f3 Heras antes del confinamiento a causa de la pandemia, lo que aumenta la introspecci\u00f3n de cualquier trabajo de creaci\u00f3n\u201d. En todas ellas se produce \u201cel di\u00e1logo constante entre el artista, la historia del arte y determinados hitos literarios y culturales\u201d.<\/p>\n\n\n\n<p>\u201cEn su faceta de agitador gr\u00e1fico, Artur Heras siempre ha destacado por un estilo directo y depurado, pero a su vez espont\u00e1neo y contundente, resultado de una cuidada puesta en escena que nos conduce a un universo misterioso, plagado de mensajes y descubrimientos\u201d, ha se\u00f1alado Adela Cortijo.<\/p>\n\n\n\n<figure class=\"wp-block-gallery has-nested-images columns-default is-cropped wp-block-gallery-1 is-layout-flex wp-block-gallery-is-layout-flex\">\n<figure class=\"wp-block-image size-large\"><img loading=\"lazy\" decoding=\"async\" width=\"1024\" height=\"683\" data-id=\"252428\" src=\"https:\/\/www.tucomarca.com\/wordpress\/segunda\/wp-content\/uploads\/2025\/01\/1-HaltXativa-1024x683.jpeg\" alt=\"\" class=\"wp-image-252428\" srcset=\"https:\/\/www.tucomarca.com\/wordpress\/segunda\/wp-content\/uploads\/2025\/01\/1-HaltXativa-1024x683.jpeg 1024w, https:\/\/www.tucomarca.com\/wordpress\/segunda\/wp-content\/uploads\/2025\/01\/1-HaltXativa-300x200.jpeg 300w, https:\/\/www.tucomarca.com\/wordpress\/segunda\/wp-content\/uploads\/2025\/01\/1-HaltXativa-768x512.jpeg 768w, https:\/\/www.tucomarca.com\/wordpress\/segunda\/wp-content\/uploads\/2025\/01\/1-HaltXativa-1536x1024.jpeg 1536w, https:\/\/www.tucomarca.com\/wordpress\/segunda\/wp-content\/uploads\/2025\/01\/1-HaltXativa-2048x1365.jpeg 2048w\" sizes=\"auto, (max-width: 1024px) 100vw, 1024px\" \/><\/figure>\n\n\n\n<figure class=\"wp-block-image size-large\"><img loading=\"lazy\" decoding=\"async\" width=\"1024\" height=\"683\" data-id=\"252433\" src=\"https:\/\/www.tucomarca.com\/wordpress\/segunda\/wp-content\/uploads\/2025\/01\/3-HaltXativa-1024x683.jpeg\" alt=\"\" class=\"wp-image-252433\" srcset=\"https:\/\/www.tucomarca.com\/wordpress\/segunda\/wp-content\/uploads\/2025\/01\/3-HaltXativa-1024x683.jpeg 1024w, https:\/\/www.tucomarca.com\/wordpress\/segunda\/wp-content\/uploads\/2025\/01\/3-HaltXativa-300x200.jpeg 300w, https:\/\/www.tucomarca.com\/wordpress\/segunda\/wp-content\/uploads\/2025\/01\/3-HaltXativa-768x512.jpeg 768w, https:\/\/www.tucomarca.com\/wordpress\/segunda\/wp-content\/uploads\/2025\/01\/3-HaltXativa-1536x1024.jpeg 1536w, https:\/\/www.tucomarca.com\/wordpress\/segunda\/wp-content\/uploads\/2025\/01\/3-HaltXativa-2048x1365.jpeg 2048w\" sizes=\"auto, (max-width: 1024px) 100vw, 1024px\" \/><\/figure>\n<\/figure>\n\n\n\n<p><strong>La Diputaci\u00f3 y la Memoria<\/strong><\/p>\n\n\n\n<p>En su intervenci\u00f3n, la vicepresidenta Enguix ha puesto en valor \u201clas iniciativas que est\u00e1 llevando a cabo la Diputaci\u00f3n en materia de Memoria Democr\u00e1tica, un \u00e1rea que no entendemos como herramienta pol\u00edtica sino como elemento trascendental para nuestro futuro como sociedad democr\u00e1tica\u201d. Esa trascendencia para el ejecutivo provincial se tradujo el pasado a\u00f1o en subvenciones para ayuntamientos y asociaciones que superaron los 800.000 euros, m\u00e1s otros 200.000 euros para facilitar los trabajos de localizaci\u00f3n, exhumaci\u00f3n e identificaci\u00f3n de los restos de v\u00edctimas de la Guerra Civil en fosas comunes.<\/p>\n\n\n\n<p>Al margen de este mill\u00f3n de euros en ayudas, Nat\u00e0lia Enguix destaca especialmente las pol\u00edticas de sensibilizaci\u00f3n hacia la ciudadan\u00eda. \u201cTenemos en marcha iniciativas relevantes como los premios \u2018La mem\u00f2ria a l\u2019escola\u2019, el proyecto \u2018La mem\u00f2ria en les biblioteques\u2019, la participaci\u00f3n en congresos y seminarios y convenios con otras instituciones en materia de memoria, como el que se ha traducido en una aportaci\u00f3n de 45.000 euros para subvencionar esta y otras exposiciones en distintos puntos de la provincia\u201d.<\/p>\n\n\n\n<p>La responsable de Memoria Democr\u00e1tica de la Diputaci\u00f3n ha finalizado su intervenci\u00f3n dando la enhorabuena al artista por su trabajo, y la ha hecho extensible a la Universitat y al comisario de la muestra \u201cpor su acierto en el t\u00edtulo de la exposici\u00f3n, que demuestra que es necesario detener los discursos de odio que venimos escuchando \u00faltimamente con asiduidad, y hacer una llamada a pensar lo que somos y lo que queremos llegar a ser como sociedad\u201d.<\/p>\n","protected":false},"excerpt":{"rendered":"<div class=\"mh-excerpt\">La vicepresidenta Nat\u00e0lia Enguix, responsable de Memoria Democr\u00e1tica, inaugura la exposici\u00f3n \u2018Halt! Imatges que pensen\u2019 en el Convent de Sant Dom\u00e8nec, con las pinturas, dibujos, documentos, esculturas e instalaciones audiovisuales del artista valenciano, considerado \u201cel <a class=\"mh-excerpt-more\" href=\"https:\/\/www.tucomarca.com\/wordpress\/segunda\/la-diputacio-lleva-a-xativa-la-muestra-halt-de-artur-heras-y-comisariada-por-anacleto-ferrer-que-propone-dar-el-alto-a-los-totalitarismos\/\" title=\"La Diputaci\u00f3 lleva a X\u00e0tiva la muestra &#8216;Halt!&#8217;, de Artur Heras y comisariada por Anacleto Ferrer, que propone dar el alto a los totalitarismos\">[+] <\/a><\/div>\n","protected":false},"author":12,"featured_media":252431,"comment_status":"open","ping_status":"open","sticky":false,"template":"","format":"gallery","meta":{"footnotes":""},"categories":[20599,18,8,72,20455,10,7,142,3,45],"tags":[21841,21840,3677,16618,20401],"class_list":{"0":"post-252388","1":"post","2":"type-post","3":"status-publish","4":"format-gallery","5":"has-post-thumbnail","7":"category-area-memoria-democratica","8":"category-bunol","9":"category-la-comarca","10":"category-sin-categorizar","11":"category-la-diputacio-de-valencia-informa","12":"category-la-hoya","13":"category-ocio-y-cultura","14":"category-politica-la-comarca","15":"category-seccion","16":"category-ventana","17":"tag-anacleto-ferrer","18":"tag-artur-heras","19":"tag-diputacio-de-valencia","20":"tag-memoria-democratica","21":"tag-natalia-enguix-2","22":"post_format-post-format-gallery"},"_links":{"self":[{"href":"https:\/\/www.tucomarca.com\/wordpress\/segunda\/wp-json\/wp\/v2\/posts\/252388","targetHints":{"allow":["GET"]}}],"collection":[{"href":"https:\/\/www.tucomarca.com\/wordpress\/segunda\/wp-json\/wp\/v2\/posts"}],"about":[{"href":"https:\/\/www.tucomarca.com\/wordpress\/segunda\/wp-json\/wp\/v2\/types\/post"}],"author":[{"embeddable":true,"href":"https:\/\/www.tucomarca.com\/wordpress\/segunda\/wp-json\/wp\/v2\/users\/12"}],"replies":[{"embeddable":true,"href":"https:\/\/www.tucomarca.com\/wordpress\/segunda\/wp-json\/wp\/v2\/comments?post=252388"}],"version-history":[{"count":0,"href":"https:\/\/www.tucomarca.com\/wordpress\/segunda\/wp-json\/wp\/v2\/posts\/252388\/revisions"}],"wp:featuredmedia":[{"embeddable":true,"href":"https:\/\/www.tucomarca.com\/wordpress\/segunda\/wp-json\/wp\/v2\/media\/252431"}],"wp:attachment":[{"href":"https:\/\/www.tucomarca.com\/wordpress\/segunda\/wp-json\/wp\/v2\/media?parent=252388"}],"wp:term":[{"taxonomy":"category","embeddable":true,"href":"https:\/\/www.tucomarca.com\/wordpress\/segunda\/wp-json\/wp\/v2\/categories?post=252388"},{"taxonomy":"post_tag","embeddable":true,"href":"https:\/\/www.tucomarca.com\/wordpress\/segunda\/wp-json\/wp\/v2\/tags?post=252388"}],"curies":[{"name":"wp","href":"https:\/\/api.w.org\/{rel}","templated":true}]}}