{"id":252389,"date":"2025-01-31T09:45:00","date_gmt":"2025-01-31T08:45:00","guid":{"rendered":"https:\/\/www.tucomarca.com\/wordpress\/segunda\/?p=252389"},"modified":"2025-01-31T19:07:33","modified_gmt":"2025-01-31T18:07:33","slug":"la-mancomunidad-hoya-de-bunol-chiva-iniciara-la-atencion-itinerante-de-servicios-de-su-oficina-xaloc","status":"publish","type":"post","link":"https:\/\/www.tucomarca.com\/wordpress\/segunda\/la-mancomunidad-hoya-de-bunol-chiva-iniciara-la-atencion-itinerante-de-servicios-de-su-oficina-xaloc\/","title":{"rendered":"La Mancomunidad Hoya de Bu\u00f1ol Chiva iniciar\u00e1 la atenci\u00f3n itinerante de servicios de su oficina Xaloc"},"content":{"rendered":"\n<p>La Mancomunidad Hoya de Bu\u00f1ol Chiva reactiva la asistencia t\u00e9cnica presencial de la Oficina Xaloc en el municipio de Dos Aguas, contando con atenci\u00f3n presencial una vez cada quince d\u00edas.&nbsp; &nbsp; &nbsp;<\/p>\n\n\n\n<p>Durante los d\u00edas fijados en el calendario se recibir\u00e1 la visita del equipo t\u00e9cnico de la Mancomunidad encargado de ofrecer servicios de informaci\u00f3n, gesti\u00f3n y tramitaci\u00f3n en materia de vivienda, tales como:<\/p>\n\n\n\n<p>Subvenciones para la rehabilitaci\u00f3n e innovaci\u00f3n en arquitectura, tales como, rehabilitaci\u00f3n energ\u00e9tica de edificios , mejora de la eficiencia energ\u00e9tica en viviendas, retirada de residuos de amianto, mejora en los elementos constructivos de la envolvente, elaboraci\u00f3n de proyectos t\u00e9cnicos y la implantaci\u00f3n del libro de edificio.<\/p>\n\n\n\n<p>Ayudas para el acceso a la vivienda, tales como, ayudas al alquiler y ayudas para la compra de vivienda.<\/p>\n\n\n\n<p>Servicios de mediaci\u00f3n y de asesoramiento en materia de vivienda, que se hayan visto privados de ella, por motivo de impago de deudas o raz\u00f3n de su vulnerabilidad.<\/p>\n\n\n\n<p>Solicitud de la compensaci\u00f3n de arrendadores y registros de demandantes de vivienda social.<\/p>\n\n\n\n<p>La atenci\u00f3n presencial se realizar\u00e1 durante este mes de febrero los martes d\u00eda 11 y 25 en las dependencias del ayuntamiento: Avenida Marqu\u00e9s de Dos Aguas, 6<\/p>\n\n\n\n<p>La atenci\u00f3n se realizar\u00e1 mediante asignaci\u00f3n de cita previa en el tel\u00e9fono 635.70.70.81&nbsp; \u00f3 en el correo electr\u00f3nico:&nbsp; <a href=\"mailto:oficina.xaloc@gmail.com\">oficina.xaloc@gmail.com<\/a><\/p>\n\n\n\n<p>Este nuevo servicio debe permitir aumentar sustancialmente el n\u00famero de consultas realizadas se\u00f1alando adem\u00e1s el valor que supone evitar desplazamientos y aproximar la administraci\u00f3n al lugar de residencia de la ciudadan\u00eda, consiguiendo un reparto m\u00e1s equitativo de las atenciones en los municipios que forman parte de la Mancomunidad.<\/p>\n\n\n\n<p>M\u00e1s informaci\u00f3n: <a href=\"https:\/\/bit.ly\/MancomunidadAyudasVivienda\">https:\/\/bit.ly\/MancomunidadAyudasVivienda<\/a><\/p>\n","protected":false},"excerpt":{"rendered":"<div class=\"mh-excerpt\">La Mancomunidad Hoya de Bu\u00f1ol Chiva reactiva la asistencia t\u00e9cnica presencial de la Oficina Xaloc en el municipio de Dos Aguas, contando con atenci\u00f3n presencial una vez cada quince d\u00edas.&nbsp; &nbsp; &nbsp; Durante los d\u00edas <a class=\"mh-excerpt-more\" href=\"https:\/\/www.tucomarca.com\/wordpress\/segunda\/la-mancomunidad-hoya-de-bunol-chiva-iniciara-la-atencion-itinerante-de-servicios-de-su-oficina-xaloc\/\" title=\"La Mancomunidad Hoya de Bu\u00f1ol Chiva iniciar\u00e1 la atenci\u00f3n itinerante de servicios de su oficina Xaloc\">[+] <\/a><\/div>\n","protected":false},"author":13,"featured_media":252390,"comment_status":"open","ping_status":"open","sticky":false,"template":"","format":"standard","meta":{"footnotes":""},"categories":[15,128,8,10,142,3],"tags":[1191,10412,5952],"class_list":{"0":"post-252389","1":"post","2":"type-post","3":"status-publish","4":"format-standard","5":"has-post-thumbnail","7":"category-dos-aguas","8":"category-infraestructuras","9":"category-la-comarca","10":"category-la-hoya","11":"category-politica-la-comarca","12":"category-seccion","13":"tag-dos-aguas-2","14":"tag-infraestructuras","15":"tag-la-hoya-de-bunol-chiva"},"_links":{"self":[{"href":"https:\/\/www.tucomarca.com\/wordpress\/segunda\/wp-json\/wp\/v2\/posts\/252389","targetHints":{"allow":["GET"]}}],"collection":[{"href":"https:\/\/www.tucomarca.com\/wordpress\/segunda\/wp-json\/wp\/v2\/posts"}],"about":[{"href":"https:\/\/www.tucomarca.com\/wordpress\/segunda\/wp-json\/wp\/v2\/types\/post"}],"author":[{"embeddable":true,"href":"https:\/\/www.tucomarca.com\/wordpress\/segunda\/wp-json\/wp\/v2\/users\/13"}],"replies":[{"embeddable":true,"href":"https:\/\/www.tucomarca.com\/wordpress\/segunda\/wp-json\/wp\/v2\/comments?post=252389"}],"version-history":[{"count":0,"href":"https:\/\/www.tucomarca.com\/wordpress\/segunda\/wp-json\/wp\/v2\/posts\/252389\/revisions"}],"wp:featuredmedia":[{"embeddable":true,"href":"https:\/\/www.tucomarca.com\/wordpress\/segunda\/wp-json\/wp\/v2\/media\/252390"}],"wp:attachment":[{"href":"https:\/\/www.tucomarca.com\/wordpress\/segunda\/wp-json\/wp\/v2\/media?parent=252389"}],"wp:term":[{"taxonomy":"category","embeddable":true,"href":"https:\/\/www.tucomarca.com\/wordpress\/segunda\/wp-json\/wp\/v2\/categories?post=252389"},{"taxonomy":"post_tag","embeddable":true,"href":"https:\/\/www.tucomarca.com\/wordpress\/segunda\/wp-json\/wp\/v2\/tags?post=252389"}],"curies":[{"name":"wp","href":"https:\/\/api.w.org\/{rel}","templated":true}]}}