{"id":252395,"date":"2025-01-31T12:35:00","date_gmt":"2025-01-31T11:35:00","guid":{"rendered":"https:\/\/www.tucomarca.com\/wordpress\/segunda\/?p=252395"},"modified":"2025-01-31T19:10:56","modified_gmt":"2025-01-31T18:10:56","slug":"cheste-celebra-el-dia-escolar-de-la-no-violencia-y-la-paz","status":"publish","type":"post","link":"https:\/\/www.tucomarca.com\/wordpress\/segunda\/cheste-celebra-el-dia-escolar-de-la-no-violencia-y-la-paz\/","title":{"rendered":"Cheste celebra el d\u00eda escolar de la no violencia y la Paz"},"content":{"rendered":"\n<p>Ayer, jueves 30 de enero, el alumnado y profesorado de los centros educativos de Cheste se reunieron en la plaza Doctor Cajal en un emotivo acto por La Paz organizado junto con la Concejal\u00eda de Educaci\u00f3n.&nbsp;<\/p>\n\n\n\n<p>\u201cEste a\u00f1o todos los colegios de Cheste y el Ayuntamiento decidimos organizar esta concentraci\u00f3n y marcha por la paz, para pedir que paren las guerras, todas las guerras, con un recuerdo muy especial para todos los ni\u00f1os y ni\u00f1as que sufren sus efectos y no pueden jugar, ni aprender, ni comer, ni descansar en una vivienda digna y, lo que es mucho m\u00e1s grave, que mueren por miles cada d\u00eda, para verg\u00fcenza de una humanidad que no respeta lo m\u00e1s valioso, la infancia, el futuro\u201d, afirmaba la concejala M\u00aa \u00c1ngeles Llorente, en su discurso de bienvenida. \u201cDesde Cheste les decimos a los causantes de tanta barbarie: Basta ya de tanta muerte, de tanto sufrimiento de tantas v\u00edctimas inocentes. Para ello vamos a levantar vuestras voces, formando un canto colectivo que llegue al cielo y vaya volando por las nubes agitando las conciencias y pidiendo paz, paz y siempre paz\u201d.<\/p>\n\n\n\n<p>Tras el discurso, representantes del alumnado de los CEIP Francisco Giner de los R\u00edos, Blasco Ib\u00e1\u00f1ez y Ana Lluch; del Colegio San Jos\u00e9 de la Monta\u00f1a, del IES Ricardo Mar\u00edn y del Centro de Formaci\u00f3n de Personas Adultas, leyeron un manifiesto conjunto en favor de la Paz, clamando por el fin de las guerras y por la convivencia pac\u00edfica y respetuosa, empezando por el entorno m\u00e1s cercano.<\/p>\n\n\n\n<p>Al finalizar las lecturas se soltaron palomas por parte del alumnado, como un acto simb\u00f3lico.&nbsp; Tras ellos, el cantante local Jos\u00e9 Vicente Domingo interpret\u00f3 la canci\u00f3n popular infantil <em>Samba por la Paz<\/em> y el tema <em>Paz, Paz, Paz<\/em>, de Juanes, y los ni\u00f1os y las ni\u00f1as bailaron las coreograf\u00edas conjuntas que hab\u00edan preparado.<\/p>\n\n\n\n<p>La jornada concluy\u00f3 con una marcha pacifista por el centro de la localidad, con pancartas en las que se pod\u00edan leer consignas como \u201cLa primera condici\u00f3n para la Paz es la voluntad de lograrla\u201d, del fil\u00f3sofo Juan Luis Vives; \u201cLa Paz comienza con una sonrisa\u201d, de Teresa de Calcuta, o la reivindicativa \u201cLos ni\u00f1os y las ni\u00f1as de todo el mundo queremos la Paz\u201d.<\/p>\n\n\n\n<figure class=\"wp-block-gallery has-nested-images columns-default is-cropped wp-block-gallery-1 is-layout-flex wp-block-gallery-is-layout-flex\">\n<figure class=\"wp-block-image size-large\"><img loading=\"lazy\" decoding=\"async\" width=\"1024\" height=\"682\" data-id=\"252400\" src=\"https:\/\/www.tucomarca.com\/wordpress\/segunda\/wp-content\/uploads\/2025\/01\/Cheste_DiaPaz3-1024x682.jpg\" alt=\"\" class=\"wp-image-252400\" srcset=\"https:\/\/www.tucomarca.com\/wordpress\/segunda\/wp-content\/uploads\/2025\/01\/Cheste_DiaPaz3-1024x682.jpg 1024w, https:\/\/www.tucomarca.com\/wordpress\/segunda\/wp-content\/uploads\/2025\/01\/Cheste_DiaPaz3-300x200.jpg 300w, https:\/\/www.tucomarca.com\/wordpress\/segunda\/wp-content\/uploads\/2025\/01\/Cheste_DiaPaz3-768x512.jpg 768w, https:\/\/www.tucomarca.com\/wordpress\/segunda\/wp-content\/uploads\/2025\/01\/Cheste_DiaPaz3-1536x1024.jpg 1536w, https:\/\/www.tucomarca.com\/wordpress\/segunda\/wp-content\/uploads\/2025\/01\/Cheste_DiaPaz3.jpg 1772w\" sizes=\"auto, (max-width: 1024px) 100vw, 1024px\" \/><\/figure>\n\n\n\n<figure class=\"wp-block-image size-large\"><img loading=\"lazy\" decoding=\"async\" width=\"1024\" height=\"682\" data-id=\"252398\" src=\"https:\/\/www.tucomarca.com\/wordpress\/segunda\/wp-content\/uploads\/2025\/01\/Cheste_DiaPaz2-1024x682.jpg\" alt=\"\" class=\"wp-image-252398\" srcset=\"https:\/\/www.tucomarca.com\/wordpress\/segunda\/wp-content\/uploads\/2025\/01\/Cheste_DiaPaz2-1024x682.jpg 1024w, https:\/\/www.tucomarca.com\/wordpress\/segunda\/wp-content\/uploads\/2025\/01\/Cheste_DiaPaz2-300x200.jpg 300w, https:\/\/www.tucomarca.com\/wordpress\/segunda\/wp-content\/uploads\/2025\/01\/Cheste_DiaPaz2-768x512.jpg 768w, https:\/\/www.tucomarca.com\/wordpress\/segunda\/wp-content\/uploads\/2025\/01\/Cheste_DiaPaz2-1536x1024.jpg 1536w, https:\/\/www.tucomarca.com\/wordpress\/segunda\/wp-content\/uploads\/2025\/01\/Cheste_DiaPaz2.jpg 1772w\" sizes=\"auto, (max-width: 1024px) 100vw, 1024px\" \/><\/figure>\n<\/figure>\n","protected":false},"excerpt":{"rendered":"<div class=\"mh-excerpt\">Ayer, jueves 30 de enero, el alumnado y profesorado de los centros educativos de Cheste se reunieron en la plaza Doctor Cajal en un emotivo acto por La Paz organizado junto con la Concejal\u00eda de <a class=\"mh-excerpt-more\" href=\"https:\/\/www.tucomarca.com\/wordpress\/segunda\/cheste-celebra-el-dia-escolar-de-la-no-violencia-y-la-paz\/\" title=\"Cheste celebra el d\u00eda escolar de la no violencia y la Paz\">[+] <\/a><\/div>\n","protected":false},"author":13,"featured_media":252396,"comment_status":"open","ping_status":"open","sticky":false,"template":"","format":"standard","meta":{"footnotes":""},"categories":[17,8,10,7,3],"tags":[339,5952,15855],"class_list":{"0":"post-252395","1":"post","2":"type-post","3":"status-publish","4":"format-standard","5":"has-post-thumbnail","7":"category-cheste","8":"category-la-comarca","9":"category-la-hoya","10":"category-ocio-y-cultura","11":"category-seccion","12":"tag-cheste-2","13":"tag-la-hoya-de-bunol-chiva","14":"tag-ocio-y-cultura"},"_links":{"self":[{"href":"https:\/\/www.tucomarca.com\/wordpress\/segunda\/wp-json\/wp\/v2\/posts\/252395","targetHints":{"allow":["GET"]}}],"collection":[{"href":"https:\/\/www.tucomarca.com\/wordpress\/segunda\/wp-json\/wp\/v2\/posts"}],"about":[{"href":"https:\/\/www.tucomarca.com\/wordpress\/segunda\/wp-json\/wp\/v2\/types\/post"}],"author":[{"embeddable":true,"href":"https:\/\/www.tucomarca.com\/wordpress\/segunda\/wp-json\/wp\/v2\/users\/13"}],"replies":[{"embeddable":true,"href":"https:\/\/www.tucomarca.com\/wordpress\/segunda\/wp-json\/wp\/v2\/comments?post=252395"}],"version-history":[{"count":0,"href":"https:\/\/www.tucomarca.com\/wordpress\/segunda\/wp-json\/wp\/v2\/posts\/252395\/revisions"}],"wp:featuredmedia":[{"embeddable":true,"href":"https:\/\/www.tucomarca.com\/wordpress\/segunda\/wp-json\/wp\/v2\/media\/252396"}],"wp:attachment":[{"href":"https:\/\/www.tucomarca.com\/wordpress\/segunda\/wp-json\/wp\/v2\/media?parent=252395"}],"wp:term":[{"taxonomy":"category","embeddable":true,"href":"https:\/\/www.tucomarca.com\/wordpress\/segunda\/wp-json\/wp\/v2\/categories?post=252395"},{"taxonomy":"post_tag","embeddable":true,"href":"https:\/\/www.tucomarca.com\/wordpress\/segunda\/wp-json\/wp\/v2\/tags?post=252395"}],"curies":[{"name":"wp","href":"https:\/\/api.w.org\/{rel}","templated":true}]}}