{"id":252408,"date":"2025-01-31T11:15:00","date_gmt":"2025-01-31T10:15:00","guid":{"rendered":"https:\/\/www.tucomarca.com\/wordpress\/segunda\/?p=252408"},"modified":"2025-01-31T19:04:36","modified_gmt":"2025-01-31T18:04:36","slug":"la-ministra-de-vivienda-visita-terrenos-del-sepes-en-utiel-y-anuncia-la-construccion-de-30-viviendas-en-alquiler-asequible-para-jovenes-y-46-millones-de-euros-para-la-reconstruccion","status":"publish","type":"post","link":"https:\/\/www.tucomarca.com\/wordpress\/segunda\/la-ministra-de-vivienda-visita-terrenos-del-sepes-en-utiel-y-anuncia-la-construccion-de-30-viviendas-en-alquiler-asequible-para-jovenes-y-46-millones-de-euros-para-la-reconstruccion\/","title":{"rendered":"La Ministra de Vivienda visita terrenos del SEPES en Utiel y anuncia la construcci\u00f3n de 30 viviendas en alquiler asequible para j\u00f3venes y 46 millones de euros para la reconstrucci\u00f3n\u00a0"},"content":{"rendered":"\n<h3 class=\"wp-block-heading\">El alcalde de Utiel, Ricardo Gabald\u00f3n, ha agradecido al Ministerio de Vivienda&nbsp; la cesi\u00f3n de 14 pisos de la SAREB para damnificados DANA y la&nbsp; puesta en marcha de una nueva promoci\u00f3n de vivienda para los m\u00e1s j\u00f3venes.<\/h3>\n\n\n\n<h3 class=\"wp-block-heading\">Isabel Rodriguez tambi\u00e9n ha anunciado la inyecci\u00f3n de 10 millones de euros para Utiel como localidad afectada por la riada que pasa a adherirse al proyecto de Agenda Urbana.<\/h3>\n\n\n\n<p>Este viernes por la ma\u00f1ana,\u00a0 la Ministra del Vivienda y Agenda Urbana, Isabel Rodriguez y la Delegada del Gobierno en la Comunidad Valenciana, Pilar Bernab\u00e9,\u00a0 acompa\u00f1adas por el alcalde de Utiel , Ricardo Gabald\u00f3n, han vistado terrenos de suelo p\u00fablico del SEPES en Utiel donde\u00a0 se proyecta la promoci\u00f3n de 30 viviendas de alquiler asequible para j\u00f3venes con una inversi\u00f3n de 3.5 millones de euros.<\/p>\n\n\n\n<p>Isabel Rodriguez tambi\u00e9n ha anunciado que el Gobierno de Espa\u00f1a asumir\u00e1 el coste de la reconstrucci\u00f3n de&nbsp; infraestrucutras y edificios da\u00f1ados por la DANA en el municipio con un presupuesto total de 46 millones de euros y adem\u00e1s, destinar\u00e1 10 millones a Utiel como localidad que pasa a incorporarse al proyecto de Agenda Urbana.<\/p>\n\n\n\n<p>Previamente,&nbsp; la Ministra de Vivienda junto al alcalde de Utiel y la Delegada del Gobierno, visitaban una de las 14 viviendas de la SAREB&nbsp; habilitadas para damnificados por la DANA en el municipio y han tenido la oportunidad de conversar con los afectados y conocer sus principales demandas.<\/p>\n\n\n\n<p>El alcalde de Utiel, Ricardo Gabald\u00f3n, ha agradecido el apoyo&nbsp; del Ministerio de Vivienda&nbsp; con la cesi\u00f3n de&nbsp; esas viviendas para las familias que perdieron sus hogares y necesitaban con urgencia un lugar donde vivir y ha agradecido las&nbsp; inversiones destinadas al municpio con la construcci\u00f3n de nueva vivienda \u201c estos proyectos permitir\u00e1n a nuestros&nbsp; j\u00f3venes quedarse en su ciudad y a su vez podr\u00e1n ayudar a expandir el tejido empresarial en el municipio\u201d apuntaba Ricardo Gabald\u00f3n.<\/p>\n","protected":false},"excerpt":{"rendered":"<div class=\"mh-excerpt\">El alcalde de Utiel, Ricardo Gabald\u00f3n, ha agradecido al Ministerio de Vivienda&nbsp; la cesi\u00f3n de 14 pisos de la SAREB para damnificados DANA y la&nbsp; puesta en marcha de una nueva promoci\u00f3n de vivienda para <a class=\"mh-excerpt-more\" href=\"https:\/\/www.tucomarca.com\/wordpress\/segunda\/la-ministra-de-vivienda-visita-terrenos-del-sepes-en-utiel-y-anuncia-la-construccion-de-30-viviendas-en-alquiler-asequible-para-jovenes-y-46-millones-de-euros-para-la-reconstruccion\/\" title=\"La Ministra de Vivienda visita terrenos del SEPES en Utiel y anuncia la construcci\u00f3n de 30 viviendas en alquiler asequible para j\u00f3venes y 46 millones de euros para la reconstrucci\u00f3n\u00a0\">[+] <\/a><\/div>\n","protected":false},"author":13,"featured_media":252411,"comment_status":"open","ping_status":"open","sticky":false,"template":"","format":"standard","meta":{"footnotes":""},"categories":[128,8,117,142,27,3,116,29,45],"tags":[10412,32,10387,10389],"class_list":{"0":"post-252408","1":"post","2":"type-post","3":"status-publish","4":"format-standard","5":"has-post-thumbnail","7":"category-infraestructuras","8":"category-la-comarca","9":"category-medio-ambiente-la-comarca","10":"category-politica-la-comarca","11":"category-requena-utiel","12":"category-seccion","13":"category-sucesos-la-comarca","14":"category-utiel","15":"category-ventana","16":"tag-infraestructuras","17":"tag-politica","18":"tag-requena-utiel","19":"tag-utiel"},"_links":{"self":[{"href":"https:\/\/www.tucomarca.com\/wordpress\/segunda\/wp-json\/wp\/v2\/posts\/252408","targetHints":{"allow":["GET"]}}],"collection":[{"href":"https:\/\/www.tucomarca.com\/wordpress\/segunda\/wp-json\/wp\/v2\/posts"}],"about":[{"href":"https:\/\/www.tucomarca.com\/wordpress\/segunda\/wp-json\/wp\/v2\/types\/post"}],"author":[{"embeddable":true,"href":"https:\/\/www.tucomarca.com\/wordpress\/segunda\/wp-json\/wp\/v2\/users\/13"}],"replies":[{"embeddable":true,"href":"https:\/\/www.tucomarca.com\/wordpress\/segunda\/wp-json\/wp\/v2\/comments?post=252408"}],"version-history":[{"count":0,"href":"https:\/\/www.tucomarca.com\/wordpress\/segunda\/wp-json\/wp\/v2\/posts\/252408\/revisions"}],"wp:featuredmedia":[{"embeddable":true,"href":"https:\/\/www.tucomarca.com\/wordpress\/segunda\/wp-json\/wp\/v2\/media\/252411"}],"wp:attachment":[{"href":"https:\/\/www.tucomarca.com\/wordpress\/segunda\/wp-json\/wp\/v2\/media?parent=252408"}],"wp:term":[{"taxonomy":"category","embeddable":true,"href":"https:\/\/www.tucomarca.com\/wordpress\/segunda\/wp-json\/wp\/v2\/categories?post=252408"},{"taxonomy":"post_tag","embeddable":true,"href":"https:\/\/www.tucomarca.com\/wordpress\/segunda\/wp-json\/wp\/v2\/tags?post=252408"}],"curies":[{"name":"wp","href":"https:\/\/api.w.org\/{rel}","templated":true}]}}