{"id":252541,"date":"2025-02-01T17:00:00","date_gmt":"2025-02-01T16:00:00","guid":{"rendered":"https:\/\/www.tucomarca.com\/wordpress\/segunda\/?p=252541"},"modified":"2025-02-03T12:48:45","modified_gmt":"2025-02-03T11:48:45","slug":"rescatan-en-helicoptero-a-un-ciclista-accidentado-en-una-ruta-de-quesa","status":"publish","type":"post","link":"https:\/\/www.tucomarca.com\/wordpress\/segunda\/rescatan-en-helicoptero-a-un-ciclista-accidentado-en-una-ruta-de-quesa\/","title":{"rendered":"Rescatan en helic\u00f3ptero a un ciclista accidentado en una ruta de Quesa"},"content":{"rendered":"\n<p>Efectivos del Consorcio Provincial de Bomberos de Val\u00e8ncia han rescatado en helic\u00f3ptero a un ciclista que se lesion\u00f3 al caer en una ruta del t\u00e9rmino municipal de Quesa este pasado s\u00e1bado.<\/p>\n\n\n\n<p>En las tareas de rescate han actuado rescatadores del GERA con el helic\u00f3ptero V-990 del Consorcio Provincial, dotado de un m\u00e9dico, quien ha atendido al ciclista por lesi\u00f3n en el brazo. <\/p>\n\n\n\n<p>El herido ha sido inmovilizado y evacuado v\u00eda a\u00e9rea hasta la helisuperf\u00edcie de Alzira para ser transferido a los medios sanitarios.<\/p>\n\n\n\n<figure class=\"wp-block-image size-large\"><img loading=\"lazy\" decoding=\"async\" width=\"1024\" height=\"768\" src=\"https:\/\/www.tucomarca.com\/wordpress\/segunda\/wp-content\/uploads\/2025\/02\/BomberosCiclistaQuesa-1024x768.jpeg\" alt=\"\" class=\"wp-image-252549\" srcset=\"https:\/\/www.tucomarca.com\/wordpress\/segunda\/wp-content\/uploads\/2025\/02\/BomberosCiclistaQuesa-1024x768.jpeg 1024w, https:\/\/www.tucomarca.com\/wordpress\/segunda\/wp-content\/uploads\/2025\/02\/BomberosCiclistaQuesa-300x225.jpeg 300w, https:\/\/www.tucomarca.com\/wordpress\/segunda\/wp-content\/uploads\/2025\/02\/BomberosCiclistaQuesa-768x576.jpeg 768w, https:\/\/www.tucomarca.com\/wordpress\/segunda\/wp-content\/uploads\/2025\/02\/BomberosCiclistaQuesa-1536x1152.jpeg 1536w, https:\/\/www.tucomarca.com\/wordpress\/segunda\/wp-content\/uploads\/2025\/02\/BomberosCiclistaQuesa-678x509.jpeg 678w, https:\/\/www.tucomarca.com\/wordpress\/segunda\/wp-content\/uploads\/2025\/02\/BomberosCiclistaQuesa-326x245.jpeg 326w, https:\/\/www.tucomarca.com\/wordpress\/segunda\/wp-content\/uploads\/2025\/02\/BomberosCiclistaQuesa-80x60.jpeg 80w, https:\/\/www.tucomarca.com\/wordpress\/segunda\/wp-content\/uploads\/2025\/02\/BomberosCiclistaQuesa.jpeg 1920w\" sizes=\"auto, (max-width: 1024px) 100vw, 1024px\" \/><\/figure>\n","protected":false},"excerpt":{"rendered":"<div class=\"mh-excerpt\">Efectivos del Consorcio Provincial de Bomberos de Val\u00e8ncia han rescatado en helic\u00f3ptero a un ciclista que se lesion\u00f3 al caer en una ruta del t\u00e9rmino municipal de Quesa este pasado s\u00e1bado. En las tareas de <a class=\"mh-excerpt-more\" href=\"https:\/\/www.tucomarca.com\/wordpress\/segunda\/rescatan-en-helicoptero-a-un-ciclista-accidentado-en-una-ruta-de-quesa\/\" title=\"Rescatan en helic\u00f3ptero a un ciclista accidentado en una ruta de Quesa\">[+] <\/a><\/div>\n","protected":false},"author":1,"featured_media":252551,"comment_status":"open","ping_status":"open","sticky":false,"template":"","format":"standard","meta":{"footnotes":""},"categories":[70,8,72,164,3,116,45],"tags":[20341,1452,10427,2596],"class_list":{"0":"post-252541","1":"post","2":"type-post","3":"status-publish","4":"format-standard","5":"has-post-thumbnail","7":"category-la-canal-de-navarres","8":"category-la-comarca","9":"category-sin-categorizar","10":"category-quesa","11":"category-seccion","12":"category-sucesos-la-comarca","13":"category-ventana","14":"tag-bomberos-consorcio-provincial-de-bomberos-de-valencia","15":"tag-la-canal-de-navarres-2","16":"tag-quesa","17":"tag-rescate"},"_links":{"self":[{"href":"https:\/\/www.tucomarca.com\/wordpress\/segunda\/wp-json\/wp\/v2\/posts\/252541","targetHints":{"allow":["GET"]}}],"collection":[{"href":"https:\/\/www.tucomarca.com\/wordpress\/segunda\/wp-json\/wp\/v2\/posts"}],"about":[{"href":"https:\/\/www.tucomarca.com\/wordpress\/segunda\/wp-json\/wp\/v2\/types\/post"}],"author":[{"embeddable":true,"href":"https:\/\/www.tucomarca.com\/wordpress\/segunda\/wp-json\/wp\/v2\/users\/1"}],"replies":[{"embeddable":true,"href":"https:\/\/www.tucomarca.com\/wordpress\/segunda\/wp-json\/wp\/v2\/comments?post=252541"}],"version-history":[{"count":0,"href":"https:\/\/www.tucomarca.com\/wordpress\/segunda\/wp-json\/wp\/v2\/posts\/252541\/revisions"}],"wp:featuredmedia":[{"embeddable":true,"href":"https:\/\/www.tucomarca.com\/wordpress\/segunda\/wp-json\/wp\/v2\/media\/252551"}],"wp:attachment":[{"href":"https:\/\/www.tucomarca.com\/wordpress\/segunda\/wp-json\/wp\/v2\/media?parent=252541"}],"wp:term":[{"taxonomy":"category","embeddable":true,"href":"https:\/\/www.tucomarca.com\/wordpress\/segunda\/wp-json\/wp\/v2\/categories?post=252541"},{"taxonomy":"post_tag","embeddable":true,"href":"https:\/\/www.tucomarca.com\/wordpress\/segunda\/wp-json\/wp\/v2\/tags?post=252541"}],"curies":[{"name":"wp","href":"https:\/\/api.w.org\/{rel}","templated":true}]}}