{"id":252593,"date":"2025-02-03T12:00:00","date_gmt":"2025-02-03T11:00:00","guid":{"rendered":"https:\/\/www.tucomarca.com\/wordpress\/segunda\/?p=252593"},"modified":"2025-02-03T18:20:01","modified_gmt":"2025-02-03T17:20:01","slug":"la-diputacio-invierte-4-millones-de-euros-en-la-recuperacion-de-la-carretera-cv-395-entre-sot-de-chera-y-chera","status":"publish","type":"post","link":"https:\/\/www.tucomarca.com\/wordpress\/segunda\/la-diputacio-invierte-4-millones-de-euros-en-la-recuperacion-de-la-carretera-cv-395-entre-sot-de-chera-y-chera\/","title":{"rendered":"La Diputaci\u00f3 invierte 4 millones de euros en la recuperaci\u00f3n de la carretera CV-395 entre Sot de Chera y Chera"},"content":{"rendered":"\n<h3 class=\"wp-block-heading\">La diputada y vicepresidenta segunda, Reme Mazzolari, se re\u00fane con el alcalde de Sot de Chera, Tom\u00e1s Cervera, y anuncia que la instituci\u00f3n provincial estudiar\u00e1 la adecuaci\u00f3n del puente sobre el r\u00edo Turia, \u201cuna infraestructura que supone la salida natural del municipio, y por tanto clave para eventuales situaciones de emergencia\u201d.<\/h3>\n\n\n\n<h3 class=\"wp-block-heading\">De manera paralela, la Diputaci\u00f3 ha articulado una conexi\u00f3n provisional, tanto peatonal como para tr\u00e1fico rodado, entre las dos partes que quedaron incomunicadas entre s\u00ed dentro del casco urbano del municipio.<\/h3>\n\n\n\n<p>La Diputaci\u00f3 de Val\u00e8ncia avanza en la reparaci\u00f3n de las comunicaciones por carretera que se vieron afectadas por el paso de la dana, tanto en el n\u00facleo poblacional de Sot de Chera como en la CV-395, que conecta este municipio de La Serran\u00eda con la localidad vecina de Chera.<\/p>\n\n\n\n<p>La diputada de Carreteras, Reme Mazzolari, ha mantenido un encuentro con el alcalde, Tom\u00e1s Cervera, en la que han analizado los trabajos ya concluidos y han abordado los plazos previstos para concluir las obras que se est\u00e1n ejecutando en este momento. Todos ellos se enmarcan en el entorno del r\u00edo Reatillo, tambi\u00e9n conocido como r\u00edo Sot, que circula en paralelo a la carretera y atraviesa el n\u00facleo habitado del municipio.<\/p>\n\n\n\n<p>En este aspecto, Mazzolari ha anunciado que \u201cuna vez finalizada la intervenci\u00f3n sobre el casco urbano, que era de m\u00e1xima urgencia porque ten\u00eda el pueblo dividido en dos partes incomunicadas entre s\u00ed, se est\u00e1n redoblando esfuerzos para la recuperaci\u00f3n de la CV-395, una carretera vital para la poblaci\u00f3n que tiene que desplazarse habitualmente a Chera y a Requena\u201d.<\/p>\n\n\n\n<p>Asimismo, la tambi\u00e9n vicepresidenta segunda de la Diputaci\u00f3 ha anunciado que el personal t\u00e9cnico del \u00e1rea de Carreteras est\u00e1 estudiando la posibilidad de ensanchar y adecuar el puente que cruza el r\u00edo Turia \u201cuna infraestructura que supone la conexi\u00f3n natural del municipio en direcci\u00f3n este, y por tanto clave, tanto para la poblaci\u00f3n como para facilitar el paso de veh\u00edculos de emergencia en caso de necesidad\u201d, y ha recordado que \u201cla propia orograf\u00eda de Sot, en la que el r\u00edo pasa por el centro del pueblo, lo convierte en especialmente vulnerable\u201d.<\/p>\n\n\n\n<p>Por su parte, el alcalde de Sot de Chera, Tom\u00e1s Cervera, ha destacado el problema diario que supone para el municipio tener la carretera destrozada: \u201cparte del personal del municipio y los suministros que recibe el pueblo suelen venir desde Requena, se ha buscado v\u00edas alternativas, pero necesitan una actuaci\u00f3n para que el paso de los veh\u00edculos sea viable\u201d. Adem\u00e1s, ha explicado el alcalde, \u201ces muy importante para el pueblo disponer de una doble v\u00eda de salida del municipio, sobre todo por si ocurriera alguna emergencia; ahora tenemos garantizada la salida por Chulilla, pero necesitamos tener otra estable hacia Chera y Requena\u201d.<\/p>\n\n\n\n<figure class=\"wp-block-gallery has-nested-images columns-default is-cropped wp-block-gallery-1 is-layout-flex wp-block-gallery-is-layout-flex\">\n<figure class=\"wp-block-image size-large\"><img loading=\"lazy\" decoding=\"async\" width=\"1024\" height=\"683\" data-id=\"252601\" src=\"https:\/\/www.tucomarca.com\/wordpress\/segunda\/wp-content\/uploads\/2025\/02\/CHERApuenteSobreTuria-1024x683.jpg\" alt=\"\" class=\"wp-image-252601\" srcset=\"https:\/\/www.tucomarca.com\/wordpress\/segunda\/wp-content\/uploads\/2025\/02\/CHERApuenteSobreTuria-1024x683.jpg 1024w, https:\/\/www.tucomarca.com\/wordpress\/segunda\/wp-content\/uploads\/2025\/02\/CHERApuenteSobreTuria-300x200.jpg 300w, https:\/\/www.tucomarca.com\/wordpress\/segunda\/wp-content\/uploads\/2025\/02\/CHERApuenteSobreTuria-768x512.jpg 768w, https:\/\/www.tucomarca.com\/wordpress\/segunda\/wp-content\/uploads\/2025\/02\/CHERApuenteSobreTuria-1536x1024.jpg 1536w, https:\/\/www.tucomarca.com\/wordpress\/segunda\/wp-content\/uploads\/2025\/02\/CHERApuenteSobreTuria-2048x1366.jpg 2048w\" sizes=\"auto, (max-width: 1024px) 100vw, 1024px\" \/><\/figure>\n\n\n\n<figure class=\"wp-block-image size-large\"><img loading=\"lazy\" decoding=\"async\" width=\"1024\" height=\"683\" data-id=\"252604\" src=\"https:\/\/www.tucomarca.com\/wordpress\/segunda\/wp-content\/uploads\/2025\/02\/SotDeChera-1024x683.jpg\" alt=\"\" class=\"wp-image-252604\" srcset=\"https:\/\/www.tucomarca.com\/wordpress\/segunda\/wp-content\/uploads\/2025\/02\/SotDeChera-1024x683.jpg 1024w, https:\/\/www.tucomarca.com\/wordpress\/segunda\/wp-content\/uploads\/2025\/02\/SotDeChera-300x200.jpg 300w, https:\/\/www.tucomarca.com\/wordpress\/segunda\/wp-content\/uploads\/2025\/02\/SotDeChera-768x512.jpg 768w, https:\/\/www.tucomarca.com\/wordpress\/segunda\/wp-content\/uploads\/2025\/02\/SotDeChera-1536x1024.jpg 1536w, https:\/\/www.tucomarca.com\/wordpress\/segunda\/wp-content\/uploads\/2025\/02\/SotDeChera-2048x1366.jpg 2048w\" sizes=\"auto, (max-width: 1024px) 100vw, 1024px\" \/><\/figure>\n<\/figure>\n\n\n\n<p><strong>Restablecimiento de la comunicaci\u00f3n con Chera&nbsp;<\/strong><\/p>\n\n\n\n<p>Con 4,1 millones de presupuesto y un plazo de ejecuci\u00f3n previsto de 14 meses, la intervenci\u00f3n sobre la CV-395 supone, en las partes con mayor afecci\u00f3n, \u201cla pr\u00e1ctica reconstrucci\u00f3n de varios tramos que literalmente desaparecieron por la avenida de agua procedente del Reatillo\u201d, confirma Reme Mazzolari, que incide en que \u201cel cambio de orograf\u00eda del r\u00edo como consecuencia de la fuerza del agua supone un desaf\u00edo a\u00f1adido, porque implica abordar a fondo nuevas soluciones adaptadas al curso actual del cauce, con especial atenci\u00f3n a las zonas de drenaje\u201d.<\/p>\n\n\n\n<p>As\u00ed, las principales actuaciones de emergencia se centran, adem\u00e1s de la propia reconstrucci\u00f3n de la carretera, en la adecuaci\u00f3n de sistemas de contenci\u00f3n y en estabilizaci\u00f3n de taludes. La secci\u00f3n proyectada para la CV-395 tiene un ancho de 5-6 metros para dos carriles, as\u00ed como sus correspondientes arcenes y bermas.<\/p>\n\n\n\n<p><strong>Reconexi\u00f3n dentro del casco urbano<\/strong><\/p>\n\n\n\n<p>La primera intervenci\u00f3n del \u00e1rea de Carreteras en Sot de Chera tras el episodio de lluvias sirvi\u00f3 para recuperar la comunicaci\u00f3n, tanto para peatones como para el tr\u00e1fico rodado, entre las dos zonas del municipio que est\u00e1n delimitadas por el cauce.<\/p>\n\n\n\n<p>As\u00ed, dado que colaps\u00f3 el puente y la pasarela que cruzan el r\u00edo, el personal t\u00e9cnico de la Diputaci\u00f3 articul\u00f3 una soluci\u00f3n temporal de emergencia ya ejecutada que posibilita el paso peatonal a trav\u00e9s de una infraestructura a modo de escalera.<\/p>\n\n\n\n<p>Asimismo, se ha recuperado tambi\u00e9n el paso del tr\u00e1fico rodado gracias a la instalaci\u00f3n de un bad\u00e9n inundable que permite el paso de veh\u00edculos, a la espera de la reconstrucci\u00f3n definitiva del puente afectado, que llevar\u00e1 a cabo la Conselleria de Medio Ambiente, Infraestructuras y Territorio; seg\u00fan la distribuci\u00f3n de actuaciones acordada entre Diputaci\u00f3n, Generalitat y Ministerio de Transportes.<\/p>\n","protected":false},"excerpt":{"rendered":"<div class=\"mh-excerpt\">La diputada y vicepresidenta segunda, Reme Mazzolari, se re\u00fane con el alcalde de Sot de Chera, Tom\u00e1s Cervera, y anuncia que la instituci\u00f3n provincial estudiar\u00e1 la adecuaci\u00f3n del puente sobre el r\u00edo Turia, \u201cuna infraestructura <a class=\"mh-excerpt-more\" href=\"https:\/\/www.tucomarca.com\/wordpress\/segunda\/la-diputacio-invierte-4-millones-de-euros-en-la-recuperacion-de-la-carretera-cv-395-entre-sot-de-chera-y-chera\/\" title=\"La Diputaci\u00f3 invierte 4 millones de euros en la recuperaci\u00f3n de la carretera CV-395 entre Sot de Chera y Chera\">[+] <\/a><\/div>\n","protected":false},"author":1,"featured_media":252599,"comment_status":"open","ping_status":"open","sticky":false,"template":"","format":"gallery","meta":{"footnotes":""},"categories":[186,21465,128,8,72,59,117,142,3,197,116,45],"tags":[3677,3912,10400,19430],"class_list":{"0":"post-252593","1":"post","2":"type-post","3":"status-publish","4":"format-gallery","5":"has-post-thumbnail","7":"category-chera-los-serranos","8":"category-dana","9":"category-infraestructuras","10":"category-la-comarca","11":"category-sin-categorizar","12":"category-los-serranos","13":"category-medio-ambiente-la-comarca","14":"category-politica-la-comarca","15":"category-seccion","16":"category-sot-de-chera","17":"category-sucesos-la-comarca","18":"category-ventana","19":"tag-diputacio-de-valencia","20":"tag-la-serrania","21":"tag-los-serranos","22":"tag-reme-mazzolari","23":"post_format-post-format-gallery"},"_links":{"self":[{"href":"https:\/\/www.tucomarca.com\/wordpress\/segunda\/wp-json\/wp\/v2\/posts\/252593","targetHints":{"allow":["GET"]}}],"collection":[{"href":"https:\/\/www.tucomarca.com\/wordpress\/segunda\/wp-json\/wp\/v2\/posts"}],"about":[{"href":"https:\/\/www.tucomarca.com\/wordpress\/segunda\/wp-json\/wp\/v2\/types\/post"}],"author":[{"embeddable":true,"href":"https:\/\/www.tucomarca.com\/wordpress\/segunda\/wp-json\/wp\/v2\/users\/1"}],"replies":[{"embeddable":true,"href":"https:\/\/www.tucomarca.com\/wordpress\/segunda\/wp-json\/wp\/v2\/comments?post=252593"}],"version-history":[{"count":0,"href":"https:\/\/www.tucomarca.com\/wordpress\/segunda\/wp-json\/wp\/v2\/posts\/252593\/revisions"}],"wp:featuredmedia":[{"embeddable":true,"href":"https:\/\/www.tucomarca.com\/wordpress\/segunda\/wp-json\/wp\/v2\/media\/252599"}],"wp:attachment":[{"href":"https:\/\/www.tucomarca.com\/wordpress\/segunda\/wp-json\/wp\/v2\/media?parent=252593"}],"wp:term":[{"taxonomy":"category","embeddable":true,"href":"https:\/\/www.tucomarca.com\/wordpress\/segunda\/wp-json\/wp\/v2\/categories?post=252593"},{"taxonomy":"post_tag","embeddable":true,"href":"https:\/\/www.tucomarca.com\/wordpress\/segunda\/wp-json\/wp\/v2\/tags?post=252593"}],"curies":[{"name":"wp","href":"https:\/\/api.w.org\/{rel}","templated":true}]}}