{"id":252642,"date":"2025-02-03T09:13:00","date_gmt":"2025-02-03T08:13:00","guid":{"rendered":"https:\/\/www.tucomarca.com\/wordpress\/segunda\/?p=252642"},"modified":"2025-02-03T20:56:14","modified_gmt":"2025-02-03T19:56:14","slug":"el-departamento-de-salud-de-manises-amplia-los-circuitos-rapidos-oncologicos-a-nueve-especialidades","status":"publish","type":"post","link":"https:\/\/www.tucomarca.com\/wordpress\/segunda\/el-departamento-de-salud-de-manises-amplia-los-circuitos-rapidos-oncologicos-a-nueve-especialidades\/","title":{"rendered":"El departamento de salud de Manises ampl\u00eda los circuitos r\u00e1pidos oncol\u00f3gicos a nueve especialidades"},"content":{"rendered":"\n<h3 class=\"wp-block-heading\">Los circuitos priorizan desde Atenci\u00f3n Primaria, la consulta con el especialista y las pruebas diagn\u00f3sticas para una detecci\u00f3n precoz de la enfermedad.<\/h3>\n\n\n\n<h3 class=\"wp-block-heading\">Esta ampliaci\u00f3n agiliza la atenci\u00f3n y diagn\u00f3stico y se permite iniciar el tratamiento de forma m\u00e1s r\u00e1pida.<\/h3>\n\n\n\n<p>El departamento de salud de Manises ha ampliado recientemente sus circuitos r\u00e1pidos oncol\u00f3gicos a nueve especialidades, reforzando su compromiso con la detecci\u00f3n precoz del c\u00e1ncer.<br>A los circuitos ya existentes de mama, ginecolog\u00eda y digestivo, se suman los de partes blandas, \u00f3seas y cut\u00e1neas, adenopat\u00edas de medicina interna y tumores urol\u00f3gico, respiratorios o de otorrinolaringolog\u00eda.<br>Esta ampliaci\u00f3n agiliza la atenci\u00f3n y diagn\u00f3stico y se permite iniciar el tratamiento de forma m\u00e1s r\u00e1pida.<br>Estos circuitos r\u00e1pidos facilitan la atenci\u00f3n prioritaria a pacientes con sospecha oncol\u00f3gica. El proceso se inicia desde Atenci\u00f3n Primaria, ya que el m\u00e9dico de familia completa un cuestionario de cribado y, al validarlo, env\u00eda una interconsulta al especialista. De forma simult\u00e1nea, el paciente dispone de un informe detallado y accede a una primera consulta preferente en la que se solicitar\u00e1n pruebas diagn\u00f3sticas y valoraci\u00f3n, tambi\u00e9n prioritarias.<br>\u00abEl objetivo es mejorar la accesibilidad y los tiempos de diagn\u00f3stico, factores ambos cruciales para garantizar un abordaje temprano del c\u00e1ncer\u00bb, destaca M\u00aa Carmen Valdivieso, directora m\u00e9dica de Atenci\u00f3n Primaria del departamento.<br>Con esta iniciativa, el departamento de salud de Manises refuerza su compromiso con la detecci\u00f3n precoz del c\u00e1ncer, ofreciendo una asistencia m\u00e1s r\u00e1pida y efectiva a los pacientes.<br>El departamento de salud de Manises da cobertura y asistencia sanitaria, tanto ambulatoria como domiciliaria a m\u00e1s de 216.000 personas de 14 localidades a trav\u00e9s del Hospital de Manises, 9 centros de salud, 11 consultorios auxiliares, 2 centros de especialidades, 1 centro de salud integrado, el Hospital de Agudos de Manises y el Hospital de Cr\u00f3nicos de Mislata.<\/p>\n","protected":false},"excerpt":{"rendered":"<div class=\"mh-excerpt\">Los circuitos priorizan desde Atenci\u00f3n Primaria, la consulta con el especialista y las pruebas diagn\u00f3sticas para una detecci\u00f3n precoz de la enfermedad. Esta ampliaci\u00f3n agiliza la atenci\u00f3n y diagn\u00f3stico y se permite iniciar el tratamiento <a class=\"mh-excerpt-more\" href=\"https:\/\/www.tucomarca.com\/wordpress\/segunda\/el-departamento-de-salud-de-manises-amplia-los-circuitos-rapidos-oncologicos-a-nueve-especialidades\/\" title=\"El departamento de salud de Manises ampl\u00eda los circuitos r\u00e1pidos oncol\u00f3gicos a nueve especialidades\">[+] <\/a><\/div>\n","protected":false},"author":12,"featured_media":252655,"comment_status":"open","ping_status":"open","sticky":false,"template":"","format":"standard","meta":{"footnotes":""},"categories":[19,18,46,119,17,16,14,128,8,72,10,178,13,142,182,3,45,11],"tags":[10395,10716,136,5952,1972],"class_list":{"0":"post-252642","1":"post","2":"type-post","3":"status-publish","4":"format-standard","5":"has-post-thumbnail","7":"category-alborache","8":"category-bunol","9":"category-camp-de-turia","10":"category-sanidad-la-comarca","11":"category-cheste","12":"category-chiva","13":"category-godelleta","14":"category-infraestructuras","15":"category-la-comarca","16":"category-sin-categorizar","17":"category-la-hoya","18":"category-loriguilla","19":"category-macastre","20":"category-politica-la-comarca","21":"category-riba-roja","22":"category-seccion","23":"category-ventana","24":"category-yatova","25":"tag-camp-de-turia","26":"tag-generalitat-valenciana","27":"tag-hospital-de-manises","28":"tag-la-hoya-de-bunol-chiva","29":"tag-sanitat"},"_links":{"self":[{"href":"https:\/\/www.tucomarca.com\/wordpress\/segunda\/wp-json\/wp\/v2\/posts\/252642","targetHints":{"allow":["GET"]}}],"collection":[{"href":"https:\/\/www.tucomarca.com\/wordpress\/segunda\/wp-json\/wp\/v2\/posts"}],"about":[{"href":"https:\/\/www.tucomarca.com\/wordpress\/segunda\/wp-json\/wp\/v2\/types\/post"}],"author":[{"embeddable":true,"href":"https:\/\/www.tucomarca.com\/wordpress\/segunda\/wp-json\/wp\/v2\/users\/12"}],"replies":[{"embeddable":true,"href":"https:\/\/www.tucomarca.com\/wordpress\/segunda\/wp-json\/wp\/v2\/comments?post=252642"}],"version-history":[{"count":0,"href":"https:\/\/www.tucomarca.com\/wordpress\/segunda\/wp-json\/wp\/v2\/posts\/252642\/revisions"}],"wp:featuredmedia":[{"embeddable":true,"href":"https:\/\/www.tucomarca.com\/wordpress\/segunda\/wp-json\/wp\/v2\/media\/252655"}],"wp:attachment":[{"href":"https:\/\/www.tucomarca.com\/wordpress\/segunda\/wp-json\/wp\/v2\/media?parent=252642"}],"wp:term":[{"taxonomy":"category","embeddable":true,"href":"https:\/\/www.tucomarca.com\/wordpress\/segunda\/wp-json\/wp\/v2\/categories?post=252642"},{"taxonomy":"post_tag","embeddable":true,"href":"https:\/\/www.tucomarca.com\/wordpress\/segunda\/wp-json\/wp\/v2\/tags?post=252642"}],"curies":[{"name":"wp","href":"https:\/\/api.w.org\/{rel}","templated":true}]}}