{"id":252665,"date":"2025-02-03T09:32:00","date_gmt":"2025-02-03T08:32:00","guid":{"rendered":"https:\/\/www.tucomarca.com\/wordpress\/segunda\/?p=252665"},"modified":"2025-02-03T20:59:30","modified_gmt":"2025-02-03T19:59:30","slug":"cultura-reconoce-la-exposicion-la-uni-del-complejo-educativo-de-cheste-como-coleccion-museografica-permanente-de-la-comunitat-valenciana","status":"publish","type":"post","link":"https:\/\/www.tucomarca.com\/wordpress\/segunda\/cultura-reconoce-la-exposicion-la-uni-del-complejo-educativo-de-cheste-como-coleccion-museografica-permanente-de-la-comunitat-valenciana\/","title":{"rendered":"Cultura reconoce la exposici\u00f3n \u2018La UNI\u2019 del Complejo Educativo de Cheste como Colecci\u00f3n Museogr\u00e1fica Permanente de la Comunitat Valenciana"},"content":{"rendered":"\n<h3 class=\"wp-block-heading\">A partir de este reconocimiento por parte de la Generalitat, \u2018La UNI\u2019 queda integrada en el Sistema Valenciano de Museos.<\/h3>\n\n\n\n<h3 class=\"wp-block-heading\">Esta colecci\u00f3n permanente podr\u00e1 visitarse los viernes, de 9,00 a 14,30 horas.<\/h3>\n\n\n\n<p>La Conselleria de Educaci\u00f3n, Cultura, Universidades y Empleo, a trav\u00e9s de la Direcci\u00f3n General de Patrimonio Cultural, ha reconocido a \u2018La UNI\u2019 del Complejo Educativo de Cheste como Colecci\u00f3n Museogr\u00e1fica Permanente de la Comunitat Valenciana.<\/p>\n\n\n\n<p>Seg\u00fan publica el Diari Oficial de la Generalitat Valenciana (DOGV), esta colecci\u00f3n conmemora los m\u00e1s de cincuenta a\u00f1os de existencia del centro y est\u00e1 formada por objetos, utensilios, enseres y documentos relacionados con el devenir de esta infraestructura educativa.<\/p>\n\n\n\n<p>La exposici\u00f3n, dirigida al p\u00fablico en general, se compone del material conservado en el Complejo, las cesiones del antiguo alumnado y profesorado, as\u00ed como de las aportaciones de organismos p\u00fablicos.<\/p>\n\n\n\n<p>A partir de este reconocimiento por parte de la Generalitat, \u2018La UNI\u2019 queda integrada en el Sistema Valenciano de Museos y todos los bienes que integran este fondo pasan a adquirir la condici\u00f3n de bienes inventariados y a formar parte del el Inventario General del Patrimonio Cultural Valenciano.<\/p>\n\n\n\n<p>La exposici\u00f3n, ubicada en el antiguo comedor de Gala del \u00c1rea de Gerencia, junto a la cafeter\u00eda general, podr\u00e1 visitarse los viernes, de 9.00 a 14.30 horas.<\/p>\n","protected":false},"excerpt":{"rendered":"<div class=\"mh-excerpt\">A partir de este reconocimiento por parte de la Generalitat, \u2018La UNI\u2019 queda integrada en el Sistema Valenciano de Museos. Esta colecci\u00f3n permanente podr\u00e1 visitarse los viernes, de 9,00 a 14,30 horas. La Conselleria de <a class=\"mh-excerpt-more\" href=\"https:\/\/www.tucomarca.com\/wordpress\/segunda\/cultura-reconoce-la-exposicion-la-uni-del-complejo-educativo-de-cheste-como-coleccion-museografica-permanente-de-la-comunitat-valenciana\/\" title=\"Cultura reconoce la exposici\u00f3n \u2018La UNI\u2019 del Complejo Educativo de Cheste como Colecci\u00f3n Museogr\u00e1fica Permanente de la Comunitat Valenciana\">[+] <\/a><\/div>\n","protected":false},"author":12,"featured_media":252673,"comment_status":"open","ping_status":"open","sticky":false,"template":"","format":"standard","meta":{"footnotes":""},"categories":[17,8,10,7,3,45],"tags":[10722,339,10716,5952],"class_list":{"0":"post-252665","1":"post","2":"type-post","3":"status-publish","4":"format-standard","5":"has-post-thumbnail","7":"category-cheste","8":"category-la-comarca","9":"category-la-hoya","10":"category-ocio-y-cultura","11":"category-seccion","12":"category-ventana","13":"tag-cei-cheste","14":"tag-cheste-2","15":"tag-generalitat-valenciana","16":"tag-la-hoya-de-bunol-chiva"},"_links":{"self":[{"href":"https:\/\/www.tucomarca.com\/wordpress\/segunda\/wp-json\/wp\/v2\/posts\/252665","targetHints":{"allow":["GET"]}}],"collection":[{"href":"https:\/\/www.tucomarca.com\/wordpress\/segunda\/wp-json\/wp\/v2\/posts"}],"about":[{"href":"https:\/\/www.tucomarca.com\/wordpress\/segunda\/wp-json\/wp\/v2\/types\/post"}],"author":[{"embeddable":true,"href":"https:\/\/www.tucomarca.com\/wordpress\/segunda\/wp-json\/wp\/v2\/users\/12"}],"replies":[{"embeddable":true,"href":"https:\/\/www.tucomarca.com\/wordpress\/segunda\/wp-json\/wp\/v2\/comments?post=252665"}],"version-history":[{"count":0,"href":"https:\/\/www.tucomarca.com\/wordpress\/segunda\/wp-json\/wp\/v2\/posts\/252665\/revisions"}],"wp:featuredmedia":[{"embeddable":true,"href":"https:\/\/www.tucomarca.com\/wordpress\/segunda\/wp-json\/wp\/v2\/media\/252673"}],"wp:attachment":[{"href":"https:\/\/www.tucomarca.com\/wordpress\/segunda\/wp-json\/wp\/v2\/media?parent=252665"}],"wp:term":[{"taxonomy":"category","embeddable":true,"href":"https:\/\/www.tucomarca.com\/wordpress\/segunda\/wp-json\/wp\/v2\/categories?post=252665"},{"taxonomy":"post_tag","embeddable":true,"href":"https:\/\/www.tucomarca.com\/wordpress\/segunda\/wp-json\/wp\/v2\/tags?post=252665"}],"curies":[{"name":"wp","href":"https:\/\/api.w.org\/{rel}","templated":true}]}}