{"id":252771,"date":"2025-02-04T09:30:00","date_gmt":"2025-02-04T08:30:00","guid":{"rendered":"https:\/\/www.tucomarca.com\/wordpress\/segunda\/?p=252771"},"modified":"2025-02-04T19:46:59","modified_gmt":"2025-02-04T18:46:59","slug":"godelleta-inaugura-los-festejos-de-fallas-con-su-concurso-de-pasodobles-falleros","status":"publish","type":"post","link":"https:\/\/www.tucomarca.com\/wordpress\/segunda\/godelleta-inaugura-los-festejos-de-fallas-con-su-concurso-de-pasodobles-falleros\/","title":{"rendered":"Godelleta inaugura los festejos de Fallas con su concurso de pasodobles falleros"},"content":{"rendered":"\n<p>El municipio de Godelleta ha dado inicio a los festejos falleros con la celebraci\u00f3n de su tradicional Concurso de Pasodobles Falleros, un evento que combin\u00f3 m\u00fasica y fiesta para el disfrute de vecinos y visitantes.<\/p>\n\n\n\n<p>Organizado por la Uni\u00f3n Musical de Godelleta, en colaboraci\u00f3n con el Ayuntamiento y la Asociaci\u00f3n Cultural Falla Godayla, la jornada se caracteriz\u00f3 por el buen ambiente y el protagonismo de la m\u00fasica festiva valenciana.<\/p>\n\n\n\n<p>El concurso permiti\u00f3 disfrutar de una variada interpretaci\u00f3n de pasodobles, destacando el talento y dedicaci\u00f3n de los m\u00fasicos participantes. Este evento marca el punto de partida para las actividades falleras en Godelleta, consolid\u00e1ndose como una cita imprescindible en el calendario festivo local.<\/p>\n\n\n\n<figure class=\"wp-block-gallery has-nested-images columns-1 is-cropped wp-block-gallery-1 is-layout-flex wp-block-gallery-is-layout-flex\">\n<figure class=\"wp-block-image size-large\"><img loading=\"lazy\" decoding=\"async\" width=\"1024\" height=\"576\" data-id=\"252777\" src=\"https:\/\/www.tucomarca.com\/wordpress\/segunda\/wp-content\/uploads\/2025\/02\/GodelletaPasodobles-1024x576.jpg\" alt=\"\" class=\"wp-image-252777\" srcset=\"https:\/\/www.tucomarca.com\/wordpress\/segunda\/wp-content\/uploads\/2025\/02\/GodelletaPasodobles-1024x576.jpg 1024w, https:\/\/www.tucomarca.com\/wordpress\/segunda\/wp-content\/uploads\/2025\/02\/GodelletaPasodobles-300x169.jpg 300w, https:\/\/www.tucomarca.com\/wordpress\/segunda\/wp-content\/uploads\/2025\/02\/GodelletaPasodobles-768x432.jpg 768w, https:\/\/www.tucomarca.com\/wordpress\/segunda\/wp-content\/uploads\/2025\/02\/GodelletaPasodobles-678x381.jpg 678w, https:\/\/www.tucomarca.com\/wordpress\/segunda\/wp-content\/uploads\/2025\/02\/GodelletaPasodobles.jpg 1440w\" sizes=\"auto, (max-width: 1024px) 100vw, 1024px\" \/><\/figure>\n\n\n\n<figure class=\"wp-block-image size-large\"><img loading=\"lazy\" decoding=\"async\" width=\"1024\" height=\"693\" data-id=\"252779\" src=\"https:\/\/www.tucomarca.com\/wordpress\/segunda\/wp-content\/uploads\/2025\/02\/GodelletaPasodobles2-1024x693.jpg\" alt=\"\" class=\"wp-image-252779\" srcset=\"https:\/\/www.tucomarca.com\/wordpress\/segunda\/wp-content\/uploads\/2025\/02\/GodelletaPasodobles2-1024x693.jpg 1024w, https:\/\/www.tucomarca.com\/wordpress\/segunda\/wp-content\/uploads\/2025\/02\/GodelletaPasodobles2-300x203.jpg 300w, https:\/\/www.tucomarca.com\/wordpress\/segunda\/wp-content\/uploads\/2025\/02\/GodelletaPasodobles2-768x520.jpg 768w, https:\/\/www.tucomarca.com\/wordpress\/segunda\/wp-content\/uploads\/2025\/02\/GodelletaPasodobles2.jpg 1440w\" sizes=\"auto, (max-width: 1024px) 100vw, 1024px\" \/><\/figure>\n<\/figure>\n","protected":false},"excerpt":{"rendered":"<div class=\"mh-excerpt\">El municipio de Godelleta ha dado inicio a los festejos falleros con la celebraci\u00f3n de su tradicional Concurso de Pasodobles Falleros, un evento que combin\u00f3 m\u00fasica y fiesta para el disfrute de vecinos y visitantes. <a class=\"mh-excerpt-more\" href=\"https:\/\/www.tucomarca.com\/wordpress\/segunda\/godelleta-inaugura-los-festejos-de-fallas-con-su-concurso-de-pasodobles-falleros\/\" title=\"Godelleta inaugura los festejos de Fallas con su concurso de pasodobles falleros\">[+] <\/a><\/div>\n","protected":false},"author":12,"featured_media":252775,"comment_status":"open","ping_status":"open","sticky":false,"template":"","format":"gallery","meta":{"footnotes":""},"categories":[66,14,8,10,7,3],"tags":[21861,10383,5952],"class_list":{"0":"post-252771","1":"post","2":"type-post","3":"status-publish","4":"format-gallery","5":"has-post-thumbnail","7":"category-musica","8":"category-godelleta","9":"category-la-comarca","10":"category-la-hoya","11":"category-ocio-y-cultura","12":"category-seccion","13":"tag-concurso-de-pasodobles-falleros","14":"tag-godelleta","15":"tag-la-hoya-de-bunol-chiva","16":"post_format-post-format-gallery"},"_links":{"self":[{"href":"https:\/\/www.tucomarca.com\/wordpress\/segunda\/wp-json\/wp\/v2\/posts\/252771","targetHints":{"allow":["GET"]}}],"collection":[{"href":"https:\/\/www.tucomarca.com\/wordpress\/segunda\/wp-json\/wp\/v2\/posts"}],"about":[{"href":"https:\/\/www.tucomarca.com\/wordpress\/segunda\/wp-json\/wp\/v2\/types\/post"}],"author":[{"embeddable":true,"href":"https:\/\/www.tucomarca.com\/wordpress\/segunda\/wp-json\/wp\/v2\/users\/12"}],"replies":[{"embeddable":true,"href":"https:\/\/www.tucomarca.com\/wordpress\/segunda\/wp-json\/wp\/v2\/comments?post=252771"}],"version-history":[{"count":0,"href":"https:\/\/www.tucomarca.com\/wordpress\/segunda\/wp-json\/wp\/v2\/posts\/252771\/revisions"}],"wp:featuredmedia":[{"embeddable":true,"href":"https:\/\/www.tucomarca.com\/wordpress\/segunda\/wp-json\/wp\/v2\/media\/252775"}],"wp:attachment":[{"href":"https:\/\/www.tucomarca.com\/wordpress\/segunda\/wp-json\/wp\/v2\/media?parent=252771"}],"wp:term":[{"taxonomy":"category","embeddable":true,"href":"https:\/\/www.tucomarca.com\/wordpress\/segunda\/wp-json\/wp\/v2\/categories?post=252771"},{"taxonomy":"post_tag","embeddable":true,"href":"https:\/\/www.tucomarca.com\/wordpress\/segunda\/wp-json\/wp\/v2\/tags?post=252771"}],"curies":[{"name":"wp","href":"https:\/\/api.w.org\/{rel}","templated":true}]}}