{"id":252790,"date":"2025-02-04T09:00:00","date_gmt":"2025-02-04T08:00:00","guid":{"rendered":"https:\/\/www.tucomarca.com\/wordpress\/segunda\/?p=252790"},"modified":"2025-02-04T19:14:26","modified_gmt":"2025-02-04T18:14:26","slug":"el-circuit-ricardo-tormo-pone-a-la-venta-las-entradas-para-el-racing-legends","status":"publish","type":"post","link":"https:\/\/www.tucomarca.com\/wordpress\/segunda\/el-circuit-ricardo-tormo-pone-a-la-venta-las-entradas-para-el-racing-legends\/","title":{"rendered":"El Circuit Ricardo Tormo pone a la venta las entradas para el &#8216;Racing Legends&#8217;"},"content":{"rendered":"\n<h3 class=\"wp-block-heading\">El evento se celebrar\u00e1 los d\u00edas 1 y 2 de marzo en el Circuit Ricardo Tormo con aforo limitado.<\/h3>\n\n\n\n<h3 class=\"wp-block-heading\"><em>Racing Legends<\/em>\u00a0es una gran concentraci\u00f3n de veh\u00edculos cl\u00e1sicos con exposiciones, exhibiciones y muchas actividades.<\/h3>\n\n\n\n<p>El Circuit Ricardo Tormo ha puesto a la venta las entradas para asistir los d\u00edas 1 y 2 de marzo a la und\u00e9cima edici\u00f3n del<em>&nbsp;Racing Legends<\/em>, la mayor concentraci\u00f3n de veh\u00edculos cl\u00e1sicos de la Comunitat Valenciana.<\/p>\n\n\n\n<p>En esta edici\u00f3n el aforo ser\u00e1 limitado por los trabajos de reconstrucci\u00f3n que se est\u00e1n llevando a cabo en los accesos y los aparcamientos del Circuit. Por este motivo toda la venta de entradas se realizar\u00e1 de forma anticipada y no se pondr\u00e1n en servicio las habituales taquillas en las instalaciones de Cheste.<\/p>\n\n\n\n<p>Los aficionados tendr\u00e1n la oportunidad de adquirir bien el abono v\u00e1lido para los dos d\u00edas con un precio de 20 euros o entradas validas para el s\u00e1bado 1 o el domingo 2 de marzo, de 13 euros cada una. Los menores de 5 a\u00f1os acceder\u00e1n de forma gratuita.<\/p>\n\n\n\n<p>Las entradas est\u00e1n ya a la venta en la p\u00e1gina web del Circuit Ricardo Tormo&nbsp;<a href=\"http:\/\/www.circuitricardotormo.com\/\" target=\"_blank\" rel=\"noreferrer noopener\">www.circuitricardotormo.com<\/a><\/p>\n\n\n\n<p><strong>Carlos Checa, Leyenda del Circuit<\/strong><\/p>\n\n\n\n<p>El protagonista de esta edici\u00f3n ser\u00e1 el piloto catal\u00e1n Carlos Checa, primer espa\u00f1ol campe\u00f3n del mundo del Superbikes en 2011.<\/p>\n\n\n\n<p>El&nbsp;<em>Racing Legends<\/em>&nbsp;ser\u00e1 el primer evento del calendario internacional de concentraciones de veh\u00edculos cl\u00e1sicos. Cerca de mil coches, motos, camiones e incluso bicicletas cl\u00e1sicas se expondr\u00e1n en el paddock del trazado de Cheste.<\/p>\n\n\n\n<p>Motos de Gran Premio de los a\u00f1os 60, 70 y 80. F\u00f3rmulas de distintas categor\u00edas que compitieron en los mejores circuitos del mundo el siglo pasado y camiones de transporte cl\u00e1sicos tendr\u00e1n la oportunidad de salir a la pista en esta edici\u00f3n del Racing Legends que, como es habitual, contar\u00e1 con un gran escenario central en el que los pilotos acompa\u00f1ar\u00e1n a Carlos Checa y compartir\u00e1n con los aficionados el fin de semana.<\/p>\n","protected":false},"excerpt":{"rendered":"<div class=\"mh-excerpt\">El evento se celebrar\u00e1 los d\u00edas 1 y 2 de marzo en el Circuit Ricardo Tormo con aforo limitado. Racing Legends\u00a0es una gran concentraci\u00f3n de veh\u00edculos cl\u00e1sicos con exposiciones, exhibiciones y muchas actividades. El Circuit <a class=\"mh-excerpt-more\" href=\"https:\/\/www.tucomarca.com\/wordpress\/segunda\/el-circuit-ricardo-tormo-pone-a-la-venta-las-entradas-para-el-racing-legends\/\" title=\"El Circuit Ricardo Tormo pone a la venta las entradas para el &#8216;Racing Legends&#8217;\">[+] <\/a><\/div>\n","protected":false},"author":13,"featured_media":252791,"comment_status":"open","ping_status":"open","sticky":false,"template":"","format":"standard","meta":{"footnotes":""},"categories":[4,17,6,8,72,10,91,3],"tags":[10474,10379,10407],"class_list":{"0":"post-252790","1":"post","2":"type-post","3":"status-publish","4":"format-standard","5":"has-post-thumbnail","7":"category-agenda","8":"category-cheste","9":"category-deportes","10":"category-la-comarca","11":"category-sin-categorizar","12":"category-la-hoya","13":"category-motociclismo","14":"category-seccion","15":"tag-circuit-ricardo-tormo","16":"tag-deportes","17":"tag-motociclismo"},"_links":{"self":[{"href":"https:\/\/www.tucomarca.com\/wordpress\/segunda\/wp-json\/wp\/v2\/posts\/252790","targetHints":{"allow":["GET"]}}],"collection":[{"href":"https:\/\/www.tucomarca.com\/wordpress\/segunda\/wp-json\/wp\/v2\/posts"}],"about":[{"href":"https:\/\/www.tucomarca.com\/wordpress\/segunda\/wp-json\/wp\/v2\/types\/post"}],"author":[{"embeddable":true,"href":"https:\/\/www.tucomarca.com\/wordpress\/segunda\/wp-json\/wp\/v2\/users\/13"}],"replies":[{"embeddable":true,"href":"https:\/\/www.tucomarca.com\/wordpress\/segunda\/wp-json\/wp\/v2\/comments?post=252790"}],"version-history":[{"count":0,"href":"https:\/\/www.tucomarca.com\/wordpress\/segunda\/wp-json\/wp\/v2\/posts\/252790\/revisions"}],"wp:featuredmedia":[{"embeddable":true,"href":"https:\/\/www.tucomarca.com\/wordpress\/segunda\/wp-json\/wp\/v2\/media\/252791"}],"wp:attachment":[{"href":"https:\/\/www.tucomarca.com\/wordpress\/segunda\/wp-json\/wp\/v2\/media?parent=252790"}],"wp:term":[{"taxonomy":"category","embeddable":true,"href":"https:\/\/www.tucomarca.com\/wordpress\/segunda\/wp-json\/wp\/v2\/categories?post=252790"},{"taxonomy":"post_tag","embeddable":true,"href":"https:\/\/www.tucomarca.com\/wordpress\/segunda\/wp-json\/wp\/v2\/tags?post=252790"}],"curies":[{"name":"wp","href":"https:\/\/api.w.org\/{rel}","templated":true}]}}