{"id":253670,"date":"2025-02-11T09:30:00","date_gmt":"2025-02-11T08:30:00","guid":{"rendered":"https:\/\/www.tucomarca.com\/wordpress\/segunda\/?p=253670"},"modified":"2025-02-11T20:22:07","modified_gmt":"2025-02-11T19:22:07","slug":"raga-la-gigafactoria-debe-impactar-en-toda-la-comarca-del-camp-de-morvedre","status":"publish","type":"post","link":"https:\/\/www.tucomarca.com\/wordpress\/segunda\/raga-la-gigafactoria-debe-impactar-en-toda-la-comarca-del-camp-de-morvedre\/","title":{"rendered":"Robert Raga: \u00abla gigafactor\u00eda debe impactar en toda la comarca del Camp de Morvedre\u00bb"},"content":{"rendered":"\n<h3 class=\"wp-block-heading\">El candidato a las primarias inicia su circuito de campa\u00f1a en el Camp de Morvedre y se compromete exigir al PP avanzar en la remodelaci\u00f3n del CIFP Eduardo Merello.&nbsp;<\/h3>\n\n\n\n<p>El candidato a la Secretar\u00eda Provincial del PSPV de Val\u00e8ncia, Robert Raga, ha afirmado en su primer acto p\u00fablico con la militancia en Gilet, que \u201cla gigafactor\u00eda de Volkswagen debe impactar en toda la comarca y beneficiar a todos los municipios de la zona\u201d.&nbsp;<\/p>\n\n\n\n<p>As\u00ed, Raga ha recogido una reivindicaci\u00f3n de muchos alcaldes del Camp de Morvedre, como Salva Costa (Gilet) o Pere Joan Antoni (Canet d\u2019en Berenguer) presentes en este inicio de campa\u00f1a a trav\u00e9s toda la provincia para \u201cacercar un proyecto renovado, ilusionante y que impulse de verdad nuestras comarcas y agrupaciones socialistas\u201d.\u00a0<\/p>\n\n\n\n<figure class=\"wp-block-gallery has-nested-images columns-default is-cropped wp-block-gallery-1 is-layout-flex wp-block-gallery-is-layout-flex\">\n<figure class=\"wp-block-image size-large\"><img loading=\"lazy\" decoding=\"async\" width=\"1024\" height=\"768\" data-id=\"253673\" src=\"https:\/\/www.tucomarca.com\/wordpress\/segunda\/wp-content\/uploads\/2025\/02\/RagaGilet2-1024x768.jpg\" alt=\"\" class=\"wp-image-253673\" srcset=\"https:\/\/www.tucomarca.com\/wordpress\/segunda\/wp-content\/uploads\/2025\/02\/RagaGilet2-1024x768.jpg 1024w, https:\/\/www.tucomarca.com\/wordpress\/segunda\/wp-content\/uploads\/2025\/02\/RagaGilet2-300x225.jpg 300w, https:\/\/www.tucomarca.com\/wordpress\/segunda\/wp-content\/uploads\/2025\/02\/RagaGilet2-768x576.jpg 768w, https:\/\/www.tucomarca.com\/wordpress\/segunda\/wp-content\/uploads\/2025\/02\/RagaGilet2-1536x1152.jpg 1536w, https:\/\/www.tucomarca.com\/wordpress\/segunda\/wp-content\/uploads\/2025\/02\/RagaGilet2-2048x1536.jpg 2048w, https:\/\/www.tucomarca.com\/wordpress\/segunda\/wp-content\/uploads\/2025\/02\/RagaGilet2-678x509.jpg 678w, https:\/\/www.tucomarca.com\/wordpress\/segunda\/wp-content\/uploads\/2025\/02\/RagaGilet2-326x245.jpg 326w, https:\/\/www.tucomarca.com\/wordpress\/segunda\/wp-content\/uploads\/2025\/02\/RagaGilet2-80x60.jpg 80w\" sizes=\"auto, (max-width: 1024px) 100vw, 1024px\" \/><\/figure>\n\n\n\n<figure class=\"wp-block-image size-large\"><img loading=\"lazy\" decoding=\"async\" width=\"1024\" height=\"768\" data-id=\"253675\" src=\"https:\/\/www.tucomarca.com\/wordpress\/segunda\/wp-content\/uploads\/2025\/02\/RagaGilet3-1024x768.jpg\" alt=\"\" class=\"wp-image-253675\" srcset=\"https:\/\/www.tucomarca.com\/wordpress\/segunda\/wp-content\/uploads\/2025\/02\/RagaGilet3-1024x768.jpg 1024w, https:\/\/www.tucomarca.com\/wordpress\/segunda\/wp-content\/uploads\/2025\/02\/RagaGilet3-300x225.jpg 300w, https:\/\/www.tucomarca.com\/wordpress\/segunda\/wp-content\/uploads\/2025\/02\/RagaGilet3-768x576.jpg 768w, https:\/\/www.tucomarca.com\/wordpress\/segunda\/wp-content\/uploads\/2025\/02\/RagaGilet3-1536x1152.jpg 1536w, https:\/\/www.tucomarca.com\/wordpress\/segunda\/wp-content\/uploads\/2025\/02\/RagaGilet3-2048x1536.jpg 2048w, https:\/\/www.tucomarca.com\/wordpress\/segunda\/wp-content\/uploads\/2025\/02\/RagaGilet3-678x509.jpg 678w, https:\/\/www.tucomarca.com\/wordpress\/segunda\/wp-content\/uploads\/2025\/02\/RagaGilet3-326x245.jpg 326w, https:\/\/www.tucomarca.com\/wordpress\/segunda\/wp-content\/uploads\/2025\/02\/RagaGilet3-80x60.jpg 80w\" sizes=\"auto, (max-width: 1024px) 100vw, 1024px\" \/><\/figure>\n<\/figure>\n\n\n\n<p>En ese sentido, Raga se ha comprometido si llegaba a la Secretar\u00eda Provincial a exigir al Partido Popular poner fecha y hacer \u201curgentemente\u201d la remodelaci\u00f3n del Centro integrado de Formaci\u00f3n Profesional Eduardo Merello \u201ctan necesario para formar profesionales en toda la comarca de cara a los puestos que crear\u00e1 directa o indirectamente la futura planta de bater\u00edas\u201d.&nbsp;<\/p>\n\n\n\n<p>En el acto que ha contado con cerca de un centenar de militantes, el candidato ha recordado que el objetivo debe ser gobernar las alcald\u00edas, diputaciones y la Generalitat con Diana para transformar la vida de las personas y \u201cdesalojar a aquellos que han hecho una mala praxis de la pol\u00edtica como durante la DANA\u201d.&nbsp;<\/p>\n\n\n\n<p>A este primer encuentro han acudido adem\u00e1s de los alcaldes anteriormente citados, Jordi Mayor (Cullera), Fran L\u00f3pez (Rafelbunyol), Lara Romero (Tavernes de la Valldigna), Miguel Vida (Petr\u00e9s), Jos\u00e9 Carlos Herrera (Alfara de la Baron\u00eda), el concejal de Sagunt, Javier Tim\u00f3n adem\u00e1s de representantes org\u00e1nicos de la pr\u00e1ctica totalidad de la comarca.&nbsp;<\/p>\n\n\n\n<p><strong>Empoderar las comarcas&nbsp;<\/strong><\/p>\n\n\n\n<p>Durante el encuentro Raga dio protagonismo a la figura de las comarcas con un proyecto en el que \u201cvamos a empoderarlas, protegerlas y dinamizar la singularidad de cada una de ellas\u201d. As\u00ed, ha recogido las palabras del alcalde de Canet d\u2019en Berenguer quien ha pedido impulsar la suya y trabajar \u201calineados con Diana y Pedro S\u00e1nchez\u201d en un proyecto \u201cilusionante\u201d y donde \u201cdan siempre la cara y solucionan los problemas de las personas\u201d.&nbsp;<\/p>\n\n\n\n<p>En esa misma l\u00ednea se ha expresado el alcalde de Gilet explicando que hace tiempo que \u201cya no sentimos las comarcas como tal\u201d y que est\u00e1n \u201cperdiendo muchas oportunidades de subvenciones y proyectos conjuntos\u201d. A su reivindicaci\u00f3n se ha referido Raga con el compromiso de impulsar una mancomunidad unificada y que abarque toda la comarca sin dejar nadie fuera.&nbsp;<\/p>\n\n\n\n<p>\u201cLa provincia debe ser una herramienta para ayudar, para trabajar y apoyar los compa\u00f1eros y compa\u00f1eras a ganar alcald\u00edas para transformar sus municipios\u201d ha se\u00f1alado Raga advirtiendo que \u201cla provincia no est\u00e1 para ejercer ning\u00fan contrapoder o tener el manejo de nada, salvo para ayudar nuestros municipios\u201d.\u00a0<\/p>\n","protected":false},"excerpt":{"rendered":"<div class=\"mh-excerpt\">El candidato a las primarias inicia su circuito de campa\u00f1a en el Camp de Morvedre y se compromete exigir al PP avanzar en la remodelaci\u00f3n del CIFP Eduardo Merello.&nbsp; El candidato a la Secretar\u00eda Provincial <a class=\"mh-excerpt-more\" href=\"https:\/\/www.tucomarca.com\/wordpress\/segunda\/raga-la-gigafactoria-debe-impactar-en-toda-la-comarca-del-camp-de-morvedre\/\" title=\"Robert Raga: \u00abla gigafactor\u00eda debe impactar en toda la comarca del Camp de Morvedre\u00bb\">[+] <\/a><\/div>\n","protected":false},"author":12,"featured_media":253680,"comment_status":"open","ping_status":"open","sticky":false,"template":"","format":"gallery","meta":{"footnotes":""},"categories":[46,128,8,142,182,3],"tags":[16484,10395,2412,4280],"class_list":{"0":"post-253670","1":"post","2":"type-post","3":"status-publish","4":"format-gallery","5":"has-post-thumbnail","7":"category-camp-de-turia","8":"category-infraestructuras","9":"category-la-comarca","10":"category-politica-la-comarca","11":"category-riba-roja","12":"category-seccion","13":"tag-alcalde-de-riba-roja","14":"tag-camp-de-turia","15":"tag-pspv-psoe","16":"tag-robert-raga","17":"post_format-post-format-gallery"},"_links":{"self":[{"href":"https:\/\/www.tucomarca.com\/wordpress\/segunda\/wp-json\/wp\/v2\/posts\/253670","targetHints":{"allow":["GET"]}}],"collection":[{"href":"https:\/\/www.tucomarca.com\/wordpress\/segunda\/wp-json\/wp\/v2\/posts"}],"about":[{"href":"https:\/\/www.tucomarca.com\/wordpress\/segunda\/wp-json\/wp\/v2\/types\/post"}],"author":[{"embeddable":true,"href":"https:\/\/www.tucomarca.com\/wordpress\/segunda\/wp-json\/wp\/v2\/users\/12"}],"replies":[{"embeddable":true,"href":"https:\/\/www.tucomarca.com\/wordpress\/segunda\/wp-json\/wp\/v2\/comments?post=253670"}],"version-history":[{"count":0,"href":"https:\/\/www.tucomarca.com\/wordpress\/segunda\/wp-json\/wp\/v2\/posts\/253670\/revisions"}],"wp:featuredmedia":[{"embeddable":true,"href":"https:\/\/www.tucomarca.com\/wordpress\/segunda\/wp-json\/wp\/v2\/media\/253680"}],"wp:attachment":[{"href":"https:\/\/www.tucomarca.com\/wordpress\/segunda\/wp-json\/wp\/v2\/media?parent=253670"}],"wp:term":[{"taxonomy":"category","embeddable":true,"href":"https:\/\/www.tucomarca.com\/wordpress\/segunda\/wp-json\/wp\/v2\/categories?post=253670"},{"taxonomy":"post_tag","embeddable":true,"href":"https:\/\/www.tucomarca.com\/wordpress\/segunda\/wp-json\/wp\/v2\/tags?post=253670"}],"curies":[{"name":"wp","href":"https:\/\/api.w.org\/{rel}","templated":true}]}}