{"id":253833,"date":"2025-02-11T10:36:00","date_gmt":"2025-02-11T09:36:00","guid":{"rendered":"https:\/\/www.tucomarca.com\/wordpress\/segunda\/?p=253833"},"modified":"2025-02-11T20:46:25","modified_gmt":"2025-02-11T19:46:25","slug":"el-consell-aprueba-ayudas-directas-por-valor-de-177-millones-de-euros-para-recuperar-el-tejido-asociativo-y-reparar-centros-educativos-concertados-de-las-zonas-afectadas-por-la-dana","status":"publish","type":"post","link":"https:\/\/www.tucomarca.com\/wordpress\/segunda\/el-consell-aprueba-ayudas-directas-por-valor-de-177-millones-de-euros-para-recuperar-el-tejido-asociativo-y-reparar-centros-educativos-concertados-de-las-zonas-afectadas-por-la-dana\/","title":{"rendered":"El Consell aprueba ayudas directas por valor de 17,7 millones de euros para recuperar el tejido asociativo y reparar centros educativos concertados de las zonas afectadas por la dana"},"content":{"rendered":"\n<h3 class=\"wp-block-heading\">Se habilita una l\u00ednea de ayudas para entidades asociativas de los municipios damnificados dotada con 13,6 millones de euros procedentes de la aportaci\u00f3n econ\u00f3mica realizada por el Senado.<\/h3>\n\n\n\n<h3 class=\"wp-block-heading\">Se activan ayudas por un importe global de cuatro millones de euros para atender gastos relacionados con la limpieza, reparaci\u00f3n y puesta a punto de centros educativos privados concertados da\u00f1ados por la riada.<\/h3>\n\n\n\n<p>El Consell ha aprobado nuevas ayudas directas por un importe global de de 17,7 millones de euros para recuperar el tejido asociativo de las zonas afectadas por la dana y para reparar los da\u00f1os ocasionados por la riada de finales de octubre en centros educativos concertados, seg\u00fan ha informado la vicepresidenta primera, consellera de Servicios Sociales, Igualdad y Vivienda y portavoz del Consell, Susana Camarero, en la rueda de prensa posterior a los plenos ordinario y extraordinario.<\/p>\n\n\n\n<p>El Gobierno valenciano ha aprobado as\u00ed un decreto por el que se conceder\u00e1n ayudas directas por un importe global de 13.667.634,99 euros destinadas a las entidades asociativas de los municipios damnificados. Esta l\u00ednea se ha dotado con la aportaci\u00f3n econ\u00f3mica realizada por el Senado a la Comunitat Valenciana con el fin de colaborar en la financiaci\u00f3n global de programas de ayuda para paliar los efectos de las inundaciones.<\/p>\n\n\n\n<p>Se busca con ello garantizar la continuidad de la actividad asociativa en las zonas afectadas, as\u00ed como reactivar las acciones comunitarias y fortalecer el tejido social.<\/p>\n\n\n\n<p>En concreto, podr\u00e1n acceder a estas ayudas las asociaciones, fundaciones y federaciones asociativas sin \u00e1nimo de lucro, as\u00ed como las entidades deportivas tambi\u00e9n sin \u00e1nimo de lucro con sede en los municipios afectados y que hayan visto perjudicadas sus infraestructuras o actividades debido a la dana. Son, por tanto, susceptibles de acogerse a ellas asociaciones de personas jubiladas, fallas, cofrad\u00edas, bandas de m\u00fasica o clubes deportivos, entre otras entidades.<\/p>\n\n\n\n<p>Asimismo, tambi\u00e9n podr\u00e1n ser beneficiarias de esta ayuda las entidades del tercer sector de acci\u00f3n social radicadas en los municipios damnificados cuyas instalaciones, infraestructuras, equipamiento, enseres o mobiliario se hayan visto da\u00f1ados como consecuencia directa del temporal de finales de octubre.<\/p>\n\n\n\n<p>La l\u00ednea cuenta con un eje destinado a acciones de reparaci\u00f3n, que permitir\u00e1 conceder hasta 20.000 euros para la rehabilitaci\u00f3n de infraestructuras, equipamientos y materiales, y con un eje de reactivaci\u00f3n, que posibilitar\u00e1 la concesi\u00f3n de hasta 13.000 euros para actividades de dinamizaci\u00f3n comunitaria y apoyo a la propia actividad.<\/p>\n\n\n\n<p>El l\u00edmite por entidad beneficiaria ser\u00e1 de 20.000 euros y ambos ejes son compatibles y podr\u00e1n ser aplicados de forma complementaria. No obstante, en el caso del tercer sector, las entidades podr\u00e1n ser beneficiarias solo del eje de reactivaci\u00f3n.<\/p>\n\n\n\n<p><strong>Ayudas para centros privados concertados afectados por la dana<\/strong><\/p>\n\n\n\n<p>Adem\u00e1s, el Consell ha aprobado otro decreto por el que se establecen ayudas para afrontar la limpieza, reposici\u00f3n, reparaci\u00f3n y puesta a punto de las infraestructuras educativas y los bienes de los centros docentes privados concertados que hayan sufrido da\u00f1os por el temporal del pasado 29 de octubre.<\/p>\n\n\n\n<p>Estas ayudas, cuyo importe global asciende a 4.050.000 euros, permitir\u00e1n subvencionar los gastos relacionados con la limpieza, reposici\u00f3n o reparaci\u00f3n de bienes y materiales necesarios para el desarrollo de la actividad educativa.<\/p>\n\n\n\n<p>La ayuda abarca tres modalidades: financiaci\u00f3n de bienes y equipamiento, tareas de limpieza y puesta en funcionamiento y obras mayores o menores en inmuebles. En la primera modalidad, el importe concedido a cada centro puede alcanzar los 30.000 euros; en la segunda, 20.000 euros, y en la tercera, hasta un m\u00e1ximo de 140.000 euros.<\/p>\n\n\n\n<p>De esta forma, la Generalitat pretende coadyuvar a la reconstrucci\u00f3n y la recuperaci\u00f3n de estas infraestructuras con la finalidad de restablecer el funcionamiento de los centros educativos privados concertados en los municipios damnificados y posibilitar el derecho fundamental a la educaci\u00f3n del alumnado.<\/p>\n\n\n\n<p><strong>Nombramientos y ceses<\/strong><\/p>\n\n\n\n<p>Por otro lado, el Consell ha aprobado el nombramiento como directora general de Prevenci\u00f3n de Incendios Forestales de Rosa Mar\u00eda Touris L\u00f3pez, que cesa como directora general de Coordinaci\u00f3n, Control y Seguimiento y pasa as\u00ed de la Vicepresidencia Segunda a la Conselleria de Medio Ambiente.<\/p>\n\n\n\n<p>Adem\u00e1s, tambi\u00e9n ha nombrado como directora general de Coordinaci\u00f3n, Control y Seguimiento a Ana Tortosa Molina, que cesa como directora general de Planeamiento, An\u00e1lisis y Anticipaci\u00f3n ante Cat\u00e1strofes Naturales dentro de la misma Vicepresidencia Segunda.<\/p>\n\n\n\n<p>Asimismo, tambi\u00e9n se ha producido el nombramiento de Mar\u00eda Jos\u00e9 Mart\u00ednez Ruzafa como directora general de Infraestructuras Viarias de la Conselleria de Medio Ambiente. Mar\u00eda Jos\u00e9 Mart\u00ednez cesa as\u00ed como directora general de Infraestructuras y Proyectos Urbanos dentro de la misma Conselleria.<\/p>\n\n\n\n<p>Finalmente, el Pleno ha aprobado el cese de Jos\u00e9 Vicente Todol\u00ed Masquefa como director general de Econom\u00eda en la Conselleria de Hacienda y Econom\u00eda.<\/p>\n","protected":false},"excerpt":{"rendered":"<div class=\"mh-excerpt\">Se habilita una l\u00ednea de ayudas para entidades asociativas de los municipios damnificados dotada con 13,6 millones de euros procedentes de la aportaci\u00f3n econ\u00f3mica realizada por el Senado. Se activan ayudas por un importe global <a class=\"mh-excerpt-more\" href=\"https:\/\/www.tucomarca.com\/wordpress\/segunda\/el-consell-aprueba-ayudas-directas-por-valor-de-177-millones-de-euros-para-recuperar-el-tejido-asociativo-y-reparar-centros-educativos-concertados-de-las-zonas-afectadas-por-la-dana\/\" title=\"El Consell aprueba ayudas directas por valor de 17,7 millones de euros para recuperar el tejido asociativo y reparar centros educativos concertados de las zonas afectadas por la dana\">[+] <\/a><\/div>\n","protected":false},"author":12,"featured_media":253834,"comment_status":"open","ping_status":"open","sticky":false,"template":"","format":"standard","meta":{"footnotes":""},"categories":[21465,128,8,72,117,142,3,116,45],"tags":[12831,15323,10412,2142,32],"class_list":{"0":"post-253833","1":"post","2":"type-post","3":"status-publish","4":"format-standard","5":"has-post-thumbnail","7":"category-dana","8":"category-infraestructuras","9":"category-la-comarca","10":"category-sin-categorizar","11":"category-medio-ambiente-la-comarca","12":"category-politica-la-comarca","13":"category-seccion","14":"category-sucesos-la-comarca","15":"category-ventana","16":"tag-dana-2","17":"tag-gva","18":"tag-infraestructuras","19":"tag-la-comunitat","20":"tag-politica"},"_links":{"self":[{"href":"https:\/\/www.tucomarca.com\/wordpress\/segunda\/wp-json\/wp\/v2\/posts\/253833","targetHints":{"allow":["GET"]}}],"collection":[{"href":"https:\/\/www.tucomarca.com\/wordpress\/segunda\/wp-json\/wp\/v2\/posts"}],"about":[{"href":"https:\/\/www.tucomarca.com\/wordpress\/segunda\/wp-json\/wp\/v2\/types\/post"}],"author":[{"embeddable":true,"href":"https:\/\/www.tucomarca.com\/wordpress\/segunda\/wp-json\/wp\/v2\/users\/12"}],"replies":[{"embeddable":true,"href":"https:\/\/www.tucomarca.com\/wordpress\/segunda\/wp-json\/wp\/v2\/comments?post=253833"}],"version-history":[{"count":0,"href":"https:\/\/www.tucomarca.com\/wordpress\/segunda\/wp-json\/wp\/v2\/posts\/253833\/revisions"}],"wp:featuredmedia":[{"embeddable":true,"href":"https:\/\/www.tucomarca.com\/wordpress\/segunda\/wp-json\/wp\/v2\/media\/253834"}],"wp:attachment":[{"href":"https:\/\/www.tucomarca.com\/wordpress\/segunda\/wp-json\/wp\/v2\/media?parent=253833"}],"wp:term":[{"taxonomy":"category","embeddable":true,"href":"https:\/\/www.tucomarca.com\/wordpress\/segunda\/wp-json\/wp\/v2\/categories?post=253833"},{"taxonomy":"post_tag","embeddable":true,"href":"https:\/\/www.tucomarca.com\/wordpress\/segunda\/wp-json\/wp\/v2\/tags?post=253833"}],"curies":[{"name":"wp","href":"https:\/\/api.w.org\/{rel}","templated":true}]}}