{"id":254108,"date":"2025-02-14T09:30:00","date_gmt":"2025-02-14T08:30:00","guid":{"rendered":"https:\/\/www.tucomarca.com\/wordpress\/segunda\/?p=254108"},"modified":"2025-02-14T15:01:23","modified_gmt":"2025-02-14T14:01:23","slug":"el-hospital-de-manises-y-mamas-en-accion-se-unen-para-acompanar-a-ninos-hospitalizados-en-situacion-de-vulnerabilidad","status":"publish","type":"post","link":"https:\/\/www.tucomarca.com\/wordpress\/segunda\/el-hospital-de-manises-y-mamas-en-accion-se-unen-para-acompanar-a-ninos-hospitalizados-en-situacion-de-vulnerabilidad\/","title":{"rendered":"El Hospital de Manises y Mam\u00e1s en Acci\u00f3n se unen para acompa\u00f1ar a ni\u00f1os hospitalizados en situaci\u00f3n de vulnerabilidad"},"content":{"rendered":"\n<h3 class=\"wp-block-heading\">Gracias a esta iniciativa, los menores en situaci\u00f3n de desamparo, vulnerabilidad o que viven bajo el Sistema de Protecci\u00f3n de la Infancia contar\u00e1n con el apoyo y el cari\u00f1o de voluntarias de esta asociaci\u00f3n.<\/h3>\n\n\n\n<h3 class=\"wp-block-heading\">El hospital de Manises se suma a la colaboraci\u00f3n ya presente en m\u00e1s de 40 centros p\u00fablicos de 11 ciudades espa\u00f1olas.<\/h3>\n\n\n\n<p>El Hospital de Manises se ha adherido al acuerdo de colaboraci\u00f3n entre la Conselleria de Sanidad y Mam\u00e1s en Acci\u00f3n para acompa\u00f1ar a ni\u00f1os hospitalizados en situaci\u00f3n de desamparo, vulnerabilidad o que viven bajo el Sistema de Protecci\u00f3n de la Infancia. Gracias a esta iniciativa, los menores ingresados sin acompa\u00f1ante contar\u00e1n con el apoyo y el cari\u00f1o de voluntarias de esta asociaci\u00f3n que ya colabora en m\u00e1s de 40 centros p\u00fablicos de 11 ciudades espa\u00f1olas.<\/p>\n\n\n\n<p>Mam\u00e1s en Acci\u00f3n es una comunidad de voluntariado que opera con el prop\u00f3sito de evitar la soledad no deseada de ni\u00f1os hospitalizados. De este modo, a trav\u00e9s del programa \u00abCurasana\u00bb, presta apoyo a menores en situaciones de abandono, violencia, familias sin red de apoyo o ni\u00f1os tutelados de centros de acogida.<\/p>\n\n\n\n<p>La especialista en pediatr\u00eda y jefa del servicio de Pediatr\u00eda y l\u00edder del grupo de trabajo de Humanizaci\u00f3n de Pediatr\u00eda, In\u00e9s Costa, resalta la relevancia de esta colaboraci\u00f3n: \u00abEs fundamental que todos los ni\u00f1os ingresados en nuestro hospital reciban el cuidado y la compa\u00f1\u00eda que necesitan. Esta colaboraci\u00f3n con Mam\u00e1s en Acci\u00f3n refuerza nuestro compromiso con la humanizaci\u00f3n de la asistencia sanitaria y el bienestar de los pacientes m\u00e1s vulnerables\u00bb.<\/p>\n\n\n\n<p>Por su parte, el objetivo de Mam\u00e1s en Acci\u00f3n en la Comunitat Valenciana es no dejar a ning\u00fan ni\u00f1o o ni\u00f1a solo, en un momento tan delicado como es una &nbsp;hospitalizaci\u00f3n y agradecen esta colaboraci\u00f3n.<\/p>\n\n\n\n<p>Con esta iniciativa, el departamento de salud de Manises refuerza su apuesta por la atenci\u00f3n centrada en el paciente, con especial sensibilidad hacia los colectivos m\u00e1s vulnerables, y en particular, con el paciente pedi\u00e1trico hospitalizado. El proyecto se enmarca en su estrategia de Responsabilidad Social Corporativa y demuestra su compromiso con la humanizaci\u00f3n de la asistencia sanitaria.<\/p>\n\n\n\n<p>El Departamento de Salud de Manises da cobertura y asistencia sanitaria, tanto ambulatoria como domiciliaria a m\u00e1s de 216.000 personas de 14 localidades a trav\u00e9s del Hospital de Manises, 9 centros de salud, 11 consultorios auxiliares, 2 centros de especialidades, 1 centro de salud integrado, el Hospital de Agudos de Manises y el Hospital de Cr\u00f3nicos de Mislata.<\/p>\n","protected":false},"excerpt":{"rendered":"<div class=\"mh-excerpt\">Gracias a esta iniciativa, los menores en situaci\u00f3n de desamparo, vulnerabilidad o que viven bajo el Sistema de Protecci\u00f3n de la Infancia contar\u00e1n con el apoyo y el cari\u00f1o de voluntarias de esta asociaci\u00f3n. El <a class=\"mh-excerpt-more\" href=\"https:\/\/www.tucomarca.com\/wordpress\/segunda\/el-hospital-de-manises-y-mamas-en-accion-se-unen-para-acompanar-a-ninos-hospitalizados-en-situacion-de-vulnerabilidad\/\" title=\"El Hospital de Manises y Mam\u00e1s en Acci\u00f3n se unen para acompa\u00f1ar a ni\u00f1os hospitalizados en situaci\u00f3n de vulnerabilidad\">[+] <\/a><\/div>\n","protected":false},"author":12,"featured_media":254110,"comment_status":"open","ping_status":"open","sticky":false,"template":"","format":"standard","meta":{"footnotes":""},"categories":[119,128,8,72,10,178,182,3,43],"tags":[10716,136,6444],"class_list":{"0":"post-254108","1":"post","2":"type-post","3":"status-publish","4":"format-standard","5":"has-post-thumbnail","7":"category-sanidad-la-comarca","8":"category-infraestructuras","9":"category-la-comarca","10":"category-sin-categorizar","11":"category-la-hoya","12":"category-loriguilla","13":"category-riba-roja","14":"category-seccion","15":"category-turis","16":"tag-generalitat-valenciana","17":"tag-hospital-de-manises","18":"tag-sanitat-publica"},"_links":{"self":[{"href":"https:\/\/www.tucomarca.com\/wordpress\/segunda\/wp-json\/wp\/v2\/posts\/254108","targetHints":{"allow":["GET"]}}],"collection":[{"href":"https:\/\/www.tucomarca.com\/wordpress\/segunda\/wp-json\/wp\/v2\/posts"}],"about":[{"href":"https:\/\/www.tucomarca.com\/wordpress\/segunda\/wp-json\/wp\/v2\/types\/post"}],"author":[{"embeddable":true,"href":"https:\/\/www.tucomarca.com\/wordpress\/segunda\/wp-json\/wp\/v2\/users\/12"}],"replies":[{"embeddable":true,"href":"https:\/\/www.tucomarca.com\/wordpress\/segunda\/wp-json\/wp\/v2\/comments?post=254108"}],"version-history":[{"count":0,"href":"https:\/\/www.tucomarca.com\/wordpress\/segunda\/wp-json\/wp\/v2\/posts\/254108\/revisions"}],"wp:featuredmedia":[{"embeddable":true,"href":"https:\/\/www.tucomarca.com\/wordpress\/segunda\/wp-json\/wp\/v2\/media\/254110"}],"wp:attachment":[{"href":"https:\/\/www.tucomarca.com\/wordpress\/segunda\/wp-json\/wp\/v2\/media?parent=254108"}],"wp:term":[{"taxonomy":"category","embeddable":true,"href":"https:\/\/www.tucomarca.com\/wordpress\/segunda\/wp-json\/wp\/v2\/categories?post=254108"},{"taxonomy":"post_tag","embeddable":true,"href":"https:\/\/www.tucomarca.com\/wordpress\/segunda\/wp-json\/wp\/v2\/tags?post=254108"}],"curies":[{"name":"wp","href":"https:\/\/api.w.org\/{rel}","templated":true}]}}