{"id":254216,"date":"2025-02-14T11:55:00","date_gmt":"2025-02-14T10:55:00","guid":{"rendered":"https:\/\/www.tucomarca.com\/wordpress\/segunda\/?p=254216"},"modified":"2025-02-14T17:48:33","modified_gmt":"2025-02-14T16:48:33","slug":"cheste-acoge-una-conferencia-sobre-como-actuar-ante-emergencias-en-el-marco-de-la-programacion-municipal-de-salud-de-febrero","status":"publish","type":"post","link":"https:\/\/www.tucomarca.com\/wordpress\/segunda\/cheste-acoge-una-conferencia-sobre-como-actuar-ante-emergencias-en-el-marco-de-la-programacion-municipal-de-salud-de-febrero\/","title":{"rendered":"Cheste acoge una conferencia sobre c\u00f3mo actuar ante emergencias en el marco de la programaci\u00f3n municipal de salud de febrero"},"content":{"rendered":"\n<p>Ayer, jueves 13 de febrero, se celebr\u00f3 una nueva actividad del calendario municipal de salud bajo el t\u00edtulo \u201cC\u00f3mo actuar ante emergencias\u201d, a cargo de la experta Elena Fora P\u00e9rez.<\/p>\n\n\n\n<p>La concejala de Sanidad, M\u00aa \u00c1ngeles Llorente, fue la encargada de presentar a la ponente, detallando los aspectos m\u00e1s destacados de su curr\u00edculum, como el M\u00e1ster Universitario en Enfermer\u00eda de Urgencias y Emergencias o los t\u00edtulos de Experta universitaria en \u00e1mbitos como la atenci\u00f3n al traumatismo grave. Llorente tambi\u00e9n incidi\u00f3 en la experiencia de Fora en diferentes hospitales, en \u00e1reas como Oncolog\u00eda, Quir\u00f3fano, Atenci\u00f3n Primaria o Psiquiatr\u00eda, y puso de relieve su faceta como divulgadora: \u201cAdem\u00e1s de su curr\u00edculum, de Elena dicen que es emp\u00e1tica, asertiva y muy buena comunicadora\u201d, apuntaba la concejala.<\/p>\n\n\n\n<p>La experta comenz\u00f3 la charla explicando la regla fundamental a seguir ante un accidente, que responde a las siglas de PAS: Proteger, Avisar y Socorrer. \u201cLo m\u00e1s importante en un contexto de emergencia es que, antes de poder ayudar a cualquier persona, lo primero que tenemos que hacer es protegernos a nosotros mismos, evaluar el contexto y saber si podemos ayudar o no, si nos ponemos en riesgo; lo segundo que tenemos que hacer es avisar al 112, y el tercer paso ser\u00eda ya socorrer a la persona que tenemos delante\u201d, explicaba Fora. \u201cLo que necesita saber el 112 cuando llamamos es qu\u00e9 ha pasado, c\u00f3mo est\u00e1 la persona y d\u00f3nde estamos, para que puedan venir a socorrernos\u201d.<\/p>\n\n\n\n<p>Durante la charla la ponente abord\u00f3 diferentes situaciones de emergencias, detallando c\u00f3mo actuar en cada caso. En concreto, la ponente dio indicaciones claras sobre qu\u00e9 se debe hacer en caso de incendio o inundaci\u00f3n, desmayos, ataques epil\u00e9pticos, ictus o infartos, y tambi\u00e9n explic\u00f3 c\u00f3mo actuar ante atragantamientos, distinguiendo entre personas adultas o ni\u00f1os, o ante paradas cardiorespiratorias, pedi\u00e1tricas y de adultos.<\/p>\n\n\n\n<p>Fora apoy\u00f3 sus explicaciones con v\u00eddeos de muestra y realiz\u00f3 simulaciones pr\u00e1cticas de las maniobras con respecto a los atragantamientos y tambi\u00e9n de c\u00f3mo realizar una Reanimaci\u00f3n Cardio Pulmonar (RCP) ante una parada cadiorepiratoria.&nbsp;<\/p>\n\n\n\n<p>Como de costumbre, al final de la charla la ponente respondi\u00f3 a las dudas de las personas asistentes.<\/p>\n\n\n\n<figure class=\"wp-block-gallery has-nested-images columns-2 is-cropped wp-block-gallery-1 is-layout-flex wp-block-gallery-is-layout-flex\">\n<figure class=\"wp-block-image size-large\"><img loading=\"lazy\" decoding=\"async\" width=\"1024\" height=\"683\" data-id=\"254223\" src=\"https:\/\/www.tucomarca.com\/wordpress\/segunda\/wp-content\/uploads\/2025\/02\/CharlaEmergencias_4-1024x683.jpg\" alt=\"\" class=\"wp-image-254223\" srcset=\"https:\/\/www.tucomarca.com\/wordpress\/segunda\/wp-content\/uploads\/2025\/02\/CharlaEmergencias_4-1024x683.jpg 1024w, https:\/\/www.tucomarca.com\/wordpress\/segunda\/wp-content\/uploads\/2025\/02\/CharlaEmergencias_4-300x200.jpg 300w, https:\/\/www.tucomarca.com\/wordpress\/segunda\/wp-content\/uploads\/2025\/02\/CharlaEmergencias_4-768x512.jpg 768w, https:\/\/www.tucomarca.com\/wordpress\/segunda\/wp-content\/uploads\/2025\/02\/CharlaEmergencias_4-1536x1024.jpg 1536w, https:\/\/www.tucomarca.com\/wordpress\/segunda\/wp-content\/uploads\/2025\/02\/CharlaEmergencias_4-2048x1365.jpg 2048w\" sizes=\"auto, (max-width: 1024px) 100vw, 1024px\" \/><\/figure>\n\n\n\n<figure class=\"wp-block-image size-large\"><img loading=\"lazy\" decoding=\"async\" width=\"1024\" height=\"683\" data-id=\"254221\" src=\"https:\/\/www.tucomarca.com\/wordpress\/segunda\/wp-content\/uploads\/2025\/02\/CharlaEmergencias_3-1024x683.jpg\" alt=\"\" class=\"wp-image-254221\" srcset=\"https:\/\/www.tucomarca.com\/wordpress\/segunda\/wp-content\/uploads\/2025\/02\/CharlaEmergencias_3-1024x683.jpg 1024w, https:\/\/www.tucomarca.com\/wordpress\/segunda\/wp-content\/uploads\/2025\/02\/CharlaEmergencias_3-300x200.jpg 300w, https:\/\/www.tucomarca.com\/wordpress\/segunda\/wp-content\/uploads\/2025\/02\/CharlaEmergencias_3-768x512.jpg 768w, https:\/\/www.tucomarca.com\/wordpress\/segunda\/wp-content\/uploads\/2025\/02\/CharlaEmergencias_3-1536x1024.jpg 1536w, https:\/\/www.tucomarca.com\/wordpress\/segunda\/wp-content\/uploads\/2025\/02\/CharlaEmergencias_3-2048x1365.jpg 2048w\" sizes=\"auto, (max-width: 1024px) 100vw, 1024px\" \/><\/figure>\n\n\n\n<figure class=\"wp-block-image size-large\"><img loading=\"lazy\" decoding=\"async\" width=\"1024\" height=\"683\" data-id=\"254217\" src=\"https:\/\/www.tucomarca.com\/wordpress\/segunda\/wp-content\/uploads\/2025\/02\/CharlaEmergencias_1-1024x683.jpg\" alt=\"\" class=\"wp-image-254217\" srcset=\"https:\/\/www.tucomarca.com\/wordpress\/segunda\/wp-content\/uploads\/2025\/02\/CharlaEmergencias_1-1024x683.jpg 1024w, https:\/\/www.tucomarca.com\/wordpress\/segunda\/wp-content\/uploads\/2025\/02\/CharlaEmergencias_1-300x200.jpg 300w, https:\/\/www.tucomarca.com\/wordpress\/segunda\/wp-content\/uploads\/2025\/02\/CharlaEmergencias_1-768x512.jpg 768w, https:\/\/www.tucomarca.com\/wordpress\/segunda\/wp-content\/uploads\/2025\/02\/CharlaEmergencias_1-1536x1024.jpg 1536w, https:\/\/www.tucomarca.com\/wordpress\/segunda\/wp-content\/uploads\/2025\/02\/CharlaEmergencias_1-2048x1365.jpg 2048w\" sizes=\"auto, (max-width: 1024px) 100vw, 1024px\" \/><\/figure>\n<\/figure>\n","protected":false},"excerpt":{"rendered":"<div class=\"mh-excerpt\">Ayer, jueves 13 de febrero, se celebr\u00f3 una nueva actividad del calendario municipal de salud bajo el t\u00edtulo \u201cC\u00f3mo actuar ante emergencias\u201d, a cargo de la experta Elena Fora P\u00e9rez. La concejala de Sanidad, M\u00aa <a class=\"mh-excerpt-more\" href=\"https:\/\/www.tucomarca.com\/wordpress\/segunda\/cheste-acoge-una-conferencia-sobre-como-actuar-ante-emergencias-en-el-marco-de-la-programacion-municipal-de-salud-de-febrero\/\" title=\"Cheste acoge una conferencia sobre c\u00f3mo actuar ante emergencias en el marco de la programaci\u00f3n municipal de salud de febrero\">[+] <\/a><\/div>\n","protected":false},"author":13,"featured_media":254219,"comment_status":"open","ping_status":"open","sticky":false,"template":"","format":"standard","meta":{"footnotes":""},"categories":[119,17,128,8,10,142,3],"tags":[339,5952,272],"class_list":{"0":"post-254216","1":"post","2":"type-post","3":"status-publish","4":"format-standard","5":"has-post-thumbnail","7":"category-sanidad-la-comarca","8":"category-cheste","9":"category-infraestructuras","10":"category-la-comarca","11":"category-la-hoya","12":"category-politica-la-comarca","13":"category-seccion","14":"tag-cheste-2","15":"tag-la-hoya-de-bunol-chiva","16":"tag-salud"},"_links":{"self":[{"href":"https:\/\/www.tucomarca.com\/wordpress\/segunda\/wp-json\/wp\/v2\/posts\/254216","targetHints":{"allow":["GET"]}}],"collection":[{"href":"https:\/\/www.tucomarca.com\/wordpress\/segunda\/wp-json\/wp\/v2\/posts"}],"about":[{"href":"https:\/\/www.tucomarca.com\/wordpress\/segunda\/wp-json\/wp\/v2\/types\/post"}],"author":[{"embeddable":true,"href":"https:\/\/www.tucomarca.com\/wordpress\/segunda\/wp-json\/wp\/v2\/users\/13"}],"replies":[{"embeddable":true,"href":"https:\/\/www.tucomarca.com\/wordpress\/segunda\/wp-json\/wp\/v2\/comments?post=254216"}],"version-history":[{"count":0,"href":"https:\/\/www.tucomarca.com\/wordpress\/segunda\/wp-json\/wp\/v2\/posts\/254216\/revisions"}],"wp:featuredmedia":[{"embeddable":true,"href":"https:\/\/www.tucomarca.com\/wordpress\/segunda\/wp-json\/wp\/v2\/media\/254219"}],"wp:attachment":[{"href":"https:\/\/www.tucomarca.com\/wordpress\/segunda\/wp-json\/wp\/v2\/media?parent=254216"}],"wp:term":[{"taxonomy":"category","embeddable":true,"href":"https:\/\/www.tucomarca.com\/wordpress\/segunda\/wp-json\/wp\/v2\/categories?post=254216"},{"taxonomy":"post_tag","embeddable":true,"href":"https:\/\/www.tucomarca.com\/wordpress\/segunda\/wp-json\/wp\/v2\/tags?post=254216"}],"curies":[{"name":"wp","href":"https:\/\/api.w.org\/{rel}","templated":true}]}}