{"id":254227,"date":"2025-02-14T09:47:00","date_gmt":"2025-02-14T08:47:00","guid":{"rendered":"https:\/\/www.tucomarca.com\/wordpress\/segunda\/?p=254227"},"modified":"2025-02-14T18:59:30","modified_gmt":"2025-02-14T17:59:30","slug":"marta-soriano-vuelve-a-reinar-en-la-falla-els-barris-de-turis-dieciseis-anos-despues","status":"publish","type":"post","link":"https:\/\/www.tucomarca.com\/wordpress\/segunda\/marta-soriano-vuelve-a-reinar-en-la-falla-els-barris-de-turis-dieciseis-anos-despues\/","title":{"rendered":"Marta Soriano vuelve a reinar en la Falla Els Barris de Tur\u00eds diecis\u00e9is a\u00f1os despu\u00e9s"},"content":{"rendered":"\n<h3 class=\"wp-block-heading\">La comisi\u00f3n m\u00e1s veterana de la localidad valenciana exalta a su Fallera Mayor para 2025.<\/h3>\n\n\n\n<p>La Falla Els Barris de Tur\u00eds celebr\u00f3 el s\u00e1bado la exaltaci\u00f3n de Marta Soriano Pascual como Fallera Mayor de 2025. El Teatro Ideal de la localidad valenciana se qued\u00f3 peque\u00f1o para acoger un acto en el que Marta regres\u00f3 de nuevo al trono que ya ocup\u00f3 como Fallera Mayor Infantil en 2009.<\/p>\n\n\n\n<p>\u201cEstamos plet\u00f3ricos al ver la mujer valiente y con principios en la que te has convertido. Pisa fuerte en cada momento y deja volar tu ilusi\u00f3n\u201d, le aconsej\u00f3 su madre, en una emotiva grabaci\u00f3n, instantes antes de subir al escenario. Ana Alcover, m\u00e1xima representante de 2024, le impuso la banda que acredita el cargo de su sucesora bajo la atenta mirada de Iv\u00e1n Torres, presidente de la comisi\u00f3n m\u00e1s veterana del municipio.<\/p>\n\n\n<div class=\"wp-block-image\">\n<figure class=\"alignleft size-large is-resized\"><img loading=\"lazy\" decoding=\"async\" width=\"819\" height=\"1024\" src=\"https:\/\/www.tucomarca.com\/wordpress\/segunda\/wp-content\/uploads\/2025\/02\/exaltacion-barris-2025-819x1024.jpg\" alt=\"\" class=\"wp-image-254231\" style=\"width:333px;height:auto\" srcset=\"https:\/\/www.tucomarca.com\/wordpress\/segunda\/wp-content\/uploads\/2025\/02\/exaltacion-barris-2025-819x1024.jpg 819w, https:\/\/www.tucomarca.com\/wordpress\/segunda\/wp-content\/uploads\/2025\/02\/exaltacion-barris-2025-240x300.jpg 240w, https:\/\/www.tucomarca.com\/wordpress\/segunda\/wp-content\/uploads\/2025\/02\/exaltacion-barris-2025-768x960.jpg 768w, https:\/\/www.tucomarca.com\/wordpress\/segunda\/wp-content\/uploads\/2025\/02\/exaltacion-barris-2025-1229x1536.jpg 1229w, https:\/\/www.tucomarca.com\/wordpress\/segunda\/wp-content\/uploads\/2025\/02\/exaltacion-barris-2025.jpg 1577w\" sizes=\"auto, (max-width: 819px) 100vw, 819px\" \/><\/figure>\n<\/div>\n\n\n<p>Dani Soriano ejerci\u00f3 como mantenedor y le pidi\u00f3 a su hermana que abra \u201clos ojos y el coraz\u00f3n\u201d para guardar todo lo que est\u00e1 viviendo. Tambi\u00e9n puso en valor el esfuerzo de familiares y amigos para recuperar la indumentaria de Marta de un taller inundado durante la catastr\u00f3fica dana: \u201cConseguimos que un traje lleno de barro, y que d\u00e1bamos por perdido, volviera a ver la luz de tal manera que hoy te hace brillar con todo su esplendor\u201d.<\/p>\n\n\n\n<p>Durante la exaltaci\u00f3n, precedida por un multitudinario pasacalle y conducida por N\u00faria Ballester, se homenaje\u00f3 a los falleros y falleras que este a\u00f1o reciben el Bunyol d\u2019Or i Brillants amb Fulles de Llorer \u2014la m\u00e1s alta distinci\u00f3n que otorga Junta Central Fallera\u2014 y se reconoci\u00f3 el trabajo por Els Barris de Leonor Garcia y Susi Mart\u00ednez. Como fin de fiesta, el grupo de playback de la comisi\u00f3n represent\u00f3 el musical original \u2018Pagar i plorar\u2019. Este pr\u00f3ximo domingo el protagonismo recaer\u00e1 en Sonia Hern\u00e1ndez y Pepe Hern\u00e1ndez de Alba. Ambos vivir\u00e1n su exaltaci\u00f3n como representantes infantiles de 2025.<\/p>\n","protected":false},"excerpt":{"rendered":"<div class=\"mh-excerpt\">La comisi\u00f3n m\u00e1s veterana de la localidad valenciana exalta a su Fallera Mayor para 2025. La Falla Els Barris de Tur\u00eds celebr\u00f3 el s\u00e1bado la exaltaci\u00f3n de Marta Soriano Pascual como Fallera Mayor de 2025. <a class=\"mh-excerpt-more\" href=\"https:\/\/www.tucomarca.com\/wordpress\/segunda\/marta-soriano-vuelve-a-reinar-en-la-falla-els-barris-de-turis-dieciseis-anos-despues\/\" title=\"Marta Soriano vuelve a reinar en la Falla Els Barris de Tur\u00eds diecis\u00e9is a\u00f1os despu\u00e9s\">[+] <\/a><\/div>\n","protected":false},"author":12,"featured_media":254236,"comment_status":"open","ping_status":"open","sticky":false,"template":"","format":"standard","meta":{"footnotes":""},"categories":[8,42,5,7,383,3,43],"tags":[3027,20848,1407,10394],"class_list":{"0":"post-254227","1":"post","2":"type-post","3":"status-publish","4":"format-standard","5":"has-post-thumbnail","7":"category-la-comarca","8":"category-la-ribera","9":"category-la-semana-en-imagenes","10":"category-ocio-y-cultura","11":"category-pueblos-en-fiestas","12":"category-seccion","13":"category-turis","14":"tag-falla-els-barris","15":"tag-fallas-2025","16":"tag-ribera-alta","17":"tag-turis"},"_links":{"self":[{"href":"https:\/\/www.tucomarca.com\/wordpress\/segunda\/wp-json\/wp\/v2\/posts\/254227","targetHints":{"allow":["GET"]}}],"collection":[{"href":"https:\/\/www.tucomarca.com\/wordpress\/segunda\/wp-json\/wp\/v2\/posts"}],"about":[{"href":"https:\/\/www.tucomarca.com\/wordpress\/segunda\/wp-json\/wp\/v2\/types\/post"}],"author":[{"embeddable":true,"href":"https:\/\/www.tucomarca.com\/wordpress\/segunda\/wp-json\/wp\/v2\/users\/12"}],"replies":[{"embeddable":true,"href":"https:\/\/www.tucomarca.com\/wordpress\/segunda\/wp-json\/wp\/v2\/comments?post=254227"}],"version-history":[{"count":0,"href":"https:\/\/www.tucomarca.com\/wordpress\/segunda\/wp-json\/wp\/v2\/posts\/254227\/revisions"}],"wp:featuredmedia":[{"embeddable":true,"href":"https:\/\/www.tucomarca.com\/wordpress\/segunda\/wp-json\/wp\/v2\/media\/254236"}],"wp:attachment":[{"href":"https:\/\/www.tucomarca.com\/wordpress\/segunda\/wp-json\/wp\/v2\/media?parent=254227"}],"wp:term":[{"taxonomy":"category","embeddable":true,"href":"https:\/\/www.tucomarca.com\/wordpress\/segunda\/wp-json\/wp\/v2\/categories?post=254227"},{"taxonomy":"post_tag","embeddable":true,"href":"https:\/\/www.tucomarca.com\/wordpress\/segunda\/wp-json\/wp\/v2\/tags?post=254227"}],"curies":[{"name":"wp","href":"https:\/\/api.w.org\/{rel}","templated":true}]}}