{"id":25443,"date":"2014-04-02T15:17:54","date_gmt":"2014-04-02T12:17:54","guid":{"rendered":"http:\/\/www.tucomarca.com\/wordpress\/segunda\/?p=25443"},"modified":"2014-04-02T15:17:58","modified_gmt":"2014-04-02T12:17:58","slug":"un-servicio-de-transporte-directo-conectara-la-hoya-con-el-hospital-de-manises-y-el-centro-de-especialidades-de-aldaia","status":"publish","type":"post","link":"https:\/\/www.tucomarca.com\/wordpress\/segunda\/un-servicio-de-transporte-directo-conectara-la-hoya-con-el-hospital-de-manises-y-el-centro-de-especialidades-de-aldaia\/","title":{"rendered":"Un servicio de transporte directo conectar\u00e1 La Hoya con el Hospital de Manises y el Centro de Especialidades de Aldaia"},"content":{"rendered":"<figure id=\"attachment_2166\" aria-describedby=\"caption-attachment-2166\" style=\"width: 300px\" class=\"wp-caption alignleft\"><a rel=\"attachment wp-att-2166\" href=\"https:\/\/www.tucomarca.com\/wordpress\/segunda\/2012\/05\/el-hospital-de-manises-y-el-iis-la-fe-se-unen-para-impulsar-la-investigacion\/hospitalmanises\/\"><img loading=\"lazy\" decoding=\"async\" class=\"size-medium wp-image-2166\" title=\"hospitalmanises\" src=\"https:\/\/www.tucomarca.com\/wordpress\/segunda\/wp-content\/uploads\/2012\/05\/hospitalmanises-300x236.jpg\" alt=\"Hospital de Manises. tc.c\" width=\"300\" height=\"236\" srcset=\"https:\/\/www.tucomarca.com\/wordpress\/segunda\/wp-content\/uploads\/2012\/05\/hospitalmanises-300x236.jpg 300w, https:\/\/www.tucomarca.com\/wordpress\/segunda\/wp-content\/uploads\/2012\/05\/hospitalmanises.jpg 459w\" sizes=\"auto, (max-width: 300px) 100vw, 300px\" \/><\/a><figcaption id=\"caption-attachment-2166\" class=\"wp-caption-text\">Hospital de Manises. tc.c<\/figcaption><\/figure>\n<p>La comarca de la Hoya de Bu\u00f1ol-Chiva contar\u00e1 desde el pr\u00f3ximo 11 de abril con una nueva l\u00ednea de autobuses que unir\u00e1 las poblaciones de esta zona de manera directa, sin necesidad de hacer trasbordo alguno, hasta el Hospital de Manises y el Centro de Especialidades de Aldaia.<\/p>\n<p>&nbsp;<\/p>\n<p>Esta conexi\u00f3n directa se ha logrado gracias a las gestiones realizadas por la direcci\u00f3n del Hospital de Manises con la empresa concesionaria Autobuses Bu\u00f1ol. As\u00ed, el centro subvencionar\u00e1 gran parte del coste del billete para permitir la m\u00e1xima accesibilidad al servicio a los ciudadanos de la comarca. \u00abGracias a este acuerdo, los ciudadanos de esta zona pueden contar con un servicio directo, sin transbordos, ni paradas alejadas de la poblaci\u00f3n, que les permitir\u00e1 reducir el tiempo invertido en el desplazamiento hasta estos centros\u00bb, se\u00f1ala Carlos Rodrigo, director de Atenci\u00f3n Primaria del Hospital de Manises.<\/p>\n<p>La nueva l\u00ednea de transporte se ha creado como un servicio especial y diferenciado con trayectos de ida y vuelta, variedad de horarios y rutas diversas para cubrir todas las poblaciones de la comarca. \u00abHemos intentado adem\u00e1s que los horarios del autob\u00fas se sincronicen, en la medida de lo posible, con las visitas que los habitantes de La Hoya suelen tener en el Hospital de Manises\u00bb, ha a\u00f1adido Rodrigo.<\/p>\n<p>Concretamente, se han fijado dos rutas con dos servicios de ida y vuelta. Por ello, habr\u00e1 un autob\u00fas cada d\u00eda a las 8 y otro a las 10 de la ma\u00f1ana para ir a los dos centros hospitalarios y a las 11.50 y a las 14.20 para regresar.<\/p>\n","protected":false},"excerpt":{"rendered":"<div class=\"mh-excerpt\">La comarca de la Hoya de Bu\u00f1ol-Chiva contar\u00e1 desde el pr\u00f3ximo 11 de abril con una nueva l\u00ednea de autobuses que unir\u00e1 las poblaciones de esta zona de manera directa, sin necesidad de hacer trasbordo <a class=\"mh-excerpt-more\" href=\"https:\/\/www.tucomarca.com\/wordpress\/segunda\/un-servicio-de-transporte-directo-conectara-la-hoya-con-el-hospital-de-manises-y-el-centro-de-especialidades-de-aldaia\/\" title=\"Un servicio de transporte directo conectar\u00e1 La Hoya con el Hospital de Manises y el Centro de Especialidades de Aldaia\">[+] <\/a><\/div>\n","protected":false},"author":2,"featured_media":2166,"comment_status":"open","ping_status":"open","sticky":false,"template":"","format":"standard","meta":{"footnotes":""},"categories":[119,8,10,3,45],"tags":[973,911,434,3902,3901],"class_list":{"0":"post-25443","1":"post","2":"type-post","3":"status-publish","4":"format-standard","5":"has-post-thumbnail","7":"category-sanidad-la-comarca","8":"category-la-comarca","9":"category-la-hoya","10":"category-seccion","11":"category-ventana","12":"tag-aldaya","13":"tag-carlos-rodrigo","14":"tag-hospital-manises","15":"tag-sentido-de-ida-y-vuelta","16":"tag-servicio-autobus-directo"},"_links":{"self":[{"href":"https:\/\/www.tucomarca.com\/wordpress\/segunda\/wp-json\/wp\/v2\/posts\/25443","targetHints":{"allow":["GET"]}}],"collection":[{"href":"https:\/\/www.tucomarca.com\/wordpress\/segunda\/wp-json\/wp\/v2\/posts"}],"about":[{"href":"https:\/\/www.tucomarca.com\/wordpress\/segunda\/wp-json\/wp\/v2\/types\/post"}],"author":[{"embeddable":true,"href":"https:\/\/www.tucomarca.com\/wordpress\/segunda\/wp-json\/wp\/v2\/users\/2"}],"replies":[{"embeddable":true,"href":"https:\/\/www.tucomarca.com\/wordpress\/segunda\/wp-json\/wp\/v2\/comments?post=25443"}],"version-history":[{"count":0,"href":"https:\/\/www.tucomarca.com\/wordpress\/segunda\/wp-json\/wp\/v2\/posts\/25443\/revisions"}],"wp:featuredmedia":[{"embeddable":true,"href":"https:\/\/www.tucomarca.com\/wordpress\/segunda\/wp-json\/wp\/v2\/media\/2166"}],"wp:attachment":[{"href":"https:\/\/www.tucomarca.com\/wordpress\/segunda\/wp-json\/wp\/v2\/media?parent=25443"}],"wp:term":[{"taxonomy":"category","embeddable":true,"href":"https:\/\/www.tucomarca.com\/wordpress\/segunda\/wp-json\/wp\/v2\/categories?post=25443"},{"taxonomy":"post_tag","embeddable":true,"href":"https:\/\/www.tucomarca.com\/wordpress\/segunda\/wp-json\/wp\/v2\/tags?post=25443"}],"curies":[{"name":"wp","href":"https:\/\/api.w.org\/{rel}","templated":true}]}}