{"id":25448,"date":"2014-04-02T13:49:06","date_gmt":"2014-04-02T10:49:06","guid":{"rendered":"http:\/\/www.tucomarca.com\/wordpress\/segunda\/?p=25448"},"modified":"2014-04-02T13:49:06","modified_gmt":"2014-04-02T10:49:06","slug":"la-comunitat-valenciana-registra-el-descenso-de-paro-mas-alto-de-toda-espana-en-marzo-con-5-902-desempleados-menos","status":"publish","type":"post","link":"https:\/\/www.tucomarca.com\/wordpress\/segunda\/la-comunitat-valenciana-registra-el-descenso-de-paro-mas-alto-de-toda-espana-en-marzo-con-5-902-desempleados-menos\/","title":{"rendered":"La Comunitat Valenciana registra el descenso de paro m\u00e1s alto de toda Espa\u00f1a en marzo con 5.902 desempleados menos"},"content":{"rendered":"<p>La Comunitat Valenciana ha reducido el paro en 5.902 personas durante el mes de marzo, un dato que supone el mayor descenso registrado en este mes en toda Espa\u00f1a. As\u00ed, el paro ha bajado en marzo un 1,05% en la Comunitat, siete d\u00e9cimas m\u00e1s que el descenso medio de Espa\u00f1a (0,35%), seg\u00fan los datos que ha publicado hoy el Ministerio de Trabajo y Seguridad Social.<\/p>\n<p>Estos datos reflejan que en la Comunitat se ha producido el descenso m\u00e1s grande de un mes de marzo de toda la serie hist\u00f3rica, desde 1977 y ponen de manifiesto que la ca\u00edda en el n\u00famero de desempleados se ha producido en las tres provincias, tanto en la variaci\u00f3n mensual como en la anual, y en todos los sectores econ\u00f3micos (excepto en agricultura).<\/p>\n<p>De hecho, el paro en la industria desciende por s\u00e9ptimo mes consecutivo de manera que actualmente el paro industrial se ha reducido en un 9,5% anual.<\/p>\n<p>En el \u00faltimo a\u00f1o el paro ha bajado en la Comunitat en m\u00e1s de 36.500 personas y se han creado 19.538 nuevos empleos. Adem\u00e1s, la Comunitat es la tercera autonom\u00eda espa\u00f1ola donde m\u00e1s ha bajado el paro en este \u00faltimo a\u00f1o y la tercera con mayor incremento anual de afiliados en t\u00e9rminos absolutos.<\/p>\n<p>En este sentido, el conseller de Econom\u00eda, Industria, Turismo y Empleo, M\u00e1ximo Buch, ha destacado que \u00abel descenso en el n\u00famero de desempleados es un dato positivo que nos refirma para seguir trabajando con empresarios y sociedad en pol\u00edticas activas de empleo\u00bb y ha asegurado que \u00abm\u00e1s de un tercio de la disminuci\u00f3n total del paro en Espa\u00f1a en marzo, que ha sido de 16.620, ha sido en la Comunitat y que ya estamos creando empleo\u00bb.<\/p>\n<p>De esta manera, ha detallado que el n\u00famero de afiliados a la Seguridad Social ha aumentado en el \u00faltimo a\u00f1o en 19.538 en la Comunitat, lo que supone un incremento anual del 1,27%, medio punto superior a la media de Espa\u00f1a (0,71%).<\/p>\n<p>Para el titular de Econom\u00eda \u00abestos datos van en la l\u00ednea del objetivo principal que tenemos que es crear empleo y nos sit\u00faan en el camino del objetivo marcado por el President Fabra de terminar este a\u00f1o con menos parados de los que tuvimos cuando empez\u00f3 esta legislatura\u00bb.<\/p>\n<p>\u00abEl cambio de tendencia en la evoluci\u00f3n de los datos del paro y de la crisis econ\u00f3mica ya se ha producido y estamos en un momento en el que se anuncia crecimiento en el PIB para la Comunitat Valenciana\u00bb, ha a\u00f1adido al respecto.<\/p>\n<p>Del mismo modo, Buch ha detallado que se ha observado que existen dos factores muy importantes en el descenso del paro como son el turismo y la internacionalizaci\u00f3n. \u00abEn los dos se est\u00e1 produciendo que la Comunitat registra un mayor crecimiento que la media de Espa\u00f1a, de manera que esa combinaci\u00f3n entre turismo e internacionalizaci\u00f3n explica que la Comunitat vaya por delante del resto de Espa\u00f1a en este descenso del n\u00famero de desempleados\u00bb.<\/p>\n<p>Descenso paro juvenil<\/p>\n<p>De los datos publicados hoy por el Ministerio se desprende que en el \u00faltimo a\u00f1o 8.322 j\u00f3venes han dejado de estar parados en la Comunitat y 2.890 lo han hecho durante este mes de marzo.<\/p>\n<p>Tambi\u00e9n cabe destacar que ha aumentado el n\u00famero de aut\u00f3nomos tanto en el mes de marzo como en el a\u00f1o y que en marzo de 2014 la Comunitat cuenta con 2.184 aut\u00f3nomos m\u00e1s que en febrero y 5.995 m\u00e1s que en el mismo mes del a\u00f1o anterior.<\/p>\n<p>Asimismo, ha aumentado la contrataci\u00f3n total y la contrataci\u00f3n indefinida tanto en el mes de marzo como en el a\u00f1o y la Comunitat se ha situado como la segunda regi\u00f3n espa\u00f1ola donde m\u00e1s ha crecido la contrataci\u00f3n total respecto al mes anterior.<\/p>\n","protected":false},"excerpt":{"rendered":"<div class=\"mh-excerpt\">La Comunitat Valenciana ha reducido el paro en 5.902 personas durante el mes de marzo, un dato que supone el mayor descenso registrado en este mes en toda Espa\u00f1a. As\u00ed, el paro ha bajado en <a class=\"mh-excerpt-more\" href=\"https:\/\/www.tucomarca.com\/wordpress\/segunda\/la-comunitat-valenciana-registra-el-descenso-de-paro-mas-alto-de-toda-espana-en-marzo-con-5-902-desempleados-menos\/\" title=\"La Comunitat Valenciana registra el descenso de paro m\u00e1s alto de toda Espa\u00f1a en marzo con 5.902 desempleados menos\">[+] <\/a><\/div>\n","protected":false},"author":2,"featured_media":0,"comment_status":"open","ping_status":"open","sticky":false,"template":"","format":"standard","meta":{"footnotes":""},"categories":[8,72,3],"tags":[3904,684,3905,3903],"class_list":{"0":"post-25448","1":"post","2":"type-post","3":"status-publish","4":"format-standard","6":"category-la-comarca","7":"category-sin-categorizar","8":"category-seccion","9":"tag-5-900-personas","10":"tag-comunitat","11":"tag-mes-de-marzo","12":"tag-reduccion-paro"},"_links":{"self":[{"href":"https:\/\/www.tucomarca.com\/wordpress\/segunda\/wp-json\/wp\/v2\/posts\/25448","targetHints":{"allow":["GET"]}}],"collection":[{"href":"https:\/\/www.tucomarca.com\/wordpress\/segunda\/wp-json\/wp\/v2\/posts"}],"about":[{"href":"https:\/\/www.tucomarca.com\/wordpress\/segunda\/wp-json\/wp\/v2\/types\/post"}],"author":[{"embeddable":true,"href":"https:\/\/www.tucomarca.com\/wordpress\/segunda\/wp-json\/wp\/v2\/users\/2"}],"replies":[{"embeddable":true,"href":"https:\/\/www.tucomarca.com\/wordpress\/segunda\/wp-json\/wp\/v2\/comments?post=25448"}],"version-history":[{"count":0,"href":"https:\/\/www.tucomarca.com\/wordpress\/segunda\/wp-json\/wp\/v2\/posts\/25448\/revisions"}],"wp:attachment":[{"href":"https:\/\/www.tucomarca.com\/wordpress\/segunda\/wp-json\/wp\/v2\/media?parent=25448"}],"wp:term":[{"taxonomy":"category","embeddable":true,"href":"https:\/\/www.tucomarca.com\/wordpress\/segunda\/wp-json\/wp\/v2\/categories?post=25448"},{"taxonomy":"post_tag","embeddable":true,"href":"https:\/\/www.tucomarca.com\/wordpress\/segunda\/wp-json\/wp\/v2\/tags?post=25448"}],"curies":[{"name":"wp","href":"https:\/\/api.w.org\/{rel}","templated":true}]}}