{"id":254518,"date":"2025-02-17T18:00:00","date_gmt":"2025-02-17T17:00:00","guid":{"rendered":"https:\/\/www.tucomarca.com\/wordpress\/segunda\/?p=254518"},"modified":"2025-02-18T18:52:36","modified_gmt":"2025-02-18T17:52:36","slug":"la-diputacio-de-valencia-apuesta-por-la-innovacion-en-la-gestion-local-como-eje-de-su-plan-de-formacion-2025","status":"publish","type":"post","link":"https:\/\/www.tucomarca.com\/wordpress\/segunda\/la-diputacio-de-valencia-apuesta-por-la-innovacion-en-la-gestion-local-como-eje-de-su-plan-de-formacion-2025\/","title":{"rendered":"La Diputaci\u00f3 de Val\u00e8ncia apuesta por la innovaci\u00f3n en la gesti\u00f3n local como eje de su Plan de Formaci\u00f3n 2025"},"content":{"rendered":"\n<h3 class=\"wp-block-heading\">El pleno de la corporaci\u00f3n provincial vota este martes la aprobaci\u00f3n del nuevo Plan General de Formaci\u00f3n, dirigido a todo el personal de las entidades locales de la provincia de Valencia.<\/h3>\n\n\n\n<h3 class=\"wp-block-heading\">El \u00e1rea de Formaci\u00f3n, que dirige el diputado Ricardo Gabald\u00f3n, oferta m\u00e1s de 200 cursos de tem\u00e1tica variada y consolida la descentralizaci\u00f3n a trav\u00e9s de sedes formativas repartidas por la provincia.<\/h3>\n\n\n\n<p>El pleno de la Diputaci\u00f3 de Val\u00e8ncia tiene previsto aprobar este martes el Plan General de Formaci\u00f3n 2025, que tiene como principal novedad la apuesta clara por incluir las tem\u00e1ticas de mayor actualidad y que mayor inter\u00e9s pueden suscitar en el d\u00eda a d\u00eda de los ayuntamientos, como es el caso de la innovaci\u00f3n en la gesti\u00f3n local. En este sentido destaca el itinerario formativo DIVALDirectia Tem\u00e1tica, dirigido a cargos electos y personal empleado p\u00fablico con altas responsabilidades, que sigue ampliando sus contenidos y adaptando su oferta a las necesidades reales de las entidades locales.<\/p>\n\n\n\n<p>\u201cDesde el \u00e1rea de Formaci\u00f3n lo que pretendemos es ser \u00fatiles para mejorar el servicio que los empleados de las entidades locales ofrecen a la ciudadan\u00eda. Para ello hay que ir actualizando y adaptando la formaci\u00f3n a las nuevas realidades, y en este sentido todo lo relacionado con la innovaci\u00f3n en la gesti\u00f3n local es una de las materias que mayor inter\u00e9s genera en estos momentos\u201d, ha declarado el diputado de Formaci\u00f3n, Ricardo Gabald\u00f3n.<\/p>\n\n\n\n<p>Este Plan de Formaci\u00f3n para 2025 incluye una oferta global de casi 6.000 plazas repartidas entre los m\u00e1s de 200 cursos programados inicialmente, dirigidos a todo el personal perteneciente a la propia Diputaci\u00f3n, a los ayuntamientos y al resto de entidades locales de la provincia. No obstante, el n\u00famero inicial de acciones formativas se puede incrementar a lo largo del a\u00f1o seg\u00fan las necesidades y la demanda existente, y tambi\u00e9n a trav\u00e9s del Plan Agrupado de Formaci\u00f3n Continua.<\/p>\n\n\n\n<p>Como viene siendo habitual desde la pandemia, la corporaci\u00f3n provincial mantiene una importante oferta de cursos en l\u00ednea, ya que estas modalidades favorecen la participaci\u00f3n y facilitan el acceso a la formaci\u00f3n a un mayor n\u00famero de empleados. No obstante, contin\u00faa habiendo numerosas acciones formativas de car\u00e1cter presencial, as\u00ed como con formatos mixtos, combinando la presencialidad y las clases a distancia.<\/p>\n\n\n\n<p>Tambi\u00e9n cabe destacar la consolidaci\u00f3n de la apuesta, implementada el pasado a\u00f1o, de descentralizar parte de las acciones formativas en diferentes municipios de la provincia, con el fin de facilitar la presencialidad de los empleados p\u00fablicos de los municipios de interior. \u201cConsideramos fundamental acercar estos cursos a nuestros pueblos, para as\u00ed facilitar que los trabajadores de los distintos ayuntamientos puedan seguir mejorando su formaci\u00f3n, y, en definitiva, poder ofrecer un mejor servicio a la ciudadan\u00eda\u201d, ha manifestado Ricardo Gabald\u00f3n.<\/p>\n\n\n\n<p><strong>Contenido de los cursos<\/strong><\/p>\n\n\n\n<p>El contenido de los cursos que se impartir\u00e1n durante el presente ejercicio sigue abarcando una gran cantidad de \u00e1mbitos. En cuanto al contenido dirigido a los empleados de los ayuntamientos, sobresale el importante cap\u00edtulo dedicado a la formaci\u00f3n relativa a competencias digitales, administraci\u00f3n electr\u00f3nica y transformaci\u00f3n digital. Tambi\u00e9n tienen gran relevancia otras materias como el valenciano, la contrataci\u00f3n, la gesti\u00f3n econ\u00f3mica, la gesti\u00f3n de fondos europeos y la igualdad.<\/p>\n\n\n\n<p>Asimismo, para el personal de nuevo ingreso existe formaci\u00f3n espec\u00edfica en materias como protecci\u00f3n de datos, ciberseguridad, igualdad, protocolo de acoso sexual, prevenci\u00f3n, salud laboral y administraci\u00f3n electr\u00f3nica.<\/p>\n\n\n\n<p>En cuanto a la formaci\u00f3n especializada que se ofrece a trav\u00e9s de los itinerarios formativos, como es el caso de DIVALdirectia (para personal con responsabilidades directivas) y DIVALdata (para responsables de protecci\u00f3n de datos), este a\u00f1o se ha iniciado el nuevo itinerario formativo DIVALcomunica, destinado a todo el personal empleado p\u00fablico, con el objetivo de mejorar la comunicaci\u00f3n con la ciudadan\u00eda, simplificando el lenguaje administrativo.<\/p>\n\n\n\n<p>Todas las acciones formativas ser\u00e1n impartidas por un profesorado experto en las materias de referencia, procedente del \u00e1mbito universitario y tambi\u00e9n del profesional, o bien de la propia administraci\u00f3n provincial y los ayuntamientos.<\/p>\n","protected":false},"excerpt":{"rendered":"<div class=\"mh-excerpt\">El pleno de la corporaci\u00f3n provincial vota este martes la aprobaci\u00f3n del nuevo Plan General de Formaci\u00f3n, dirigido a todo el personal de las entidades locales de la provincia de Valencia. El \u00e1rea de Formaci\u00f3n, <a class=\"mh-excerpt-more\" href=\"https:\/\/www.tucomarca.com\/wordpress\/segunda\/la-diputacio-de-valencia-apuesta-por-la-innovacion-en-la-gestion-local-como-eje-de-su-plan-de-formacion-2025\/\" title=\"La Diputaci\u00f3 de Val\u00e8ncia apuesta por la innovaci\u00f3n en la gesti\u00f3n local como eje de su Plan de Formaci\u00f3n 2025\">[+] <\/a><\/div>\n","protected":false},"author":12,"featured_media":254522,"comment_status":"open","ping_status":"open","sticky":false,"template":"","format":"standard","meta":{"footnotes":""},"categories":[38,128,8,72,142,27,3,29,45],"tags":[3677,21913,19425],"class_list":{"0":"post-254518","1":"post","2":"type-post","3":"status-publish","4":"format-standard","5":"has-post-thumbnail","7":"category-ayora-cofrentes","8":"category-infraestructuras","9":"category-la-comarca","10":"category-sin-categorizar","11":"category-politica-la-comarca","12":"category-requena-utiel","13":"category-seccion","14":"category-utiel","15":"category-ventana","16":"tag-diputacio-de-valencia","17":"tag-plan-de-formacion-2025","18":"tag-ricardo-gabaldon"},"_links":{"self":[{"href":"https:\/\/www.tucomarca.com\/wordpress\/segunda\/wp-json\/wp\/v2\/posts\/254518","targetHints":{"allow":["GET"]}}],"collection":[{"href":"https:\/\/www.tucomarca.com\/wordpress\/segunda\/wp-json\/wp\/v2\/posts"}],"about":[{"href":"https:\/\/www.tucomarca.com\/wordpress\/segunda\/wp-json\/wp\/v2\/types\/post"}],"author":[{"embeddable":true,"href":"https:\/\/www.tucomarca.com\/wordpress\/segunda\/wp-json\/wp\/v2\/users\/12"}],"replies":[{"embeddable":true,"href":"https:\/\/www.tucomarca.com\/wordpress\/segunda\/wp-json\/wp\/v2\/comments?post=254518"}],"version-history":[{"count":0,"href":"https:\/\/www.tucomarca.com\/wordpress\/segunda\/wp-json\/wp\/v2\/posts\/254518\/revisions"}],"wp:featuredmedia":[{"embeddable":true,"href":"https:\/\/www.tucomarca.com\/wordpress\/segunda\/wp-json\/wp\/v2\/media\/254522"}],"wp:attachment":[{"href":"https:\/\/www.tucomarca.com\/wordpress\/segunda\/wp-json\/wp\/v2\/media?parent=254518"}],"wp:term":[{"taxonomy":"category","embeddable":true,"href":"https:\/\/www.tucomarca.com\/wordpress\/segunda\/wp-json\/wp\/v2\/categories?post=254518"},{"taxonomy":"post_tag","embeddable":true,"href":"https:\/\/www.tucomarca.com\/wordpress\/segunda\/wp-json\/wp\/v2\/tags?post=254518"}],"curies":[{"name":"wp","href":"https:\/\/api.w.org\/{rel}","templated":true}]}}