{"id":254555,"date":"2025-02-18T14:00:00","date_gmt":"2025-02-18T13:00:00","guid":{"rendered":"https:\/\/www.tucomarca.com\/wordpress\/segunda\/?p=254555"},"modified":"2025-02-18T19:42:35","modified_gmt":"2025-02-18T18:42:35","slug":"mazon-activamos-un-nuevo-plan-de-1208-millones-de-euros-para-apoyar-la-recuperacion-de-la-industria-el-comercio-y-la-hosteleria","status":"publish","type":"post","link":"https:\/\/www.tucomarca.com\/wordpress\/segunda\/mazon-activamos-un-nuevo-plan-de-1208-millones-de-euros-para-apoyar-la-recuperacion-de-la-industria-el-comercio-y-la-hosteleria\/","title":{"rendered":"Maz\u00f3n anuncia la activaci\u00f3n de un nuevo plan de 120,8 millones de euros \u00abpara apoyar la recuperaci\u00f3n de la industria, el comercio y la hosteler\u00eda\u00bb"},"content":{"rendered":"\n<h3 class=\"wp-block-heading\">Se\u00f1ala que el programa \u2018Ara Empreses\u2019 para las zonas afectadas por las riadas se pondr\u00e1 en marcha el pr\u00f3ximo mes de marzo y \u201cel plazo de solicitud, concesi\u00f3n y anticipo de la ayuda estar\u00e1 abierto hasta el 30 de junio\u201d.<\/h3>\n\n\n\n<h3 class=\"wp-block-heading\">75 millones de euros se destinar\u00e1n a comercios y hosteler\u00eda y otros 45 a Pymes industriales con ayudas de hasta 50.000 y 100.000 euros, respectivamente, para adquisici\u00f3n o reparaci\u00f3n de maquinar\u00eda, o compra de activos inmateriales, entre otros.<\/h3>\n\n\n\n<h3 class=\"wp-block-heading\">Remarca el esfuerzo de la Generalitat y el trabajo conjunto con las entidades empresariales \u201cpara hacer llegar de forma r\u00e1pida y directa todas las ayudas necesarias para recuperar el tejido empresarial\u201d.&nbsp;<\/h3>\n\n\n\n<h3 class=\"wp-block-heading\">Subraya que el Ejecutivo valenciano ha apoyado hasta el momento con cerca de 230 millones de euros la reconstrucci\u00f3n de empresas e industrias y avanza \u201cuna nueva fase del plan \u2018Ara Empreses\u2019 para apoyar la I+D e internacionalizaci\u00f3n\u201d.<\/h3>\n\n\n\n<figure class=\"wp-block-image size-large\"><img loading=\"lazy\" decoding=\"async\" width=\"980\" height=\"653\" src=\"https:\/\/www.tucomarca.com\/wordpress\/segunda\/wp-content\/uploads\/2025\/02\/MazonEmpresas2.jpeg\" alt=\"\" class=\"wp-image-254565\" srcset=\"https:\/\/www.tucomarca.com\/wordpress\/segunda\/wp-content\/uploads\/2025\/02\/MazonEmpresas2.jpeg 980w, https:\/\/www.tucomarca.com\/wordpress\/segunda\/wp-content\/uploads\/2025\/02\/MazonEmpresas2-300x200.jpeg 300w, https:\/\/www.tucomarca.com\/wordpress\/segunda\/wp-content\/uploads\/2025\/02\/MazonEmpresas2-768x512.jpeg 768w\" sizes=\"auto, (max-width: 980px) 100vw, 980px\" \/><\/figure>\n\n\n\n<p>El president de la Generalitat, Carlos Maz\u00f3n, ha anunciado la \u201cpuesta en marcha del \u2018Plan ARA Empreses\u2019 desde IVACE+I dotado con 120,8 millones de euros destinados a apoyar la recuperaci\u00f3n de la industria, el comercio, la hosteler\u00eda de las zonas afectadas por las riadas\u201d.<\/p>\n\n\n\n<p>El jefe del Consell ha participado en la presentaci\u00f3n esta iniciativa en un acto donde tambi\u00e9n han asistido el vicepresidente 2\u00ba y conseller para la Recuperaci\u00f3n Econ\u00f3mica y Social, Francisco Jos\u00e9 Gan Pampols, y la consellera de Innovaci\u00f3n, Industria, Comercio y Turismo, Mari\u00e1n Cano.<\/p>\n\n\n\n<p>Carlos Maz\u00f3n ha detallado que se trata del tercer plan de ayudas para las empresas damnificadas por las inundaciones de la Generalitat y ha indicado que estar\u00e1 activo desde el pr\u00f3ximo mes de marzo \u201cpara apoyar con 75 millones de euros la actividad de comercios y hosteler\u00eda con una ayuda m\u00e1xima de hasta 50.000 euros\u201d, para adquisici\u00f3n o reparaci\u00f3n de maquinar\u00eda, o compra de activos inmateriales, entre otros.&nbsp;Adem\u00e1s, ha indicado que para Pymes industriales \u201cla l\u00ednea est\u00e1 dotada con 45 millones de euros para respaldar iniciativas de hasta 100.000 euros\u201d, como la inversi\u00f3n en maquinaria industrial, instalaciones y elementos productivos, por ejemplo.&nbsp;<\/p>\n\n\n\n<p>El president ha explicado que \u201cel plazo de solicitud, concesi\u00f3n y anticipo de la ayuda estar\u00e1 abierto hasta el 30 de junio\u201d, y tendr\u00e1n car\u00e1cter retroactivo, mientras que el plazo de justificaci\u00f3n ser\u00e1 hasta el 30 de septiembre.&nbsp;<\/p>\n\n\n\n<p>Carlos Maz\u00f3n ha incidido en el desarrollo de un sistema inform\u00e1tico espec\u00edfico para la gesti\u00f3n de estos expedientes, adem\u00e1s de un refuerzo de personal \u201cpara garantizar la agilidad en la tramitaci\u00f3n y concesi\u00f3n de estas ayudas\u201d, como en el resto de las ayudas puestas en marcha por la Generalitat.&nbsp;<\/p>\n\n\n\n<p>Adicionalmente, ha indicado que se destinar\u00e1n 800.000 euros para Ayuntamientos dirigidos a recuperar y mejorar instalaciones el\u00e9ctricas, red de alcantarillado y otras infraestructuras \u201ctan necesarias para reactivar la activad en empresas y pol\u00edgonos que se vieron afectados\u201d.<\/p>\n\n\n\n<p>Durante su intervenci\u00f3n, Carlos Maz\u00f3n ha agradecido la labor de t\u00e9cnicos y funcionarios de la Generalitat \u201cpara hacer llegar de forma r\u00e1pida y directa todas las ayudas necesarias para recuperar el tejido empresarial\u201d y ha se\u00f1alado el trabajo \u201cen equipo y codo con codo\u201d con las entidades empresariales que entendieron, desde el minuto uno, que la recuperaci\u00f3n era, es y tiene que seguir siendo, en su dise\u00f1o y su ejecuci\u00f3n, una tarea de todos\u201d.&nbsp;<\/p>\n\n\n\n<p><strong>Nueva fase del plan &#8216;Ara Empreses&#8217;<\/strong><\/p>\n\n\n\n<p>El jefe del Consell ha se\u00f1alado que con la puesta en marcha de este nuevo programa de apoyo al tejido empresarial \u201ccumplimos un nuevo hito, pero no llegamos al final del camino\u201d, por lo que ha avanzado que el Consell ya trabaja en una nueva fase del plan \u2018Ara Empreses\u2019 para apoyar la I+D e internacionalizaci\u00f3n o emprendimiento de las compa\u00f1\u00edas con el fin de reforzar la competitividad y avanzar en la recuperaci\u00f3n de su actividad econ\u00f3mica.<\/p>\n\n\n\n<p>Al respecto, ha indicado que esta medida \u201cpermitir\u00e1 aprovechar la base de todo lo realizado para dar un salto cualitativo\u201d porque, tal y como ha remarcado, \u201cno se trata de recuperar lo que ten\u00edamos, sino de hacerlo todav\u00eda mejor, m\u00e1s competitivo, m\u00e1s innovador e internacional\u201d. En este sentido, ha reiterado \u201cla colaboraci\u00f3n y el di\u00e1logo\u201d con los sectores productivos que se concretan en \u201cmedidas adecuadas para los pol\u00edgonos, las industria, la hosteler\u00eda y el comercio con el fin de seguir en este camino de ambici\u00f3n colectiva para la recuperaci\u00f3n que merece la Comunitat Valenciana\u201d.<\/p>\n\n\n\n<figure class=\"wp-block-gallery has-nested-images columns-default is-cropped wp-block-gallery-1 is-layout-flex wp-block-gallery-is-layout-flex\">\n<figure class=\"wp-block-image size-large\"><img loading=\"lazy\" decoding=\"async\" width=\"980\" height=\"638\" data-id=\"254563\" src=\"https:\/\/www.tucomarca.com\/wordpress\/segunda\/wp-content\/uploads\/2025\/02\/MazonEmpresas1.jpeg\" alt=\"\" class=\"wp-image-254563\" srcset=\"https:\/\/www.tucomarca.com\/wordpress\/segunda\/wp-content\/uploads\/2025\/02\/MazonEmpresas1.jpeg 980w, https:\/\/www.tucomarca.com\/wordpress\/segunda\/wp-content\/uploads\/2025\/02\/MazonEmpresas1-300x195.jpeg 300w, https:\/\/www.tucomarca.com\/wordpress\/segunda\/wp-content\/uploads\/2025\/02\/MazonEmpresas1-768x500.jpeg 768w\" sizes=\"auto, (max-width: 980px) 100vw, 980px\" \/><\/figure>\n\n\n\n<figure class=\"wp-block-image size-large\"><img loading=\"lazy\" decoding=\"async\" width=\"980\" height=\"633\" data-id=\"254567\" src=\"https:\/\/www.tucomarca.com\/wordpress\/segunda\/wp-content\/uploads\/2025\/02\/MazonEmpresas3.jpeg\" alt=\"\" class=\"wp-image-254567\" srcset=\"https:\/\/www.tucomarca.com\/wordpress\/segunda\/wp-content\/uploads\/2025\/02\/MazonEmpresas3.jpeg 980w, https:\/\/www.tucomarca.com\/wordpress\/segunda\/wp-content\/uploads\/2025\/02\/MazonEmpresas3-300x194.jpeg 300w, https:\/\/www.tucomarca.com\/wordpress\/segunda\/wp-content\/uploads\/2025\/02\/MazonEmpresas3-768x496.jpeg 768w\" sizes=\"auto, (max-width: 980px) 100vw, 980px\" \/><\/figure>\n<\/figure>\n\n\n\n<p><\/p>\n\n\n\n<p><strong>230 millones de euros ya en marcha para reactivar el tejido productivo<\/strong><\/p>\n\n\n\n<p>El president ha se\u00f1alado el esfuerzo de la Generalitat para desarrollar medidas \u201cen tiempo r\u00e9cord\u201d a trav\u00e9s de ayudas directas o contratos de emergencia para reactivar la econom\u00eda de las empresas y aut\u00f3nomos en los municipios damnificados con el fin de ayudarles en la recuperaci\u00f3n de su negocio y favorecer el mantenimiento del empleo.<\/p>\n\n\n\n<p>As\u00ed, la Generalitat ha destinado hasta la fecha cerca de 230 millones de euros de los que m\u00e1s de 8,5 millones han sido para primeras actuaciones como el acceso y limpieza de \u00e1reas industriales, la puesta en marcha de servicios de autobuses para facilitar la llegada de trabajadores a las empresas o la contrataci\u00f3n de agentes de proximidad para informar de las necesidades y l\u00edneas de ayuda.<\/p>\n\n\n\n<p>En un segundo paquete, ha recordado la activaci\u00f3n de 100 millones de ayudas directas para empresas industriales, comercios y aut\u00f3nomos con asalariados de los que la Generalitat \u201cya ha ejecutado 76.933.000 euros que han permitido mantener 79.333 empleos\u201d.<\/p>\n\n\n\n<p>En concreto, se han resuelto 8.155 expedientes de ayudas solicitadas por industrias, empresas comerciales, tur\u00edsticas o de servicios. Estos fondos oscilan de fondos de hasta 15.000 euros para comercios y aut\u00f3nomos con asalariados, y de hasta 30.000 euros para empresas industriales.<\/p>\n\n\n\n<p><strong>Plan &#8216;Ara Empreses&#8217;<\/strong><\/p>\n\n\n\n<p>Esta nueva Fase del Plan ARA dotada con un total de 120,8 millones de euros consta de tres acciones. As\u00ed, se van a destinar 45 millones de euros dirigidas a Pymes industriales y 75 millones de euros para empresas comerciales, de hosteler\u00eda o servicios.&nbsp;<\/p>\n\n\n\n<p>El objetivo de esta orden es apoyarlas en la adquisici\u00f3n y reparaci\u00f3n de maquinar\u00eda, aparatos, equipos y otros activos materiales, as\u00ed como activos inmateriales relacionados con la empresas y su implantaci\u00f3n. Asimismo, se incluyen en esta orden costes de reparaci\u00f3n, adaptaci\u00f3n y mejora de instalaciones, y gastos de auditor\u00eda.<\/p>\n\n\n\n<p>Se puede realizar una solicitud por empresa que puede pedir un anticipo del 50% de la ayuda concedida en el momento de presentaci\u00f3n de la solicitud. El importe m\u00e1ximo se sit\u00faa en 100.000 euros en el caso de Pymes industriales y de 50.000 euros en comercios, hosteler\u00eda y servicios. El plazo de solicitud de estas ayudas estar\u00e1 abierto hasta el 30 de junio de 2025.<\/p>\n\n\n\n<p>Asimismo, esta l\u00ednea tambi\u00e9n contempla 0,8 millones de euros en la recuperaci\u00f3n y reactivaci\u00f3n de instalaciones energ\u00e9ticas dirigidas a ayuntamientos con \u00e1reas industriales cuyas infraestructuras se han visto directamente afectadas por las riadas.<\/p>\n","protected":false},"excerpt":{"rendered":"<div class=\"mh-excerpt\">Se\u00f1ala que el programa \u2018Ara Empreses\u2019 para las zonas afectadas por las riadas se pondr\u00e1 en marcha el pr\u00f3ximo mes de marzo y \u201cel plazo de solicitud, concesi\u00f3n y anticipo de la ayuda estar\u00e1 abierto <a class=\"mh-excerpt-more\" href=\"https:\/\/www.tucomarca.com\/wordpress\/segunda\/mazon-activamos-un-nuevo-plan-de-1208-millones-de-euros-para-apoyar-la-recuperacion-de-la-industria-el-comercio-y-la-hosteleria\/\" title=\"Maz\u00f3n anuncia la activaci\u00f3n de un nuevo plan de 120,8 millones de euros \u00abpara apoyar la recuperaci\u00f3n de la industria, el comercio y la hosteler\u00eda\u00bb\">[+] <\/a><\/div>\n","protected":false},"author":1,"featured_media":254563,"comment_status":"open","ping_status":"open","sticky":false,"template":"","format":"standard","meta":{"footnotes":""},"categories":[21465,128,8,72,117,142,3,116,45],"tags":[12831,10716,2142],"class_list":{"0":"post-254555","1":"post","2":"type-post","3":"status-publish","4":"format-standard","5":"has-post-thumbnail","7":"category-dana","8":"category-infraestructuras","9":"category-la-comarca","10":"category-sin-categorizar","11":"category-medio-ambiente-la-comarca","12":"category-politica-la-comarca","13":"category-seccion","14":"category-sucesos-la-comarca","15":"category-ventana","16":"tag-dana-2","17":"tag-generalitat-valenciana","18":"tag-la-comunitat"},"_links":{"self":[{"href":"https:\/\/www.tucomarca.com\/wordpress\/segunda\/wp-json\/wp\/v2\/posts\/254555","targetHints":{"allow":["GET"]}}],"collection":[{"href":"https:\/\/www.tucomarca.com\/wordpress\/segunda\/wp-json\/wp\/v2\/posts"}],"about":[{"href":"https:\/\/www.tucomarca.com\/wordpress\/segunda\/wp-json\/wp\/v2\/types\/post"}],"author":[{"embeddable":true,"href":"https:\/\/www.tucomarca.com\/wordpress\/segunda\/wp-json\/wp\/v2\/users\/1"}],"replies":[{"embeddable":true,"href":"https:\/\/www.tucomarca.com\/wordpress\/segunda\/wp-json\/wp\/v2\/comments?post=254555"}],"version-history":[{"count":0,"href":"https:\/\/www.tucomarca.com\/wordpress\/segunda\/wp-json\/wp\/v2\/posts\/254555\/revisions"}],"wp:featuredmedia":[{"embeddable":true,"href":"https:\/\/www.tucomarca.com\/wordpress\/segunda\/wp-json\/wp\/v2\/media\/254563"}],"wp:attachment":[{"href":"https:\/\/www.tucomarca.com\/wordpress\/segunda\/wp-json\/wp\/v2\/media?parent=254555"}],"wp:term":[{"taxonomy":"category","embeddable":true,"href":"https:\/\/www.tucomarca.com\/wordpress\/segunda\/wp-json\/wp\/v2\/categories?post=254555"},{"taxonomy":"post_tag","embeddable":true,"href":"https:\/\/www.tucomarca.com\/wordpress\/segunda\/wp-json\/wp\/v2\/tags?post=254555"}],"curies":[{"name":"wp","href":"https:\/\/api.w.org\/{rel}","templated":true}]}}