{"id":254641,"date":"2025-02-18T08:50:00","date_gmt":"2025-02-18T07:50:00","guid":{"rendered":"https:\/\/www.tucomarca.com\/wordpress\/segunda\/?p=254641"},"modified":"2025-02-18T20:40:07","modified_gmt":"2025-02-18T19:40:07","slug":"el-ayuntamiento-homenajea-a-amparo-company-campos-la-carrasca-por-su-100-cumpleanos","status":"publish","type":"post","link":"https:\/\/www.tucomarca.com\/wordpress\/segunda\/el-ayuntamiento-homenajea-a-amparo-company-campos-la-carrasca-por-su-100-cumpleanos\/","title":{"rendered":"El Ayuntamiento de Cheste homenajea a Amparo Company Campos\u00a0\u201cLa Carrasca\u201d por su 100 cumplea\u00f1os"},"content":{"rendered":"<div class=\"wp-block-image is-style-default\">\n<figure class=\"alignleft size-large is-resized\"><img loading=\"lazy\" decoding=\"async\" width=\"1024\" height=\"683\" src=\"https:\/\/www.tucomarca.com\/wordpress\/segunda\/wp-content\/uploads\/2025\/02\/HomanajeAmparoLaCarrasca03-1024x683.jpg\" alt=\"\" class=\"wp-image-254646\" style=\"width:382px;height:auto\" srcset=\"https:\/\/www.tucomarca.com\/wordpress\/segunda\/wp-content\/uploads\/2025\/02\/HomanajeAmparoLaCarrasca03-1024x683.jpg 1024w, https:\/\/www.tucomarca.com\/wordpress\/segunda\/wp-content\/uploads\/2025\/02\/HomanajeAmparoLaCarrasca03-300x200.jpg 300w, https:\/\/www.tucomarca.com\/wordpress\/segunda\/wp-content\/uploads\/2025\/02\/HomanajeAmparoLaCarrasca03-768x512.jpg 768w, https:\/\/www.tucomarca.com\/wordpress\/segunda\/wp-content\/uploads\/2025\/02\/HomanajeAmparoLaCarrasca03-1536x1024.jpg 1536w, https:\/\/www.tucomarca.com\/wordpress\/segunda\/wp-content\/uploads\/2025\/02\/HomanajeAmparoLaCarrasca03-2048x1365.jpg 2048w\" sizes=\"auto, (max-width: 1024px) 100vw, 1024px\" \/><\/figure>\n<\/div>\n\n\n<p>Esta ma\u00f1ana el alcalde, Jos\u00e9 Morell, y la concejala de Participaci\u00f3n ciudadana, Rosa Zan\u00f3n, han visitado en su domicilio a Amparo Company Campos \u201cLa Carrasca\u201d para homenajearla por sus reci\u00e9n cumplidos 100 a\u00f1os. Los representantes municipales le han hecho entrega de un placa conmemorativa y de un ramo de rosas.\u00a0<\/p>\n\n\n\n<p>\u201cEn Cheste se ha homenajeado a las personas mayores desde diferentes \u00e1mbitos, pero pensamos que el reconocimiento deb\u00eda venir tambi\u00e9n por parte del Ayuntamiento, ya que cien a\u00f1os no se cumplen todos los d\u00edas\u201d, ha destacado la concejala.<\/p>\n\n\n\n<p>Por su parte, el alcalde ha incidido en la continuidad de la iniciativa. \u201cAmparo ha sido la primera, pero seguiremos homenajeando a la poblaci\u00f3n m\u00e1s longeva de la localidad a partir de ahora\u201d, ha declarado Morell.&nbsp;<\/p>\n\n\n\n<p>La centenaria vecina de Cheste ha recibido el homenaje con nervios y emoci\u00f3n en compa\u00f1\u00eda de su familia.<\/p>\n\n\n\n<figure class=\"wp-block-image size-large\"><img loading=\"lazy\" decoding=\"async\" width=\"1024\" height=\"683\" src=\"https:\/\/www.tucomarca.com\/wordpress\/segunda\/wp-content\/uploads\/2025\/02\/HomanajeAmparoLaCarrasca02-1024x683.jpg\" alt=\"\" class=\"wp-image-254644\" srcset=\"https:\/\/www.tucomarca.com\/wordpress\/segunda\/wp-content\/uploads\/2025\/02\/HomanajeAmparoLaCarrasca02-1024x683.jpg 1024w, https:\/\/www.tucomarca.com\/wordpress\/segunda\/wp-content\/uploads\/2025\/02\/HomanajeAmparoLaCarrasca02-300x200.jpg 300w, https:\/\/www.tucomarca.com\/wordpress\/segunda\/wp-content\/uploads\/2025\/02\/HomanajeAmparoLaCarrasca02-768x512.jpg 768w, https:\/\/www.tucomarca.com\/wordpress\/segunda\/wp-content\/uploads\/2025\/02\/HomanajeAmparoLaCarrasca02-1536x1024.jpg 1536w, https:\/\/www.tucomarca.com\/wordpress\/segunda\/wp-content\/uploads\/2025\/02\/HomanajeAmparoLaCarrasca02-2048x1365.jpg 2048w\" sizes=\"auto, (max-width: 1024px) 100vw, 1024px\" \/><\/figure>\n","protected":false},"excerpt":{"rendered":"<div class=\"mh-excerpt\">Esta ma\u00f1ana el alcalde, Jos\u00e9 Morell, y la concejala de Participaci\u00f3n ciudadana, Rosa Zan\u00f3n, han visitado en su domicilio a Amparo Company Campos \u201cLa Carrasca\u201d para homenajearla por sus reci\u00e9n cumplidos 100 a\u00f1os. Los representantes <a class=\"mh-excerpt-more\" href=\"https:\/\/www.tucomarca.com\/wordpress\/segunda\/el-ayuntamiento-homenajea-a-amparo-company-campos-la-carrasca-por-su-100-cumpleanos\/\" title=\"El Ayuntamiento de Cheste homenajea a Amparo Company Campos\u00a0\u201cLa Carrasca\u201d por su 100 cumplea\u00f1os\">[+] <\/a><\/div>\n","protected":false},"author":13,"featured_media":254642,"comment_status":"open","ping_status":"open","sticky":false,"template":"","format":"gallery","meta":{"footnotes":""},"categories":[17,8,10,3],"tags":[339,5952,15855],"class_list":{"0":"post-254641","1":"post","2":"type-post","3":"status-publish","4":"format-gallery","5":"has-post-thumbnail","7":"category-cheste","8":"category-la-comarca","9":"category-la-hoya","10":"category-seccion","11":"tag-cheste-2","12":"tag-la-hoya-de-bunol-chiva","13":"tag-ocio-y-cultura","14":"post_format-post-format-gallery"},"_links":{"self":[{"href":"https:\/\/www.tucomarca.com\/wordpress\/segunda\/wp-json\/wp\/v2\/posts\/254641","targetHints":{"allow":["GET"]}}],"collection":[{"href":"https:\/\/www.tucomarca.com\/wordpress\/segunda\/wp-json\/wp\/v2\/posts"}],"about":[{"href":"https:\/\/www.tucomarca.com\/wordpress\/segunda\/wp-json\/wp\/v2\/types\/post"}],"author":[{"embeddable":true,"href":"https:\/\/www.tucomarca.com\/wordpress\/segunda\/wp-json\/wp\/v2\/users\/13"}],"replies":[{"embeddable":true,"href":"https:\/\/www.tucomarca.com\/wordpress\/segunda\/wp-json\/wp\/v2\/comments?post=254641"}],"version-history":[{"count":0,"href":"https:\/\/www.tucomarca.com\/wordpress\/segunda\/wp-json\/wp\/v2\/posts\/254641\/revisions"}],"wp:featuredmedia":[{"embeddable":true,"href":"https:\/\/www.tucomarca.com\/wordpress\/segunda\/wp-json\/wp\/v2\/media\/254642"}],"wp:attachment":[{"href":"https:\/\/www.tucomarca.com\/wordpress\/segunda\/wp-json\/wp\/v2\/media?parent=254641"}],"wp:term":[{"taxonomy":"category","embeddable":true,"href":"https:\/\/www.tucomarca.com\/wordpress\/segunda\/wp-json\/wp\/v2\/categories?post=254641"},{"taxonomy":"post_tag","embeddable":true,"href":"https:\/\/www.tucomarca.com\/wordpress\/segunda\/wp-json\/wp\/v2\/tags?post=254641"}],"curies":[{"name":"wp","href":"https:\/\/api.w.org\/{rel}","templated":true}]}}