{"id":254691,"date":"2025-02-19T09:30:00","date_gmt":"2025-02-19T08:30:00","guid":{"rendered":"https:\/\/www.tucomarca.com\/wordpress\/segunda\/?p=254691"},"modified":"2025-02-19T19:23:46","modified_gmt":"2025-02-19T18:23:46","slug":"el-circuit-ricardo-tormo-celebra-el-sabado-la-tercera-cita-del-porsche-sprint-challenge-southern-europe","status":"publish","type":"post","link":"https:\/\/www.tucomarca.com\/wordpress\/segunda\/el-circuit-ricardo-tormo-celebra-el-sabado-la-tercera-cita-del-porsche-sprint-challenge-southern-europe\/","title":{"rendered":"El Circuit Ricardo Tormo celebra el s\u00e1bado la tercera cita del &#8216;Porsche Sprint Challenge&#8217; Southern Europe"},"content":{"rendered":"\n<h3 class=\"wp-block-heading\">Se celebrar\u00e1n cuatro carreras separadas en dos divisiones denominadas Sport y Club.<\/h3>\n\n\n\n<h3 class=\"wp-block-heading\">Entrada gratuita para los aficionados que deber\u00e1n descargar sus entradas en la web del Circuit.<\/h3>\n\n\n\n<p>El Circuit Ricardo Tormo celebrar\u00e1 el s\u00e1bado 22 de febrero la tercera cita del&nbsp;<em>Porsche Sprint Challenge Southern Europe<\/em>, la competici\u00f3n monomarca de la firma alemana que celebra sus carreras durante el invierno.<\/p>\n\n\n\n<p>Tras las citas en los principales trazados portugueses, en el Circuito Internacional del Algarve y en el de Estoril, los Porsche se trasladan a Espa\u00f1a para cerrar el campeonato este s\u00e1bado en Valencia y la pr\u00f3xima semana en el Circuit de Catalu\u00f1a Barcelona.<\/p>\n\n\n\n<p>Con la lucha por el t\u00edtulo tanto en la divisi\u00f3n&nbsp;<em>Sport&nbsp;<\/em>como en la denominada Club cada vez m\u00e1s re\u00f1ida, la llegada de nuevos y expertos pilotos invitados elevar\u00e1 a\u00fan m\u00e1s la competici\u00f3n.<\/p>\n\n\n\n<p>Cada una de las cuatro carreras programadas para el s\u00e1bado a partir de las 13.00 horas tiene una duraci\u00f3n de treinta minutos. Antes el propio s\u00e1bado se celebrar\u00e1n los entrenamientos libres y clasificatorios.<\/p>\n\n\n\n<p>Entre los principales contendientes se encuentran el actual l\u00edder del campeonato Flynt Schuring (91 puntos, Schumacher CLRT) y su rival m\u00e1s cercano Ariel Levi (85 puntos,&nbsp;<em>Team&nbsp;<\/em>GP Elite). A ellos se unir\u00e1 un buen n\u00famero de j\u00f3venes talentos.<\/p>\n\n\n\n<p>En cada trazado se celebran dos carreras de cada una de las divisiones. Con los resultados en Portugal se abre mucha expectaci\u00f3n por las carreras quinta y sexta de la divisi\u00f3n Club, donde Philippe Wils (Proton Huber&nbsp;<em>Competition<\/em>) ha sido el dominador. Sus principales rivales son Angelo Fontana (EST1 Racing) y Javier Ripoll Junior (EST1 Racing).<\/p>\n","protected":false},"excerpt":{"rendered":"<div class=\"mh-excerpt\">Se celebrar\u00e1n cuatro carreras separadas en dos divisiones denominadas Sport y Club. Entrada gratuita para los aficionados que deber\u00e1n descargar sus entradas en la web del Circuit. El Circuit Ricardo Tormo celebrar\u00e1 el s\u00e1bado 22 <a class=\"mh-excerpt-more\" href=\"https:\/\/www.tucomarca.com\/wordpress\/segunda\/el-circuit-ricardo-tormo-celebra-el-sabado-la-tercera-cita-del-porsche-sprint-challenge-southern-europe\/\" title=\"El Circuit Ricardo Tormo celebra el s\u00e1bado la tercera cita del &#8216;Porsche Sprint Challenge&#8217; Southern Europe\">[+] <\/a><\/div>\n","protected":false},"author":13,"featured_media":254692,"comment_status":"open","ping_status":"open","sticky":false,"template":"","format":"standard","meta":{"footnotes":""},"categories":[4,83,17,6,8,72,10,3],"tags":[339,10474,545,2142,5952],"class_list":{"0":"post-254691","1":"post","2":"type-post","3":"status-publish","4":"format-standard","5":"has-post-thumbnail","7":"category-agenda","8":"category-automovilismo","9":"category-cheste","10":"category-deportes","11":"category-la-comarca","12":"category-sin-categorizar","13":"category-la-hoya","14":"category-seccion","15":"tag-cheste-2","16":"tag-circuit-ricardo-tormo","17":"tag-deporte","18":"tag-la-comunitat","19":"tag-la-hoya-de-bunol-chiva"},"_links":{"self":[{"href":"https:\/\/www.tucomarca.com\/wordpress\/segunda\/wp-json\/wp\/v2\/posts\/254691","targetHints":{"allow":["GET"]}}],"collection":[{"href":"https:\/\/www.tucomarca.com\/wordpress\/segunda\/wp-json\/wp\/v2\/posts"}],"about":[{"href":"https:\/\/www.tucomarca.com\/wordpress\/segunda\/wp-json\/wp\/v2\/types\/post"}],"author":[{"embeddable":true,"href":"https:\/\/www.tucomarca.com\/wordpress\/segunda\/wp-json\/wp\/v2\/users\/13"}],"replies":[{"embeddable":true,"href":"https:\/\/www.tucomarca.com\/wordpress\/segunda\/wp-json\/wp\/v2\/comments?post=254691"}],"version-history":[{"count":0,"href":"https:\/\/www.tucomarca.com\/wordpress\/segunda\/wp-json\/wp\/v2\/posts\/254691\/revisions"}],"wp:featuredmedia":[{"embeddable":true,"href":"https:\/\/www.tucomarca.com\/wordpress\/segunda\/wp-json\/wp\/v2\/media\/254692"}],"wp:attachment":[{"href":"https:\/\/www.tucomarca.com\/wordpress\/segunda\/wp-json\/wp\/v2\/media?parent=254691"}],"wp:term":[{"taxonomy":"category","embeddable":true,"href":"https:\/\/www.tucomarca.com\/wordpress\/segunda\/wp-json\/wp\/v2\/categories?post=254691"},{"taxonomy":"post_tag","embeddable":true,"href":"https:\/\/www.tucomarca.com\/wordpress\/segunda\/wp-json\/wp\/v2\/tags?post=254691"}],"curies":[{"name":"wp","href":"https:\/\/api.w.org\/{rel}","templated":true}]}}