{"id":254697,"date":"2025-02-19T11:30:00","date_gmt":"2025-02-19T10:30:00","guid":{"rendered":"https:\/\/www.tucomarca.com\/wordpress\/segunda\/?p=254697"},"modified":"2025-02-19T18:47:37","modified_gmt":"2025-02-19T17:47:37","slug":"justicia-abre-dos-oficinas-prop-en-algemesi-y-benetusser-para-facilitar-a-los-ciudadanos-la-solicitud-de-ayudas-de-la-dana-y-la-tarjeta-de-transporte","status":"publish","type":"post","link":"https:\/\/www.tucomarca.com\/wordpress\/segunda\/justicia-abre-dos-oficinas-prop-en-algemesi-y-benetusser-para-facilitar-a-los-ciudadanos-la-solicitud-de-ayudas-de-la-dana-y-la-tarjeta-de-transporte\/","title":{"rendered":"Justicia abre dos oficinas PROP en Algemes\u00ed y Benet\u00fasser para facilitar a los ciudadanos la solicitud de ayudas de la DANA y la tarjeta de transporte"},"content":{"rendered":"\n<h3 class=\"wp-block-heading\">Tienen un horario de atenci\u00f3n de 9,00 a 14,30 horas.<\/h3>\n\n\n\n<h3 class=\"wp-block-heading\">Tambi\u00e9n ofrecen servicios adicionales como la emisi\u00f3n de certificados de firma electr\u00f3nica de la Generalitat y el registro de la Cl@ve del Estado.<\/h3>\n\n\n\n<p>La Conselleria de Justicia y Administraci\u00f3n P\u00fablica ha puesto en servicio dos nuevas Oficinas administrativas PROP en Benet\u00fasser y Algemes\u00ed, con el objetivo de facilitar a los ciudadanos la presentaci\u00f3n de solicitudes para las ayudas convocadas como consecuencia de la riada del 29 de octubre.<\/p>\n\n\n\n<p>En sentido, los funcionarios se encargar\u00e1n principalmente de cumplimentar las solicitudes de las personas que acuden presencialmente a la oficina.<\/p>\n\n\n\n<p>La apertura de estas oficinas administrativas se enmarca en las medidas adoptadas en el Pla Recuperem, y se suman a las ubicadas en Massanassa y Paiporta, que se encuentran en funcionamiento con el mismo fin.<\/p>\n\n\n\n<p>La oficina de Benet\u00fasser est\u00e1 situada en el Edifici Nou Espai, Avenida Cam\u00ed nou, 36 y la de Algemes\u00ed en Calle Monta\u00f1a, 24, antiguo casino. El horario de atenci\u00f3n al p\u00fablico es de 9 a 14.30 horas.<\/p>\n\n\n\n<p><strong>Tr\u00e1mites que se pueden realizar<\/strong><\/p>\n\n\n\n<p>En estas oficinas Prop se facilita la tramitaci\u00f3n de las ayudas a las personas f\u00edsicas que hayan sufrido la p\u00e9rdida de bienes y enseres de primera necesidad como consecuencia de los da\u00f1os ocasionados en su vivienda, cuyo importe es de 6.000 euros por vivienda afectada.<\/p>\n\n\n\n<p>Del mismo modo, tambi\u00e9n se tramitan las ayudas urgentes para las personas que hayan sufrido la destrucci\u00f3n de determinados veh\u00edculos a motor y ciclomotores de su propiedad, que van desde los 250 euros a ciclomotores, 750 euros a motocicletas, 2.000 euros a turismos, furgonetas y veh\u00edculos similares y 2.500 euros a urismos, furgonetas y veh\u00edculos similares adaptados para personas con movilidad reducida.<\/p>\n\n\n\n<p>Y tambi\u00e9n se tramitar\u00e1 la tarjeta de transporte gratuito de la Generalitat, recogiendo as\u00ed una de las peticiones de los alcaldes de las zonas afectadas.<\/p>\n\n\n\n<p>Adem\u00e1s, las nuevas oficinas de Benet\u00fasser y Algemes\u00ed ofrecen servicios adicionales como la emisi\u00f3n de certificados de firma electr\u00f3nica de la Generalitat y tambi\u00e9n realiza el registro de la Cl@ve del Estado. De esta forma, se pretende facilitar a los ciudadanos que puedan realizar cualquier tipo de tr\u00e1mites por v\u00eda telem\u00e1tica de forma m\u00e1s c\u00f3moda, sin necesidad de ir a ninguna oficina de forma presencial.<\/p>\n","protected":false},"excerpt":{"rendered":"<div class=\"mh-excerpt\">Tienen un horario de atenci\u00f3n de 9,00 a 14,30 horas. Tambi\u00e9n ofrecen servicios adicionales como la emisi\u00f3n de certificados de firma electr\u00f3nica de la Generalitat y el registro de la Cl@ve del Estado. La Conselleria <a class=\"mh-excerpt-more\" href=\"https:\/\/www.tucomarca.com\/wordpress\/segunda\/justicia-abre-dos-oficinas-prop-en-algemesi-y-benetusser-para-facilitar-a-los-ciudadanos-la-solicitud-de-ayudas-de-la-dana-y-la-tarjeta-de-transporte\/\" title=\"Justicia abre dos oficinas PROP en Algemes\u00ed y Benet\u00fasser para facilitar a los ciudadanos la solicitud de ayudas de la DANA y la tarjeta de transporte\">[+] <\/a><\/div>\n","protected":false},"author":13,"featured_media":254701,"comment_status":"open","ping_status":"open","sticky":false,"template":"","format":"standard","meta":{"footnotes":""},"categories":[99,21465,128,8,72,42,117,142,3,116,45],"tags":[10409,11938,12831,2142,3640],"class_list":{"0":"post-254697","1":"post","2":"type-post","3":"status-publish","4":"format-standard","5":"has-post-thumbnail","7":"category-algemesi","8":"category-dana","9":"category-infraestructuras","10":"category-la-comarca","11":"category-sin-categorizar","12":"category-la-ribera","13":"category-medio-ambiente-la-comarca","14":"category-politica-la-comarca","15":"category-seccion","16":"category-sucesos-la-comarca","17":"category-ventana","18":"tag-algemesi","19":"tag-covid-19","20":"tag-dana-2","21":"tag-la-comunitat","22":"tag-la-ribera-alta"},"_links":{"self":[{"href":"https:\/\/www.tucomarca.com\/wordpress\/segunda\/wp-json\/wp\/v2\/posts\/254697","targetHints":{"allow":["GET"]}}],"collection":[{"href":"https:\/\/www.tucomarca.com\/wordpress\/segunda\/wp-json\/wp\/v2\/posts"}],"about":[{"href":"https:\/\/www.tucomarca.com\/wordpress\/segunda\/wp-json\/wp\/v2\/types\/post"}],"author":[{"embeddable":true,"href":"https:\/\/www.tucomarca.com\/wordpress\/segunda\/wp-json\/wp\/v2\/users\/13"}],"replies":[{"embeddable":true,"href":"https:\/\/www.tucomarca.com\/wordpress\/segunda\/wp-json\/wp\/v2\/comments?post=254697"}],"version-history":[{"count":0,"href":"https:\/\/www.tucomarca.com\/wordpress\/segunda\/wp-json\/wp\/v2\/posts\/254697\/revisions"}],"wp:featuredmedia":[{"embeddable":true,"href":"https:\/\/www.tucomarca.com\/wordpress\/segunda\/wp-json\/wp\/v2\/media\/254701"}],"wp:attachment":[{"href":"https:\/\/www.tucomarca.com\/wordpress\/segunda\/wp-json\/wp\/v2\/media?parent=254697"}],"wp:term":[{"taxonomy":"category","embeddable":true,"href":"https:\/\/www.tucomarca.com\/wordpress\/segunda\/wp-json\/wp\/v2\/categories?post=254697"},{"taxonomy":"post_tag","embeddable":true,"href":"https:\/\/www.tucomarca.com\/wordpress\/segunda\/wp-json\/wp\/v2\/tags?post=254697"}],"curies":[{"name":"wp","href":"https:\/\/api.w.org\/{rel}","templated":true}]}}