{"id":254710,"date":"2025-02-20T09:20:00","date_gmt":"2025-02-20T08:20:00","guid":{"rendered":"https:\/\/www.tucomarca.com\/wordpress\/segunda\/?p=254710"},"modified":"2025-02-20T11:01:09","modified_gmt":"2025-02-20T10:01:09","slug":"la-falla-las-ventas-de-bunol-presenta-este-sabado-a-raquel-camara-y-carmen-valls-como-falleras-mayores-2025","status":"publish","type":"post","link":"https:\/\/www.tucomarca.com\/wordpress\/segunda\/la-falla-las-ventas-de-bunol-presenta-este-sabado-a-raquel-camara-y-carmen-valls-como-falleras-mayores-2025\/","title":{"rendered":"La Falla Las Ventas de Bu\u00f1ol presenta este s\u00e1bado a Raquel C\u00e1mara y Carmen Valls como Falleras Mayores 2025"},"content":{"rendered":"\n<p>La Falla Las Ventas de Bu\u00f1ol presenta a sus Falleras Mayores 2025 en un acto lleno de emoci\u00f3n que cerrar\u00e1 el periplo de presentaciones falleras en la localidad.<\/p>\n\n\n\n<p>Este s\u00e1bado, el Teatro Montecarlo ser\u00e1 el escenario de la exaltaci\u00f3n de las Falleras Mayores 2025 de la comisi\u00f3n m\u00e1s numerosa de Bu\u00f1ol, Las Ventas. A partir de las 18:30 horas, Raquel C\u00e1mara Perell\u00f3 y Carmen Valls Llorens ser\u00e1n proclamadas como m\u00e1ximas representantes de la falla en un evento cargado de sentimiento.<\/p>\n\n\n\n<p>En este acto, estar\u00e1n acompa\u00f1adas por el nuevo presidente infantil, Marc Tovar Ortiz, y el presidente de la comisi\u00f3n, Ra\u00fal Parla Villanueva. Adem\u00e1s, se dar\u00e1 a conocer a la Corte de Honor, que las acompa\u00f1ar\u00e1 durante todo el ejercicio fallero.<\/p>\n\n\n\n<p>Con esta presentaci\u00f3n, Raquel, Carmen, Marc y Ra\u00fal inician la cuenta atr\u00e1s para las Fallas 2025, un a\u00f1o que vivir\u00e1n con intensidad junto a sus familias, amigos y la gran familia fallera de Las Ventas. Sin duda, un momento inolvidable que marcar\u00e1 el inicio de su reinado fallero.<\/p>\n\n\n\n<figure class=\"wp-block-image size-full\"><img loading=\"lazy\" decoding=\"async\" width=\"1053\" height=\"611\" src=\"https:\/\/www.tucomarca.com\/wordpress\/segunda\/wp-content\/uploads\/2025\/02\/PresVentas02.jpg\" alt=\"\" class=\"wp-image-254719\" srcset=\"https:\/\/www.tucomarca.com\/wordpress\/segunda\/wp-content\/uploads\/2025\/02\/PresVentas02.jpg 1053w, https:\/\/www.tucomarca.com\/wordpress\/segunda\/wp-content\/uploads\/2025\/02\/PresVentas02-300x174.jpg 300w, https:\/\/www.tucomarca.com\/wordpress\/segunda\/wp-content\/uploads\/2025\/02\/PresVentas02-1024x594.jpg 1024w, https:\/\/www.tucomarca.com\/wordpress\/segunda\/wp-content\/uploads\/2025\/02\/PresVentas02-768x446.jpg 768w\" sizes=\"auto, (max-width: 1053px) 100vw, 1053px\" \/><\/figure>\n","protected":false},"excerpt":{"rendered":"<div class=\"mh-excerpt\">La Falla Las Ventas de Bu\u00f1ol presenta a sus Falleras Mayores 2025 en un acto lleno de emoci\u00f3n que cerrar\u00e1 el periplo de presentaciones falleras en la localidad. Este s\u00e1bado, el Teatro Montecarlo ser\u00e1 el <a class=\"mh-excerpt-more\" href=\"https:\/\/www.tucomarca.com\/wordpress\/segunda\/la-falla-las-ventas-de-bunol-presenta-este-sabado-a-raquel-camara-y-carmen-valls-como-falleras-mayores-2025\/\" title=\"La Falla Las Ventas de Bu\u00f1ol presenta este s\u00e1bado a Raquel C\u00e1mara y Carmen Valls como Falleras Mayores 2025\">[+] <\/a><\/div>\n","protected":false},"author":12,"featured_media":254724,"comment_status":"open","ping_status":"open","sticky":false,"template":"","format":"standard","meta":{"footnotes":""},"categories":[4,18,8,10,7,3],"tags":[10385,10861,5952],"class_list":{"0":"post-254710","1":"post","2":"type-post","3":"status-publish","4":"format-standard","5":"has-post-thumbnail","7":"category-agenda","8":"category-bunol","9":"category-la-comarca","10":"category-la-hoya","11":"category-ocio-y-cultura","12":"category-seccion","13":"tag-bunol","14":"tag-falla-las-ventas-de-bunol","15":"tag-la-hoya-de-bunol-chiva"},"_links":{"self":[{"href":"https:\/\/www.tucomarca.com\/wordpress\/segunda\/wp-json\/wp\/v2\/posts\/254710","targetHints":{"allow":["GET"]}}],"collection":[{"href":"https:\/\/www.tucomarca.com\/wordpress\/segunda\/wp-json\/wp\/v2\/posts"}],"about":[{"href":"https:\/\/www.tucomarca.com\/wordpress\/segunda\/wp-json\/wp\/v2\/types\/post"}],"author":[{"embeddable":true,"href":"https:\/\/www.tucomarca.com\/wordpress\/segunda\/wp-json\/wp\/v2\/users\/12"}],"replies":[{"embeddable":true,"href":"https:\/\/www.tucomarca.com\/wordpress\/segunda\/wp-json\/wp\/v2\/comments?post=254710"}],"version-history":[{"count":0,"href":"https:\/\/www.tucomarca.com\/wordpress\/segunda\/wp-json\/wp\/v2\/posts\/254710\/revisions"}],"wp:featuredmedia":[{"embeddable":true,"href":"https:\/\/www.tucomarca.com\/wordpress\/segunda\/wp-json\/wp\/v2\/media\/254724"}],"wp:attachment":[{"href":"https:\/\/www.tucomarca.com\/wordpress\/segunda\/wp-json\/wp\/v2\/media?parent=254710"}],"wp:term":[{"taxonomy":"category","embeddable":true,"href":"https:\/\/www.tucomarca.com\/wordpress\/segunda\/wp-json\/wp\/v2\/categories?post=254710"},{"taxonomy":"post_tag","embeddable":true,"href":"https:\/\/www.tucomarca.com\/wordpress\/segunda\/wp-json\/wp\/v2\/tags?post=254710"}],"curies":[{"name":"wp","href":"https:\/\/api.w.org\/{rel}","templated":true}]}}