{"id":254739,"date":"2025-02-19T11:35:00","date_gmt":"2025-02-19T10:35:00","guid":{"rendered":"https:\/\/www.tucomarca.com\/wordpress\/segunda\/?p=254739"},"modified":"2025-02-19T20:50:31","modified_gmt":"2025-02-19T19:50:31","slug":"mazon-destaca-la-colaboracion-y-la-alianza-de-la-generalitat-con-los-municipios-para-defender-los-intereses-de-los-ciudadanos-vivan-donde-vivan","status":"publish","type":"post","link":"https:\/\/www.tucomarca.com\/wordpress\/segunda\/mazon-destaca-la-colaboracion-y-la-alianza-de-la-generalitat-con-los-municipios-para-defender-los-intereses-de-los-ciudadanos-vivan-donde-vivan\/","title":{"rendered":"Maz\u00f3n destaca \u201cla colaboraci\u00f3n y la alianza\u201d de la Generalitat con los municipios para defender los intereses de los ciudadanos \u201cvivan donde vivan\u201d"},"content":{"rendered":"\n<h3 class=\"wp-block-heading\">Subraya la importancia de mantener \u201cun di\u00e1logo permanente para buscar soluciones compartidas en educaci\u00f3n, sanidad o financiaci\u00f3n\u201d y pone como ejemplo la coordinaci\u00f3n con la FVMP \u201cen la estrategia de vivienda del Consell\u201d.<\/h3>\n\n\n\n<h3 class=\"wp-block-heading\">Agradece a la presidenta, Paqui Bartual, el impulso de una comisi\u00f3n formada por los municipios afectados por las riadas y su apuesta por garantizar que ning\u00fan municipio \u201cse quede al margen de las mejoras y de las oportunidades\u201d.<\/h3>\n\n\n\n<p>El president de la Generalitat, Carlos Maz\u00f3n, ha puesto en valor que el Ejecutivo valenciano es \u201ccolaborador y aliado\u201d de los municipios para defender los intereses de todos los ciudadanos valencianos, alicantinos y castellonenses \u201cvivan donde vivan\u201d.<\/p>\n\n\n\n<p>El jefe del Consell ha explicado que los retos a los que se enfrentan, tanto la Generalitat como los municipios y las diputaciones, \u201cno son exclusivos de cada administraci\u00f3n, sino compartidos por todas ellas\u201d y ha apostado por \u201cconjurarnos en torno a ello para buscar las soluciones\u201d.<\/p>\n\n\n\n<p>De este modo, Maz\u00f3n ha abogado por \u201cun di\u00e1logo permanente para resolver los problemas comunes como la educaci\u00f3n, la sanidad o la financiaci\u00f3n\u201d, al tiempo que ha puesto como ejemplo la colaboraci\u00f3n de la FVMP en la \u201cestrategia de vivienda que estamos desplegando desde la Generalitat con el Plan Vive\u201d.&nbsp;<\/p>\n\n\n\n<p>Carlos Maz\u00f3n ha manifestado que \u201clos municipios han cargado con competencia que no les correspond\u00edan\u201d y que es algo que \u201csigue estando en el debe de una segunda descentralizaci\u00f3n que lleva a\u00f1os en suspenso\u201d. Al respecto, ha afirmado que la Generalitat \u201cescucha a los municipios para atender y entender lo que est\u00e1 sucediendo en la pol\u00edtica local porque es nuestra obligaci\u00f3n\u201d.<\/p>\n\n\n\n<p>En esta l\u00ednea, ha reiterado su colaboraci\u00f3n por seguir avanzando en materias como \u201cla simplificaci\u00f3n administrativa, la gesti\u00f3n del agua, la industria y el turismo, el medio ambiente o la gesti\u00f3n de fondos europeos\u201d, as\u00ed como abordar retos como \u201cla cobertura digital en todos los municipios para atraer nuevas oportunidades para el desarrollo local que generen riqueza\u201d.<\/p>\n\n\n\n<p><strong>Compromiso y convicci\u00f3n con el municipalismo<\/strong><\/p>\n\n\n\n<p>El jefe del Consell ha participado en la XVII Asamblea Extraordinaria de la Federaci\u00f3n Valenciana de Municipios y Provincias (FVMP), en la que ha resultado elegida como presidenta la alcaldesa de Xirivella, Paqui Bartual, de la que ha destacado su \u201cprofundo compromiso, por convicci\u00f3n y trayectoria, con el municipalismo y la colaboraci\u00f3n\u201d.<\/p>\n\n\n\n<p>Durante su intervenci\u00f3n, Maz\u00f3n ha agradecido a la presidenta electa que \u201cuno de sus primeros compromisos haya sido impulsar una comisi\u00f3n formada por los municipios afectados por las riadas\u201d.&nbsp;<\/p>\n\n\n\n<p>Al respecto, ha indicado que esta iniciativa es una muestra clara de la acci\u00f3n que va a hacer de la Federaci\u00f3n \u201cun espacio de estabilidad para garantizar que ning\u00fan municipio se quede al margen de las oportunidades y mejoras en servicios p\u00fablicos y tecnol\u00f3gicos, y en la consolidaci\u00f3n de las pol\u00edticas sociales\u201d.<\/p>\n\n\n\n<p>El jefe del Consell tambi\u00e9n ha querido reconocer la labor de la anterior presidenta de la FVMP, la exalcaldesa de Requena, Roc\u00edo Cort\u00e9s, por su \u201cgran trabajo al frente de la instituci\u00f3n y su compromiso por impulsar el municipalismo y la colaboraci\u00f3n institucional\u201d.&nbsp;<\/p>\n","protected":false},"excerpt":{"rendered":"<div class=\"mh-excerpt\">Subraya la importancia de mantener \u201cun di\u00e1logo permanente para buscar soluciones compartidas en educaci\u00f3n, sanidad o financiaci\u00f3n\u201d y pone como ejemplo la coordinaci\u00f3n con la FVMP \u201cen la estrategia de vivienda del Consell\u201d. Agradece a <a class=\"mh-excerpt-more\" href=\"https:\/\/www.tucomarca.com\/wordpress\/segunda\/mazon-destaca-la-colaboracion-y-la-alianza-de-la-generalitat-con-los-municipios-para-defender-los-intereses-de-los-ciudadanos-vivan-donde-vivan\/\" title=\"Maz\u00f3n destaca \u201cla colaboraci\u00f3n y la alianza\u201d de la Generalitat con los municipios para defender los intereses de los ciudadanos \u201cvivan donde vivan\u201d\">[+] <\/a><\/div>\n","protected":false},"author":13,"featured_media":254740,"comment_status":"open","ping_status":"open","sticky":false,"template":"","format":"standard","meta":{"footnotes":""},"categories":[21465,128,8,72,142,3,45],"tags":[9988,10412,2142,32],"class_list":{"0":"post-254739","1":"post","2":"type-post","3":"status-publish","4":"format-standard","5":"has-post-thumbnail","7":"category-dana","8":"category-infraestructuras","9":"category-la-comarca","10":"category-sin-categorizar","11":"category-politica-la-comarca","12":"category-seccion","13":"category-ventana","14":"tag-fvmp","15":"tag-infraestructuras","16":"tag-la-comunitat","17":"tag-politica"},"_links":{"self":[{"href":"https:\/\/www.tucomarca.com\/wordpress\/segunda\/wp-json\/wp\/v2\/posts\/254739","targetHints":{"allow":["GET"]}}],"collection":[{"href":"https:\/\/www.tucomarca.com\/wordpress\/segunda\/wp-json\/wp\/v2\/posts"}],"about":[{"href":"https:\/\/www.tucomarca.com\/wordpress\/segunda\/wp-json\/wp\/v2\/types\/post"}],"author":[{"embeddable":true,"href":"https:\/\/www.tucomarca.com\/wordpress\/segunda\/wp-json\/wp\/v2\/users\/13"}],"replies":[{"embeddable":true,"href":"https:\/\/www.tucomarca.com\/wordpress\/segunda\/wp-json\/wp\/v2\/comments?post=254739"}],"version-history":[{"count":0,"href":"https:\/\/www.tucomarca.com\/wordpress\/segunda\/wp-json\/wp\/v2\/posts\/254739\/revisions"}],"wp:featuredmedia":[{"embeddable":true,"href":"https:\/\/www.tucomarca.com\/wordpress\/segunda\/wp-json\/wp\/v2\/media\/254740"}],"wp:attachment":[{"href":"https:\/\/www.tucomarca.com\/wordpress\/segunda\/wp-json\/wp\/v2\/media?parent=254739"}],"wp:term":[{"taxonomy":"category","embeddable":true,"href":"https:\/\/www.tucomarca.com\/wordpress\/segunda\/wp-json\/wp\/v2\/categories?post=254739"},{"taxonomy":"post_tag","embeddable":true,"href":"https:\/\/www.tucomarca.com\/wordpress\/segunda\/wp-json\/wp\/v2\/tags?post=254739"}],"curies":[{"name":"wp","href":"https:\/\/api.w.org\/{rel}","templated":true}]}}