{"id":254745,"date":"2025-02-19T11:15:00","date_gmt":"2025-02-19T10:15:00","guid":{"rendered":"https:\/\/www.tucomarca.com\/wordpress\/segunda\/?p=254745"},"modified":"2025-02-19T19:41:08","modified_gmt":"2025-02-19T18:41:08","slug":"dolo-torrelles-regala-un-cuadro-al-pueblo-de-turis","status":"publish","type":"post","link":"https:\/\/www.tucomarca.com\/wordpress\/segunda\/dolo-torrelles-regala-un-cuadro-al-pueblo-de-turis\/","title":{"rendered":"Dolo Torrelles regala un cuadro al pueblo de Tur\u00eds"},"content":{"rendered":"\n<p>El patrimonio art\u00edstico y cultural municipal contin\u00faa aumentando gracias a la donaci\u00f3n que recientemente ha realizado la artista Dolo Torrelles.<\/p>\n\n\n\n<p>Ismael Corell lo ha recibido en el despacho de alcald\u00eda donde se ha hecho la entrega oficial de un maravilloso cuadro que adornar\u00e1 las dependencias municipales con arte local.<\/p>\n\n\n\n<p>Ya son varias las obras de diferentes estilos que Dolo ha entregado al consistorio, adem\u00e1s de realizar en 2013 la portada del libro de fiestas de agosto.<\/p>\n","protected":false},"excerpt":{"rendered":"<div class=\"mh-excerpt\">El patrimonio art\u00edstico y cultural municipal contin\u00faa aumentando gracias a la donaci\u00f3n que recientemente ha realizado la artista Dolo Torrelles. Ismael Corell lo ha recibido en el despacho de alcald\u00eda donde se ha hecho la <a class=\"mh-excerpt-more\" href=\"https:\/\/www.tucomarca.com\/wordpress\/segunda\/dolo-torrelles-regala-un-cuadro-al-pueblo-de-turis\/\" title=\"Dolo Torrelles regala un cuadro al pueblo de Tur\u00eds\">[+] <\/a><\/div>\n","protected":false},"author":13,"featured_media":254750,"comment_status":"open","ping_status":"open","sticky":false,"template":"","format":"standard","meta":{"footnotes":""},"categories":[8,42,7,92,3,43],"tags":[3640,15855,10394],"class_list":{"0":"post-254745","1":"post","2":"type-post","3":"status-publish","4":"format-standard","5":"has-post-thumbnail","7":"category-la-comarca","8":"category-la-ribera","9":"category-ocio-y-cultura","10":"category-pintura","11":"category-seccion","12":"category-turis","13":"tag-la-ribera-alta","14":"tag-ocio-y-cultura","15":"tag-turis"},"_links":{"self":[{"href":"https:\/\/www.tucomarca.com\/wordpress\/segunda\/wp-json\/wp\/v2\/posts\/254745","targetHints":{"allow":["GET"]}}],"collection":[{"href":"https:\/\/www.tucomarca.com\/wordpress\/segunda\/wp-json\/wp\/v2\/posts"}],"about":[{"href":"https:\/\/www.tucomarca.com\/wordpress\/segunda\/wp-json\/wp\/v2\/types\/post"}],"author":[{"embeddable":true,"href":"https:\/\/www.tucomarca.com\/wordpress\/segunda\/wp-json\/wp\/v2\/users\/13"}],"replies":[{"embeddable":true,"href":"https:\/\/www.tucomarca.com\/wordpress\/segunda\/wp-json\/wp\/v2\/comments?post=254745"}],"version-history":[{"count":0,"href":"https:\/\/www.tucomarca.com\/wordpress\/segunda\/wp-json\/wp\/v2\/posts\/254745\/revisions"}],"wp:featuredmedia":[{"embeddable":true,"href":"https:\/\/www.tucomarca.com\/wordpress\/segunda\/wp-json\/wp\/v2\/media\/254750"}],"wp:attachment":[{"href":"https:\/\/www.tucomarca.com\/wordpress\/segunda\/wp-json\/wp\/v2\/media?parent=254745"}],"wp:term":[{"taxonomy":"category","embeddable":true,"href":"https:\/\/www.tucomarca.com\/wordpress\/segunda\/wp-json\/wp\/v2\/categories?post=254745"},{"taxonomy":"post_tag","embeddable":true,"href":"https:\/\/www.tucomarca.com\/wordpress\/segunda\/wp-json\/wp\/v2\/tags?post=254745"}],"curies":[{"name":"wp","href":"https:\/\/api.w.org\/{rel}","templated":true}]}}