{"id":254776,"date":"2025-02-20T09:00:00","date_gmt":"2025-02-20T08:00:00","guid":{"rendered":"https:\/\/www.tucomarca.com\/wordpress\/segunda\/?p=254776"},"modified":"2025-02-20T12:20:45","modified_gmt":"2025-02-20T11:20:45","slug":"la-concejalia-de-cultura-y-la-biblioteca-municipal-de-bunol-ofrecen-un-variado-fin-de-semana","status":"publish","type":"post","link":"https:\/\/www.tucomarca.com\/wordpress\/segunda\/la-concejalia-de-cultura-y-la-biblioteca-municipal-de-bunol-ofrecen-un-variado-fin-de-semana\/","title":{"rendered":"La concejal\u00eda de Cultura y la biblioteca municipal de Bu\u00f1ol ofrecen un variado fin de semana"},"content":{"rendered":"\n<p>Bu\u00f1ol se prepara para un fin de semana cultural con dos eventos destacados organizados por la Concejal\u00eda de Cultura y la Biblioteca Municipal.<\/p>\n\n\n\n<p><strong>Jueves, 20 de febrero: Teatro en la Sala El Mercado<\/strong>\u00a0A las 20:00 horas, la compa\u00f1\u00eda teatral La Teta Calva presentar\u00e1 la obra \u00abYo soy 451\u00bb, protagonizada por Xavo Gim\u00e9nez. La representaci\u00f3n tendr\u00e1 lugar en la Sala El Mercado con un aforo limitado a 70 espectadores. Las entradas est\u00e1n disponibles por un precio de 10 euros. Este evento cuenta con la organizaci\u00f3n de la Concejal\u00eda de Cultura y el SARC.<\/p>\n\n\n\n<p><strong>Viernes, 21 de febrero: Presentaci\u00f3n literaria en la Sala Raga<\/strong>\u00a0El viernes 21 de febrero a las 19:00 horas, la Sala Raga acoger\u00e1 la presentaci\u00f3n del libro \u00abUn p\u00e1jaro bajo el mar\u00bb, de la autora Ana Noguera, con la participaci\u00f3n de Emi Zan\u00f3n y el acompa\u00f1amiento musical de Mayte Abargues. La entrada a este evento ser\u00e1 gratuita. La actividad est\u00e1 organizada por la Biblioteca Municipal.<\/p>\n","protected":false},"excerpt":{"rendered":"<div class=\"mh-excerpt\">Bu\u00f1ol se prepara para un fin de semana cultural con dos eventos destacados organizados por la Concejal\u00eda de Cultura y la Biblioteca Municipal. Jueves, 20 de febrero: Teatro en la Sala El Mercado\u00a0A las 20:00 <a class=\"mh-excerpt-more\" href=\"https:\/\/www.tucomarca.com\/wordpress\/segunda\/la-concejalia-de-cultura-y-la-biblioteca-municipal-de-bunol-ofrecen-un-variado-fin-de-semana\/\" title=\"La concejal\u00eda de Cultura y la biblioteca municipal de Bu\u00f1ol ofrecen un variado fin de semana\">[+] <\/a><\/div>\n","protected":false},"author":13,"featured_media":254778,"comment_status":"open","ping_status":"open","sticky":false,"template":"","format":"standard","meta":{"footnotes":""},"categories":[4,18,8,10,7,3],"tags":[10385,5952,15855],"class_list":{"0":"post-254776","1":"post","2":"type-post","3":"status-publish","4":"format-standard","5":"has-post-thumbnail","7":"category-agenda","8":"category-bunol","9":"category-la-comarca","10":"category-la-hoya","11":"category-ocio-y-cultura","12":"category-seccion","13":"tag-bunol","14":"tag-la-hoya-de-bunol-chiva","15":"tag-ocio-y-cultura"},"_links":{"self":[{"href":"https:\/\/www.tucomarca.com\/wordpress\/segunda\/wp-json\/wp\/v2\/posts\/254776","targetHints":{"allow":["GET"]}}],"collection":[{"href":"https:\/\/www.tucomarca.com\/wordpress\/segunda\/wp-json\/wp\/v2\/posts"}],"about":[{"href":"https:\/\/www.tucomarca.com\/wordpress\/segunda\/wp-json\/wp\/v2\/types\/post"}],"author":[{"embeddable":true,"href":"https:\/\/www.tucomarca.com\/wordpress\/segunda\/wp-json\/wp\/v2\/users\/13"}],"replies":[{"embeddable":true,"href":"https:\/\/www.tucomarca.com\/wordpress\/segunda\/wp-json\/wp\/v2\/comments?post=254776"}],"version-history":[{"count":0,"href":"https:\/\/www.tucomarca.com\/wordpress\/segunda\/wp-json\/wp\/v2\/posts\/254776\/revisions"}],"wp:featuredmedia":[{"embeddable":true,"href":"https:\/\/www.tucomarca.com\/wordpress\/segunda\/wp-json\/wp\/v2\/media\/254778"}],"wp:attachment":[{"href":"https:\/\/www.tucomarca.com\/wordpress\/segunda\/wp-json\/wp\/v2\/media?parent=254776"}],"wp:term":[{"taxonomy":"category","embeddable":true,"href":"https:\/\/www.tucomarca.com\/wordpress\/segunda\/wp-json\/wp\/v2\/categories?post=254776"},{"taxonomy":"post_tag","embeddable":true,"href":"https:\/\/www.tucomarca.com\/wordpress\/segunda\/wp-json\/wp\/v2\/tags?post=254776"}],"curies":[{"name":"wp","href":"https:\/\/api.w.org\/{rel}","templated":true}]}}