{"id":254801,"date":"2025-02-19T11:00:00","date_gmt":"2025-02-19T10:00:00","guid":{"rendered":"https:\/\/www.tucomarca.com\/wordpress\/segunda\/?p=254801"},"modified":"2025-02-19T19:45:45","modified_gmt":"2025-02-19T18:45:45","slug":"el-teatro-principal-de-valencia-cierra-el-ciclo-de-calderon-de-la-barca-con-el-gran-teatro-del-mundo","status":"publish","type":"post","link":"https:\/\/www.tucomarca.com\/wordpress\/segunda\/el-teatro-principal-de-valencia-cierra-el-ciclo-de-calderon-de-la-barca-con-el-gran-teatro-del-mundo\/","title":{"rendered":"El Teatro Principal de Val\u00e8ncia cierra el ciclo de Calder\u00f3n de la Barca con \u2018El gran teatro del mundo\u2019"},"content":{"rendered":"\n<h3 class=\"wp-block-heading\">Llu\u00eds Homar dirige a la Compa\u00f1\u00eda Nacional de Teatro Cl\u00e1sico en esta versi\u00f3n de la obra de Calder\u00f3n.<\/h3>\n\n\n\n<h3 class=\"wp-block-heading\">Estar\u00e1 en cartel del 20 al 23 de febrero.<\/h3>\n\n\n\n<p>El Institut Valenci\u00e0 de Cultura, dependiente de la Conselleria de Educaci\u00f3n, Cultura, Universidades y Empleo, programa del 20 al 23 de febrero en el Teatro Principal de Val\u00e8ncia a la Compa\u00f1\u00eda Nacional de Teatro Cl\u00e1sico con \u2018El gran teatro del mundo\u2019.&nbsp;<\/p>\n\n\n\n<p>La direcci\u00f3n adjunta de Artes Esc\u00e9nicas del IVC refrenda con esta propuesta su apuesta por recuperar los cl\u00e1sicos en los teatros que gestiona. Durante el 2025 se pueden ver t\u00edtulos como \u2018La Dama Duende\u2019, \u2018Las Bingueras de Eur\u00edpides\u2019, \u20184 d\u00edas, 4 noches\u2019 o \u2018Marcela\u2019.&nbsp;<\/p>\n\n\n\n<p>Adem\u00e1s, el IVC ha reforzado su v\u00ednculo con la Compa\u00f1\u00eda Nacional de Teatro Cl\u00e1sico, ya que es la tercera ocasi\u00f3n en la temporada que recala en el Principal tras \u2018Farra\u2019 y \u2018El Castillo de Lindabridis\u2019.&nbsp;<\/p>\n\n\n\n<p>Llu\u00eds Homar Homar dirige esta versi\u00f3n de la obra de Calder\u00f3n de la Barca que cierra el ciclo de las tres producciones programadas en el Teatro Principal de Val\u00e8ncia esta temporada, que completan \u2018El castillo de Lindabridis\u2019 y \u2018La dama Duende\u2019.&nbsp;<\/p>\n\n\n\n<p>Sobre la obra de Calder\u00f3n, Llu\u00eds Homar afirma que \u201cCalder\u00f3n de la Barca sab\u00eda perfectamente del gran poder del teatro para crear imaginarios hasta ese momento desconocidos. Hijo de la Contrarreforma, ten\u00eda que satisfacer las necesidades dogm\u00e1ticas que la Iglesia de su tiempo impon\u00eda\u201d.<\/p>\n\n\n\n<p>En este sentido, a\u00f1ade que \u201cel genio creador de Calder\u00f3n intent\u00f3 en innumerables ocasiones conjugar su obediencia a esos principios dogm\u00e1ticos con elementos que elevasen la consciencia de sus espectadores a espacios m\u00e1s all\u00e1 de la obediencia ciega y les permitiesen amplias cotas de reflexi\u00f3n, abrazando la humanidad sin distinciones\u201d.&nbsp;<\/p>\n\n\n\n<p>Por ello, \u2018El gran teatro del mundo\u2019 es una obra \u00fanica y sigue siendo una de las m\u00e1s importantes producciones teatrales del Siglo de Oro. En ella se conjuga un imaginario esc\u00e9nico in\u00e9dito en su tiempo y una versificaci\u00f3n con unas reflexiones espirituales y filos\u00f3ficas de gran profundidad que propon\u00edan a los espectadores del siglo XVII y al p\u00fablico actual amplias cotas de reflexi\u00f3n sobre la naturaleza de la existencia y los valores que la acompa\u00f1an.&nbsp;<\/p>\n\n\n\n<p>Esta producci\u00f3n de la Compa\u00f1\u00eda Nacional de Teatro Cl\u00e1sico lleva al escenario a un gran elenco formado por once int\u00e9rpretes: Clara Altarriba, Malena Casado, Antonio Comas, Carlota Gavi\u00f1o, Pilar G\u00f3mez, Yolanda de la Hoz, Jorge Merino, Aisa P\u00e9rez, Chupi Llorente, Pablo S\u00e1nchez y Jos\u00e9 Luis Verguizas.<\/p>\n\n\n\n<p>El 23 de febrero se realizar\u00e1 una funci\u00f3n accesible a personas con discapacidad sensorial que cuenta con subtitulado adaptado, audiodescripci\u00f3n, bucle magn\u00e9tico individual y sonido amplificado.<\/p>\n\n\n\n<p>La Compa\u00f1\u00eda Nacional de Teatro Cl\u00e1sico es una unidad de producci\u00f3n del INAEM (Instituto Nacional de la Artes Esc\u00e9nicas y de la M\u00fasica) que depende del Ministerio de Cultura y Deporte. Creada por Adolfo Marsillach en 1986, es la instituci\u00f3n de referencia en la recuperaci\u00f3n, preservaci\u00f3n, producci\u00f3n y difusi\u00f3n del patrimonio teatral anterior al siglo XX, con especial atenci\u00f3n al Siglo de Oro y a la prosodia del verso cl\u00e1sico.<\/p>\n\n\n\n<p>Las entradas se pueden adquirir en taquillas del teatro o en la&nbsp;<a href=\"https:\/\/taquilla.ivc.gva.es\/janto\/main.php\" target=\"_blank\" rel=\"noreferrer noopener\">taquilla online<\/a>&nbsp;del IVC.<\/p>\n","protected":false},"excerpt":{"rendered":"<div class=\"mh-excerpt\">Llu\u00eds Homar dirige a la Compa\u00f1\u00eda Nacional de Teatro Cl\u00e1sico en esta versi\u00f3n de la obra de Calder\u00f3n. Estar\u00e1 en cartel del 20 al 23 de febrero. El Institut Valenci\u00e0 de Cultura, dependiente de la <a class=\"mh-excerpt-more\" href=\"https:\/\/www.tucomarca.com\/wordpress\/segunda\/el-teatro-principal-de-valencia-cierra-el-ciclo-de-calderon-de-la-barca-con-el-gran-teatro-del-mundo\/\" title=\"El Teatro Principal de Val\u00e8ncia cierra el ciclo de Calder\u00f3n de la Barca con \u2018El gran teatro del mundo\u2019\">[+] <\/a><\/div>\n","protected":false},"author":12,"featured_media":254803,"comment_status":"open","ping_status":"open","sticky":false,"template":"","format":"standard","meta":{"footnotes":""},"categories":[4,8,72,7,3],"tags":[13272,17757,21556],"class_list":{"0":"post-254801","1":"post","2":"type-post","3":"status-publish","4":"format-standard","5":"has-post-thumbnail","7":"category-agenda","8":"category-la-comarca","9":"category-sin-categorizar","10":"category-ocio-y-cultura","11":"category-seccion","12":"tag-institut-valencia-de-cultura","13":"tag-ivc","14":"tag-teatro-principal-de-valencia"},"_links":{"self":[{"href":"https:\/\/www.tucomarca.com\/wordpress\/segunda\/wp-json\/wp\/v2\/posts\/254801","targetHints":{"allow":["GET"]}}],"collection":[{"href":"https:\/\/www.tucomarca.com\/wordpress\/segunda\/wp-json\/wp\/v2\/posts"}],"about":[{"href":"https:\/\/www.tucomarca.com\/wordpress\/segunda\/wp-json\/wp\/v2\/types\/post"}],"author":[{"embeddable":true,"href":"https:\/\/www.tucomarca.com\/wordpress\/segunda\/wp-json\/wp\/v2\/users\/12"}],"replies":[{"embeddable":true,"href":"https:\/\/www.tucomarca.com\/wordpress\/segunda\/wp-json\/wp\/v2\/comments?post=254801"}],"version-history":[{"count":0,"href":"https:\/\/www.tucomarca.com\/wordpress\/segunda\/wp-json\/wp\/v2\/posts\/254801\/revisions"}],"wp:featuredmedia":[{"embeddable":true,"href":"https:\/\/www.tucomarca.com\/wordpress\/segunda\/wp-json\/wp\/v2\/media\/254803"}],"wp:attachment":[{"href":"https:\/\/www.tucomarca.com\/wordpress\/segunda\/wp-json\/wp\/v2\/media?parent=254801"}],"wp:term":[{"taxonomy":"category","embeddable":true,"href":"https:\/\/www.tucomarca.com\/wordpress\/segunda\/wp-json\/wp\/v2\/categories?post=254801"},{"taxonomy":"post_tag","embeddable":true,"href":"https:\/\/www.tucomarca.com\/wordpress\/segunda\/wp-json\/wp\/v2\/tags?post=254801"}],"curies":[{"name":"wp","href":"https:\/\/api.w.org\/{rel}","templated":true}]}}