{"id":254840,"date":"2025-02-20T10:45:00","date_gmt":"2025-02-20T09:45:00","guid":{"rendered":"https:\/\/www.tucomarca.com\/wordpress\/segunda\/?p=254840"},"modified":"2025-02-20T10:55:10","modified_gmt":"2025-02-20T09:55:10","slug":"la-generalitat-realiza-un-nuevo-envio-de-50-000-tarjetas-de-transporte-recuperem-valencia-a-los-ayuntamientos-y-pone-a-disposicion-mas-medios-para-la-gestion","status":"publish","type":"post","link":"https:\/\/www.tucomarca.com\/wordpress\/segunda\/la-generalitat-realiza-un-nuevo-envio-de-50-000-tarjetas-de-transporte-recuperem-valencia-a-los-ayuntamientos-y-pone-a-disposicion-mas-medios-para-la-gestion\/","title":{"rendered":"La Generalitat realiza un nuevo env\u00edo de 50.000 tarjetas de transporte Recuperem Valencia a los ayuntamientos y pone a disposici\u00f3n m\u00e1s medios para la gesti\u00f3n"},"content":{"rendered":"\n<h3 class=\"wp-block-heading\">En las primeras dos jornadas 5.000 personas han solicitado la tarjeta, lo que representa un 10 % de las que disponen los ayuntamientos desde el lunes.<\/h3>\n\n\n\n<h3 class=\"wp-block-heading\">La Generalitat habilit\u00f3 el lunes por la tarde el tr\u00e1mite de solicitud para los habitantes de los 31 municipios m\u00e1s afectados por la riada.<\/h3>\n\n\n\n<h3 class=\"wp-block-heading\">Mart\u00ednez Mus destaca la colaboraci\u00f3n de la mayor\u00eda de los ayuntamientos y lamenta \u201cel discurso pol\u00edtico\u201d que se ha generado con una medida tan necesaria y justa para los afectados.<\/h3>\n\n\n\n<p>El conseller de Medio Ambiente, Infraestructuras y Territorio, Vicente Mart\u00ednez Mus, ha informado de que la Generalitat ha activado un nuevo env\u00edo de 50.000 tarjetas de transporte Recuperem Valencia a los ayuntamientos que han comenzado el reparto, y ha puesto a disposici\u00f3n de los consistorios m\u00e1s medios para facilitar la gesti\u00f3n.<\/p>\n\n\n\n<p>Mart\u00ednez Mus ha garantizado que los m\u00e1s de 400.000 posibles usuarios \u201cvan a recibir la tarjeta\u201d y ha destacado que en las primeras dos jornadas se han solicitado 5.000 tarjetas, \u201clo que representa un 10 % de las que los ayuntamientos disponen desde el pasado lunes\u201d.<\/p>\n\n\n\n<p>Esta iniciativa se est\u00e1 llevando a cabo a trav\u00e9s de las corporaciones municipales con el prop\u00f3sito de agilizar la gesti\u00f3n y permitir que los vecinos puedan recoger sus tarjetas en sus respectivas localidades de residencia. Para ello, la Generalitat ha ofrecido personal propio a las entidades locales que lo soliciten para colaborar y ayudar en la distribuci\u00f3n de las tarjetas, como ya ha sucedido con el Ayuntamiento de Massanassa.<\/p>\n\n\n\n<p>En este sentido, el conseller ha subrayado que se han mantenido reuniones con los ayuntamientos durante las \u00faltimas semanas \u201cpara coordinar la log\u00edstica de esta medida\u201d, y ha agradecido \u201cla excelente colaboraci\u00f3n de la mayor\u00eda de ellos\u201d. Sin embargo, ha lamentado \u201cel discurso pol\u00edtico que algunos han generado en torno a una medida tan justa y necesaria para los vecinos de las zonas afectadas\u201d. En este sentido, ha se\u00f1alado que los consistorios que han solicitado m\u00e1s recursos a la Generalitat han contado con un refuerzo por parte del personal designado por la Conselleria de Justicia y Administraci\u00f3n P\u00fablica, que ha habilitado m\u00e1s oficinas PROP en los municipios.<\/p>\n\n\n\n<p>Mart\u00ednez Mus tambi\u00e9n ha se\u00f1alado que las personas menores de 31 a\u00f1os de las localidades afectadas \u201cya tienen garantizada la gratuidad en el transporte p\u00fablico hasta el 31 de junio, por lo que no es urgente que soliciten la tarjeta en este momento, ya que no hay plazo para pedirla\u201d.<\/p>\n\n\n\n<p>Cabe recordar que la tarjeta Recuperem Valencia permitir\u00e1 a los beneficiarios viajar sin coste alguno en Metrovalencia, Cercan\u00edas, EMT, Metrob\u00fas y autobuses auton\u00f3micos hasta el 31 de diciembre de 2025.<\/p>\n\n\n\n<p><strong>Dos modalidades de solicitud<\/strong><\/p>\n\n\n\n<p>El proceso de entrega de las tarjetas se ha organizado en dos grupos, considerando el grado de afectaci\u00f3n de cada municipio. En el primer grupo, los residentes de las 31 localidades m\u00e1s afectadas podr\u00e1n solicitar la tarjeta a trav\u00e9s de sus respectivos ayuntamientos. Desde el lunes por la tarde ya se han registrado 4.456 solicitudes en los consistorios.<\/p>\n\n\n\n<p>Se trata de las localidades de Sedav\u00ed, Paiporta, Massanassa, Alfafar, Llocnou de la Corona, Benet\u00fasser, Picanya, Catarroja, Algemes\u00ed, Beniparrell, Aldaia, L\u2019Alc\u00fadia, Albal, Guadassuar, Riba-roja de T\u00faria, Alaqu\u00e0s, Sot de Chera, Riola, Chiva, Loriguilla, Cheste, Catadau, Pedralba, Utiel, Llombai, Montserrat, Godelleta, Quart de Poblet, Xirivella, Benicull de X\u00faquer y Gestalgar, as\u00ed como las pedan\u00edas de Valencia: Castellar-Oliveral, Forn d\u2019Alcedo y La Torre.<\/p>\n\n\n\n<p>El \u00fanico requisito para recibir la tarjeta es tener residencia en el municipio desde antes del 29 de octubre del a\u00f1o pasado. El ayuntamiento confirmar\u00e1 esta informaci\u00f3n y registrar\u00e1 los datos personales del titular, as\u00ed como el sello del consistorio durante el proceso de entrega de la tarjeta, que se realizar\u00e1 en el acto.<\/p>\n\n\n\n<p>De igual manera, se han puesto a disposici\u00f3n tarjetas de transporte gratuitas para los residentes de municipios menos afectados que tambi\u00e9n hayan perdido su veh\u00edculo. Esta opci\u00f3n est\u00e1 destinada a localidades donde el porcentaje de veh\u00edculos da\u00f1ados durante la inundaci\u00f3n sea inferior al 5 % del total del parque automovil\u00edstico municipal.<\/p>\n\n\n\n<p>En este caso, las personas podr\u00e1n solicitar telem\u00e1ticamente hasta dos tarjetas de transporte gratuito por cada veh\u00edculo da\u00f1ado. Hasta el momento, se han recibido 449 solicitudes de esta modalidad y ser\u00e1 la Autoridad de Transporte Metropolitano de Valencia la encargada de enviar la tarjeta al domicilio del solicitante.<\/p>\n\n\n\n<p>Las localidades de este segundo grupo incluyen Montroy, Tur\u00eds, Alginet, Torrent, Calles, Silla, Alfarb, Bu\u00f1ol, Poliny\u00e0 de X\u00faquer, Carlet, Tous, Picassent, Caudete de las Fuentes, Val\u00e8ncia, Villamarxant, Requena, Alzira, Real, Alborache, Siete Aguas, Favara, Corbera, Alc\u00e0sser, Fuenterrobles, Chera, l\u2019\u00c8nova, Benifai\u00f3, Manises, Macastre, Bugarra, Rafelguaraf, Cullera, Manuel, Y\u00e1tova, Albalat de la Ribera, Mislata, Camporrobles, Sinarcas, Sollana, Dos Aguas, Chulilla, Carcaixent, la Pobla Llarga, Almussafes, Senyera, Paterna, Fortaleny, B\u00e9tera, Lliria, Tavernes de la Valldigna, Castell\u00f3 y Sueca.<\/p>\n","protected":false},"excerpt":{"rendered":"<div class=\"mh-excerpt\">En las primeras dos jornadas 5.000 personas han solicitado la tarjeta, lo que representa un 10 % de las que disponen los ayuntamientos desde el lunes. La Generalitat habilit\u00f3 el lunes por la tarde el <a class=\"mh-excerpt-more\" href=\"https:\/\/www.tucomarca.com\/wordpress\/segunda\/la-generalitat-realiza-un-nuevo-envio-de-50-000-tarjetas-de-transporte-recuperem-valencia-a-los-ayuntamientos-y-pone-a-disposicion-mas-medios-para-la-gestion\/\" title=\"La Generalitat realiza un nuevo env\u00edo de 50.000 tarjetas de transporte Recuperem Valencia a los ayuntamientos y pone a disposici\u00f3n m\u00e1s medios para la gesti\u00f3n\">[+] <\/a><\/div>\n","protected":false},"author":12,"featured_media":254844,"comment_status":"open","ping_status":"open","sticky":false,"template":"","format":"standard","meta":{"footnotes":""},"categories":[21465,128,8,72,117,142,3,116,45],"tags":[10716,15323,21787,21924],"class_list":{"0":"post-254840","1":"post","2":"type-post","3":"status-publish","4":"format-standard","5":"has-post-thumbnail","7":"category-dana","8":"category-infraestructuras","9":"category-la-comarca","10":"category-sin-categorizar","11":"category-medio-ambiente-la-comarca","12":"category-politica-la-comarca","13":"category-seccion","14":"category-sucesos-la-comarca","15":"category-ventana","16":"tag-generalitat-valenciana","17":"tag-gva","18":"tag-pla-recuperem-valencia","19":"tag-tarjetas-transporte-2"},"_links":{"self":[{"href":"https:\/\/www.tucomarca.com\/wordpress\/segunda\/wp-json\/wp\/v2\/posts\/254840","targetHints":{"allow":["GET"]}}],"collection":[{"href":"https:\/\/www.tucomarca.com\/wordpress\/segunda\/wp-json\/wp\/v2\/posts"}],"about":[{"href":"https:\/\/www.tucomarca.com\/wordpress\/segunda\/wp-json\/wp\/v2\/types\/post"}],"author":[{"embeddable":true,"href":"https:\/\/www.tucomarca.com\/wordpress\/segunda\/wp-json\/wp\/v2\/users\/12"}],"replies":[{"embeddable":true,"href":"https:\/\/www.tucomarca.com\/wordpress\/segunda\/wp-json\/wp\/v2\/comments?post=254840"}],"version-history":[{"count":0,"href":"https:\/\/www.tucomarca.com\/wordpress\/segunda\/wp-json\/wp\/v2\/posts\/254840\/revisions"}],"wp:featuredmedia":[{"embeddable":true,"href":"https:\/\/www.tucomarca.com\/wordpress\/segunda\/wp-json\/wp\/v2\/media\/254844"}],"wp:attachment":[{"href":"https:\/\/www.tucomarca.com\/wordpress\/segunda\/wp-json\/wp\/v2\/media?parent=254840"}],"wp:term":[{"taxonomy":"category","embeddable":true,"href":"https:\/\/www.tucomarca.com\/wordpress\/segunda\/wp-json\/wp\/v2\/categories?post=254840"},{"taxonomy":"post_tag","embeddable":true,"href":"https:\/\/www.tucomarca.com\/wordpress\/segunda\/wp-json\/wp\/v2\/tags?post=254840"}],"curies":[{"name":"wp","href":"https:\/\/api.w.org\/{rel}","templated":true}]}}