{"id":254861,"date":"2025-02-20T10:40:00","date_gmt":"2025-02-20T09:40:00","guid":{"rendered":"https:\/\/www.tucomarca.com\/wordpress\/segunda\/?p=254861"},"modified":"2025-02-20T11:10:05","modified_gmt":"2025-02-20T10:10:05","slug":"el-institut-valencia-de-cultura-pone-en-marcha-la-campana-reconnectem-amb-la-cultura","status":"publish","type":"post","link":"https:\/\/www.tucomarca.com\/wordpress\/segunda\/el-institut-valencia-de-cultura-pone-en-marcha-la-campana-reconnectem-amb-la-cultura\/","title":{"rendered":"El Institut Valenci\u00e0 de Cultura pone en marcha la campa\u00f1a \u2018Reconnectem amb la cultura\u2019"},"content":{"rendered":"\n<h3 class=\"wp-block-heading\">La campa\u00f1a tiene como objetivo animar a la reactivaci\u00f3n del consumo cultural en todas las disciplinas y todo el territorio valenciano.<\/h3>\n\n\n\n<h3 class=\"wp-block-heading\">El dise\u00f1o de la campa\u00f1a ha sido creado por Braindmedia Studio, una agencia de imagen valenciana con sede en Catarroja.<\/h3>\n\n\n\n<p>El Institut Valenci\u00e0 de Cultura pone en marcha la campa\u00f1a de publicidad e imagen \u2018Reconnectem amb la cultura\u2019, con el objetivo de reactivar el consumo cultural en todas las disciplinas.<\/p>\n\n\n\n<p>La campa\u00f1a cuenta con inserciones publicitarias, publicaciones en redes sociales y carteler\u00eda desplegada en los diferentes canales del Institut Valenci\u00e0 de Cultura para poner en valor la cultura como el elemento de uni\u00f3n que consigue reconectar a la poblaci\u00f3n, entre ellos y con los diferentes espect\u00e1culos.<\/p>\n\n\n\n<p>A partir de una ret\u00edcula de puntos que simbolizan tanto a las personas como a las localidades de un teatro, se generan conexiones que dan lugar a diferentes iconos de las disciplinas culturales.&nbsp;<\/p>\n\n\n\n<p>De este modo, la campa\u00f1a invita al espectador a reconectar con la cultura en todas sus formas y a nutrirse con las diferentes propuestas que se programan en la Comunitat Valenciana, incluyendo los espacios propios del Institut Valenci\u00e0 de Cultura en Pen\u00edscola, Castell\u00f3 de la Plana, Val\u00e8ncia y Alicante y todos los municipios que forman parte del Circuit Cultural Valenci\u00e0, adem\u00e1s del resto de oferta cultural p\u00fablica o privada.<\/p>\n\n\n\n<p>Esta campa\u00f1a se suma a las diferentes iniciativas de apoyo a los sectores culturales afectados por la riada y al sector de las artes esc\u00e9nicas con una mayor inversi\u00f3n en ayudas y en el Circuit Cultural Valenci\u00e0.&nbsp;<\/p>\n\n\n\n<p>Cultura prev\u00e9 incrementar la inversi\u00f3n en las artes esc\u00e9nicas en aproximadamente 1,5 millones de euros y la convocatoria del Circuit Cultural Valenci\u00e0 de 2025 contar\u00e1 con un aumento en torno a los 500.000 euros, lo que supone un incremento del 25 % respecto a 2024.<\/p>\n\n\n\n<p>El dise\u00f1o de la campa\u00f1a \u2018Reconnectem amb la cultura\u2019 ha ido a cargo de la agencia de dise\u00f1o e imagen valenciana Braindmedia Studio, con sede en Catarroja, profesionales que han visto afectadas sus instalaciones y su actividad por las inundaciones.&nbsp;<\/p>\n","protected":false},"excerpt":{"rendered":"<div class=\"mh-excerpt\">La campa\u00f1a tiene como objetivo animar a la reactivaci\u00f3n del consumo cultural en todas las disciplinas y todo el territorio valenciano. El dise\u00f1o de la campa\u00f1a ha sido creado por Braindmedia Studio, una agencia de <a class=\"mh-excerpt-more\" href=\"https:\/\/www.tucomarca.com\/wordpress\/segunda\/el-institut-valencia-de-cultura-pone-en-marcha-la-campana-reconnectem-amb-la-cultura\/\" title=\"El Institut Valenci\u00e0 de Cultura pone en marcha la campa\u00f1a \u2018Reconnectem amb la cultura\u2019\">[+] <\/a><\/div>\n","protected":false},"author":12,"featured_media":254863,"comment_status":"open","ping_status":"open","sticky":false,"template":"","format":"standard","meta":{"footnotes":""},"categories":[21465,8,72,7,3,45],"tags":[10716,13272,17757,21925],"class_list":{"0":"post-254861","1":"post","2":"type-post","3":"status-publish","4":"format-standard","5":"has-post-thumbnail","7":"category-dana","8":"category-la-comarca","9":"category-sin-categorizar","10":"category-ocio-y-cultura","11":"category-seccion","12":"category-ventana","13":"tag-generalitat-valenciana","14":"tag-institut-valencia-de-cultura","15":"tag-ivc","16":"tag-reconnectem-amb-la-cultura"},"_links":{"self":[{"href":"https:\/\/www.tucomarca.com\/wordpress\/segunda\/wp-json\/wp\/v2\/posts\/254861","targetHints":{"allow":["GET"]}}],"collection":[{"href":"https:\/\/www.tucomarca.com\/wordpress\/segunda\/wp-json\/wp\/v2\/posts"}],"about":[{"href":"https:\/\/www.tucomarca.com\/wordpress\/segunda\/wp-json\/wp\/v2\/types\/post"}],"author":[{"embeddable":true,"href":"https:\/\/www.tucomarca.com\/wordpress\/segunda\/wp-json\/wp\/v2\/users\/12"}],"replies":[{"embeddable":true,"href":"https:\/\/www.tucomarca.com\/wordpress\/segunda\/wp-json\/wp\/v2\/comments?post=254861"}],"version-history":[{"count":0,"href":"https:\/\/www.tucomarca.com\/wordpress\/segunda\/wp-json\/wp\/v2\/posts\/254861\/revisions"}],"wp:featuredmedia":[{"embeddable":true,"href":"https:\/\/www.tucomarca.com\/wordpress\/segunda\/wp-json\/wp\/v2\/media\/254863"}],"wp:attachment":[{"href":"https:\/\/www.tucomarca.com\/wordpress\/segunda\/wp-json\/wp\/v2\/media?parent=254861"}],"wp:term":[{"taxonomy":"category","embeddable":true,"href":"https:\/\/www.tucomarca.com\/wordpress\/segunda\/wp-json\/wp\/v2\/categories?post=254861"},{"taxonomy":"post_tag","embeddable":true,"href":"https:\/\/www.tucomarca.com\/wordpress\/segunda\/wp-json\/wp\/v2\/tags?post=254861"}],"curies":[{"name":"wp","href":"https:\/\/api.w.org\/{rel}","templated":true}]}}