{"id":254944,"date":"2025-02-21T10:00:00","date_gmt":"2025-02-21T09:00:00","guid":{"rendered":"https:\/\/www.tucomarca.com\/wordpress\/segunda\/?p=254944"},"modified":"2025-02-21T10:20:56","modified_gmt":"2025-02-21T09:20:56","slug":"la-generalitat-ofrece-50-trabajadores-y-21-puntos-de-atencion-para-reforzar-el-sistema-de-reparto-de-las-tarjetas-de-transporte-recuperem-valencia","status":"publish","type":"post","link":"https:\/\/www.tucomarca.com\/wordpress\/segunda\/la-generalitat-ofrece-50-trabajadores-y-21-puntos-de-atencion-para-reforzar-el-sistema-de-reparto-de-las-tarjetas-de-transporte-recuperem-valencia\/","title":{"rendered":"La Generalitat ofrece 50 trabajadores y 21 puntos de atenci\u00f3n para reforzar el sistema de reparto de las tarjetas de transporte Recuperem Val\u00e8ncia"},"content":{"rendered":"\n<h3 class=\"wp-block-heading\">Hasta el momento, los ayuntamientos han tramitado 24.424 tarjetas, el 23 % de las disponibles en los dos primeros env\u00edos.<\/h3>\n\n\n\n<h3 class=\"wp-block-heading\">Mart\u00ednez Mus confirma que los consistorios que m\u00e1s tarjetas han tramitado son Xirivella, Algemes\u00ed y Benet\u00fasser.<\/h3>\n\n\n\n<h3 class=\"wp-block-heading\">La Generalitat ha realizado este jueves un nuevo env\u00edo\u00a0de 27.000 tarjetas a los ayuntamientos, sumando un total de 132.000 disponibles.\u00a0<\/h3>\n\n\n\n<p>La Generalitat ha ofrecido 50 trabajadores de Vaersa y 21 puntos auton\u00f3micos para reforzar el dispositivo de atenci\u00f3n para la gesti\u00f3n y distribuci\u00f3n de la tarjeta de transporte gratuito Recuperem Val\u00e8ncia destinada a las personas residentes en las poblaciones m\u00e1s afectadas por las riadas.&nbsp;<\/p>\n\n\n\n<p>As\u00ed lo ha confirmado el conseller de Medio Ambiente, Infraestructuras y Territorio, Vicente Mart\u00ednez Mus, tras reunirse con alcaldes y representantes de los diferentes ayuntamientos. El reparto de las tarjetas se est\u00e1 llevando a cabo a trav\u00e9s de las corporaciones municipales con el prop\u00f3sito de agilizar el proceso y que los vecinos puedan recoger las tarjetas en sus respectivas localidades de residencia.&nbsp;<\/p>\n\n\n\n<p>\u201cPara facilitar esta tarea, la Generalitat ha ofrecido personal propio a las entidades locales que lo soliciten para colaborar y ayudar en su distribuci\u00f3n, incrementando tambi\u00e9n los puntos a los que se puede acudir para solicitarla\u201d, ha confirmado Mart\u00ednez Mus. As\u00ed, adem\u00e1s de las oficinas PROP-Dana de Massanassa, Algemes\u00ed, Benet\u00fasser, Paiporta y Sedav\u00ed gestionadas por la Conselleria de Justicia y Administraci\u00f3n P\u00fablica, se ha preparado el dispositivo para habilitar el servicio en 17 oficinas m\u00e1s de la Conselleria de Hacienda y Econom\u00eda.&nbsp;<\/p>\n\n\n\n<p>Desde la apertura del proceso de reparto, el pasado lunes, se han solicitado 25.093 tarjetas, de las cuales 24.360 a trav\u00e9s de los ayuntamientos y 733 de manera telem\u00e1tica, por personas que han perdido el veh\u00edculo y no residen en los municipios m\u00e1s afectados. Hasta el momento, los ayuntamientos han tramitado 24.424 tarjetas, el 23 % de las que tienen disponibles, y Xirivella, Algemes\u00ed y Benet\u00fasser son los municipios que m\u00e1s tramitaciones han realizado.&nbsp;<\/p>\n\n\n\n<p>Mart\u00ednez Mus ha asegurado que para cubrir toda la posible demanda, \u201cla Generalitat ha realizado este jueves un nuevo env\u00edo de 27.000 tarjetas a los ayuntamientos, que se suman a las 105.000 que ya ten\u00edan disponibles, por lo que en total, los consistorios cuentan ahora con 132.000 tarjetas\u201d.&nbsp;<\/p>\n\n\n\n<p>\u201cEs importante destacar que las personas menores de 31 a\u00f1os de las localidades afectadas ya tienen garantizada la gratuidad en el transporte p\u00fablico hasta el 31 de junio, por lo que no es urgente que soliciten la tarjeta en este momento, ya que no hay un plazo establecido para su solicitud\u201d, ha incidido el conseller.&nbsp;<\/p>\n\n\n\n<p>La tarjeta Recuperem Valencia permitir\u00e1 a los beneficiarios viajar sin costo alguno en Metrovalencia, Cercan\u00edas, EMT, Metrob\u00fas y autobuses auton\u00f3micos hasta el 31 de diciembre de 2025. La tarjeta estar\u00e1 activa a partir del 24 de febrero.<\/p>\n\n\n\n<p><strong>Dos modalidades de solicitud<\/strong><\/p>\n\n\n\n<p>El proceso de entrega de las tarjetas se ha organizado en dos grupos, considerando el grado de afectaci\u00f3n de cada municipio. En el primer grupo, los residentes de las 31 localidades m\u00e1s afectadas podr\u00e1n solicitar la tarjeta a trav\u00e9s de sus respectivos ayuntamientos. &nbsp;<\/p>\n\n\n\n<p>Se trata de las localidades de Sedav\u00ed, Paiporta, Massanassa, Alfafar, Llocnou de la Corona, Benet\u00fasser, Picanya, Catarroja, Algemes\u00ed, Beniparrell, Aldaia, L\u2019Alc\u00fadia, Albal, Guadassuar, Riba-roja de T\u00faria, Alaqu\u00e0s, Sot de Chera, Riola, Chiva, Loriguilla, Cheste, Catadau, Pedralba, Utiel, Llombai, Montserrat, Godelleta, Quart de Poblet, Xirivella, Benicull de X\u00faquer y Gestalgar, as\u00ed como las pedan\u00edas de Valencia: Castellar-Oliveral, Forn d\u2019Alcedo y La Torre.<\/p>\n\n\n\n<p>De igual manera, se han puesto a disposici\u00f3n tarjetas de transporte gratuitas para los residentes de municipios menos afectados que tambi\u00e9n hayan perdido su veh\u00edculo. Esta opci\u00f3n est\u00e1 destinada a localidades donde el porcentaje de veh\u00edculos da\u00f1ados durante la inundaci\u00f3n sea inferior al 5 % del total del parque automovil\u00edstico municipal.<\/p>\n\n\n\n<p>En este caso, las personas pueden solicitar telem\u00e1ticamente hasta dos tarjetas de transporte gratuito por cada veh\u00edculo da\u00f1ado y ser\u00e1 la Autoridad de Transporte Metropolitano de Valencia la encargada de enviar la tarjeta al domicilio del solicitante.<\/p>\n\n\n\n<p>Las localidades de este segundo grupo incluyen Montroy, Tur\u00eds, Alginet, Torrent, Calles, Silla, Alfarb, Bu\u00f1ol, Poliny\u00e0 de X\u00faquer, Carlet, Tous, Picassent, Caudete de las Fuentes, Val\u00e8ncia, Villamarxant, Requena, Alzira, Real, Alborache, Siete Aguas, Favara, Corbera, Alc\u00e0sser, Fuenterrobles, Chera, l\u2019\u00c8nova, Benifai\u00f3, Manises, Macastre, Bugarra, Rafelguaraf, Cullera, Manuel, Y\u00e1tova, Albalat de la Ribera, Mislata, Camporrobles, Sinarcas, Sollana, Dos Aguas, Chulilla, Carcaixent, la Pobla Llarga, Almussafes, Senyera, Paterna, Fortaleny, B\u00e9tera, Lliria, Tavernes de la Valldigna, Castell\u00f3 y Sueca.<\/p>\n","protected":false},"excerpt":{"rendered":"<div class=\"mh-excerpt\">Hasta el momento, los ayuntamientos han tramitado 24.424 tarjetas, el 23 % de las disponibles en los dos primeros env\u00edos. Mart\u00ednez Mus confirma que los consistorios que m\u00e1s tarjetas han tramitado son Xirivella, Algemes\u00ed y <a class=\"mh-excerpt-more\" href=\"https:\/\/www.tucomarca.com\/wordpress\/segunda\/la-generalitat-ofrece-50-trabajadores-y-21-puntos-de-atencion-para-reforzar-el-sistema-de-reparto-de-las-tarjetas-de-transporte-recuperem-valencia\/\" title=\"La Generalitat ofrece 50 trabajadores y 21 puntos de atenci\u00f3n para reforzar el sistema de reparto de las tarjetas de transporte Recuperem Val\u00e8ncia\">[+] <\/a><\/div>\n","protected":false},"author":1,"featured_media":237180,"comment_status":"open","ping_status":"open","sticky":false,"template":"","format":"standard","meta":{"footnotes":""},"categories":[21465,128,8,72,117,142,3,116,45],"tags":[10395,12831,2142,5952,10387,7653],"class_list":{"0":"post-254944","1":"post","2":"type-post","3":"status-publish","4":"format-standard","5":"has-post-thumbnail","7":"category-dana","8":"category-infraestructuras","9":"category-la-comarca","10":"category-sin-categorizar","11":"category-medio-ambiente-la-comarca","12":"category-politica-la-comarca","13":"category-seccion","14":"category-sucesos-la-comarca","15":"category-ventana","16":"tag-camp-de-turia","17":"tag-dana-2","18":"tag-la-comunitat","19":"tag-la-hoya-de-bunol-chiva","20":"tag-requena-utiel","21":"tag-transporte"},"_links":{"self":[{"href":"https:\/\/www.tucomarca.com\/wordpress\/segunda\/wp-json\/wp\/v2\/posts\/254944","targetHints":{"allow":["GET"]}}],"collection":[{"href":"https:\/\/www.tucomarca.com\/wordpress\/segunda\/wp-json\/wp\/v2\/posts"}],"about":[{"href":"https:\/\/www.tucomarca.com\/wordpress\/segunda\/wp-json\/wp\/v2\/types\/post"}],"author":[{"embeddable":true,"href":"https:\/\/www.tucomarca.com\/wordpress\/segunda\/wp-json\/wp\/v2\/users\/1"}],"replies":[{"embeddable":true,"href":"https:\/\/www.tucomarca.com\/wordpress\/segunda\/wp-json\/wp\/v2\/comments?post=254944"}],"version-history":[{"count":0,"href":"https:\/\/www.tucomarca.com\/wordpress\/segunda\/wp-json\/wp\/v2\/posts\/254944\/revisions"}],"wp:featuredmedia":[{"embeddable":true,"href":"https:\/\/www.tucomarca.com\/wordpress\/segunda\/wp-json\/wp\/v2\/media\/237180"}],"wp:attachment":[{"href":"https:\/\/www.tucomarca.com\/wordpress\/segunda\/wp-json\/wp\/v2\/media?parent=254944"}],"wp:term":[{"taxonomy":"category","embeddable":true,"href":"https:\/\/www.tucomarca.com\/wordpress\/segunda\/wp-json\/wp\/v2\/categories?post=254944"},{"taxonomy":"post_tag","embeddable":true,"href":"https:\/\/www.tucomarca.com\/wordpress\/segunda\/wp-json\/wp\/v2\/tags?post=254944"}],"curies":[{"name":"wp","href":"https:\/\/api.w.org\/{rel}","templated":true}]}}