{"id":254970,"date":"2025-02-21T12:00:00","date_gmt":"2025-02-21T11:00:00","guid":{"rendered":"https:\/\/www.tucomarca.com\/wordpress\/segunda\/?p=254970"},"modified":"2025-02-21T18:50:16","modified_gmt":"2025-02-21T17:50:16","slug":"galvan-destaca-que-las-ayudas-de-labora-a-los-centros-especiales-de-empleo-crean-mas-de-10-000-puestos-de-trabajo-para-personas-con-discapacidad","status":"publish","type":"post","link":"https:\/\/www.tucomarca.com\/wordpress\/segunda\/galvan-destaca-que-las-ayudas-de-labora-a-los-centros-especiales-de-empleo-crean-mas-de-10-000-puestos-de-trabajo-para-personas-con-discapacidad\/","title":{"rendered":"Galva\u00f1 destaca que las ayudas de Labora a los Centros Especiales de Empleo crean m\u00e1s de 10.000 puestos de trabajo para personas con discapacidad"},"content":{"rendered":"\n<h3 class=\"wp-block-heading\">La Generalitat ha aumentado en m\u00e1s de 15 millones de euros el presupuesto para asegurar la estabilidad laboral de personas con discapacidad.<\/h3>\n\n\n\n<p>El secretario auton\u00f3mico de Empleo, Antonio Galva\u00f1, ha destacado que las ayudas de Labora, Servicio Valenciano de Empleo y Formaci\u00f3n a los Centros Especiales de Empleo se han traducido en 10.000 puestos de trabajo para personas con discapacidad y 261 miembros de las Unidades de Apoyo subvencionados, lo que refleja, seg\u00fan el director de Labora, \u201cel compromiso continuo con la creaci\u00f3n y el mantenimiento del empleo para este colectivo\u201d.<\/p>\n\n\n\n<p>Galva\u00f1 ha realizado estas declaraciones en la inauguraci\u00f3n del Congreso Nacional de Centros Especiales de Empleo que se ha celebrado por primera vez en Val\u00e8ncia.<\/p>\n\n\n\n<p>En este sentido, el responsable de Empleo ha ofrecido datos que reflejan la apuesta del Consell por las pol\u00edticas activas de empleo entre las personas con discapacidad. As\u00ed, desde 2020 se ha incrementado de manera sostenida el apoyo financiero de Labora, pasando de 36,7 millones de euros a 54,2 millones de euros en 2024. Para el a\u00f1o 2025 este presupuesto se mantiene con el objetivo principal de \u201cgarantizar la estabilidad y continuidad de los puestos de trabajo ocupados por personas con discapacidad\u201d.<\/p>\n\n\n\n<p>\u201cLa Generalitat tiene en el compromiso de seguir trabajando tenazmente para mejorar las oportunidades de empleo y formaci\u00f3n de las personas vulnerables, discapacitadas y de la poblaci\u00f3n en general\u201d, ha indicado Galva\u00f1 al respecto.<\/p>\n\n\n\n<p>\u201cEn Labora, cuidamos con especial atenci\u00f3n la prestaci\u00f3n de servicios de ajuste personal y social que requieren las personas trabajadoras con discapacidad\u201d, ha subrayado.<\/p>\n\n\n\n<p>El responsable de Empleo ha destacado la labor realizada desde la Confederaci\u00f3n Nacional de Centros Especiales de Empleo de Espa\u00f1a en la inclusi\u00f3n laboral y el impacto de las pol\u00edticas de apoyo al empleo con personas con discapacidad.<\/p>\n\n\n\n<p>Cabe destacar que, en noviembre de 2023, Labora, Servicio Valenciano de Empleo y Formaci\u00f3n, recibi\u00f3 en Las Palmas de Gran Canaria el premio a la administraci\u00f3n que \u201cmejor integra\u201d a las personas con discapacidad, concedido por la Confederaci\u00f3n Nacional de Centros Especiales de Empleo (CONACEE).<\/p>\n","protected":false},"excerpt":{"rendered":"<div class=\"mh-excerpt\">La Generalitat ha aumentado en m\u00e1s de 15 millones de euros el presupuesto para asegurar la estabilidad laboral de personas con discapacidad. El secretario auton\u00f3mico de Empleo, Antonio Galva\u00f1, ha destacado que las ayudas de <a class=\"mh-excerpt-more\" href=\"https:\/\/www.tucomarca.com\/wordpress\/segunda\/galvan-destaca-que-las-ayudas-de-labora-a-los-centros-especiales-de-empleo-crean-mas-de-10-000-puestos-de-trabajo-para-personas-con-discapacidad\/\" title=\"Galva\u00f1 destaca que las ayudas de Labora a los Centros Especiales de Empleo crean m\u00e1s de 10.000 puestos de trabajo para personas con discapacidad\">[+] <\/a><\/div>\n","protected":false},"author":12,"featured_media":237312,"comment_status":"open","ping_status":"open","sticky":false,"template":"","format":"standard","meta":{"footnotes":""},"categories":[128,8,72,142,3,45],"tags":[10716,15323,11484],"class_list":{"0":"post-254970","1":"post","2":"type-post","3":"status-publish","4":"format-standard","5":"has-post-thumbnail","7":"category-infraestructuras","8":"category-la-comarca","9":"category-sin-categorizar","10":"category-politica-la-comarca","11":"category-seccion","12":"category-ventana","13":"tag-generalitat-valenciana","14":"tag-gva","15":"tag-labora"},"_links":{"self":[{"href":"https:\/\/www.tucomarca.com\/wordpress\/segunda\/wp-json\/wp\/v2\/posts\/254970","targetHints":{"allow":["GET"]}}],"collection":[{"href":"https:\/\/www.tucomarca.com\/wordpress\/segunda\/wp-json\/wp\/v2\/posts"}],"about":[{"href":"https:\/\/www.tucomarca.com\/wordpress\/segunda\/wp-json\/wp\/v2\/types\/post"}],"author":[{"embeddable":true,"href":"https:\/\/www.tucomarca.com\/wordpress\/segunda\/wp-json\/wp\/v2\/users\/12"}],"replies":[{"embeddable":true,"href":"https:\/\/www.tucomarca.com\/wordpress\/segunda\/wp-json\/wp\/v2\/comments?post=254970"}],"version-history":[{"count":0,"href":"https:\/\/www.tucomarca.com\/wordpress\/segunda\/wp-json\/wp\/v2\/posts\/254970\/revisions"}],"wp:featuredmedia":[{"embeddable":true,"href":"https:\/\/www.tucomarca.com\/wordpress\/segunda\/wp-json\/wp\/v2\/media\/237312"}],"wp:attachment":[{"href":"https:\/\/www.tucomarca.com\/wordpress\/segunda\/wp-json\/wp\/v2\/media?parent=254970"}],"wp:term":[{"taxonomy":"category","embeddable":true,"href":"https:\/\/www.tucomarca.com\/wordpress\/segunda\/wp-json\/wp\/v2\/categories?post=254970"},{"taxonomy":"post_tag","embeddable":true,"href":"https:\/\/www.tucomarca.com\/wordpress\/segunda\/wp-json\/wp\/v2\/tags?post=254970"}],"curies":[{"name":"wp","href":"https:\/\/api.w.org\/{rel}","templated":true}]}}