{"id":255244,"date":"2025-02-24T12:35:00","date_gmt":"2025-02-24T11:35:00","guid":{"rendered":"https:\/\/www.tucomarca.com\/wordpress\/segunda\/?p=255244"},"modified":"2025-02-24T20:41:31","modified_gmt":"2025-02-24T19:41:31","slug":"la-diputacio-amplia-tres-meses-el-plazo-para-completar-las-obras-del-anterior-plan-de-inversiones-a-causa-de-la-dana","status":"publish","type":"post","link":"https:\/\/www.tucomarca.com\/wordpress\/segunda\/la-diputacio-amplia-tres-meses-el-plazo-para-completar-las-obras-del-anterior-plan-de-inversiones-a-causa-de-la-dana\/","title":{"rendered":"La Diputaci\u00f3 ampl\u00eda tres meses el plazo para completar las obras del anterior plan de inversiones a causa de la DANA"},"content":{"rendered":"\n<h3 class=\"wp-block-heading\"><strong>La vicepresidenta y responsable de Cooperaci\u00f3n, Nat\u00e0lia Enguix, explica que los ayuntamientos dispondr\u00e1n hasta el 12 de agosto de este a\u00f1o, en lugar del 15 de mayo previsto, para certificar los proyectos del plan 2022-23<\/strong>.<\/h3>\n\n\n\n<h3 class=\"wp-block-heading\"><strong>Enguix destaca que la ampliaci\u00f3n de plazos \u201ces una medida m\u00e1s que da respuesta a las dificultades de muchos municipios, afectados o no, para licitar y encontrar empresas que puedan ejecutar los trabajos pendientes\u201d<\/strong>.<\/h3>\n\n\n\n<p>La Diputaci\u00f3 de Val\u00e8ncia ha ampliado tres meses los plazos para completar los proyectos incluidos en el \u00faltimo plan de inversiones de la anterior legislatura. De esta forma, el \u00e1rea de Cooperaci\u00f3n Municipal que coordina la vicepresidenta primera, Nat\u00e0lia Enguix, fija en el 12 de agosto la fecha para certificar las obras pendientes del plan 2022-2023, en lugar del 15 de mayo, mientras que la entrega de documentaci\u00f3n podr\u00e1 realizarse hasta el 30 de diciembre de este mismo a\u00f1o.&nbsp;<\/p>\n\n\n\n<p>En palabras de la propia Enguix, responsable de Cooperaci\u00f3n, \u201ces una medida m\u00e1s para facilitar el trabajo a los ayuntamientos, en la l\u00ednea de este equipo de gobierno de estar muy cerca de los municipios y ayudarles en todo lo posible para que los fondos provinciales se queden en cada pueblo y ciudad y no vuelvan a la Diputaci\u00f3n\u201d. En este caso concreto, \u201cson muchos los entes locales, afectados o no por la dana, que est\u00e1n teniendo problemas para licitar y encontrar empresas que se encarguen de las obras, ya que muchas empresas han sufrido da\u00f1os o tienen sus sedes en zonas da\u00f1adas, o bien est\u00e1n destinando los recursos a la reconstrucci\u00f3n\u201d, explica Nat\u00e0lia Enguix.<\/p>\n\n\n\n<p>El decreto firmado por el presidente de la Diputaci\u00f3n, Vicent Momp\u00f3, sit\u00faa la pr\u00f3rroga en el marco de las medidas extraordinarias adoptadas por la instituci\u00f3n a causa de la dana y ser\u00e1 aplicable a los 266 consistorios, las mancomunidades y las tres entidades locales menores. En un primer lugar, fue el Gobierno quien suspendi\u00f3 plazos en los procedimientos administrativos a los municipios afectados. Desde el momento de la cat\u00e1strofe, la Diputaci\u00f3n no ha dejado de tomar iniciativas encaminadas a restar presi\u00f3n a los consistorios, prestarles ayuda de urgencia e invertir en el proceso de recuperaci\u00f3n. La suspensi\u00f3n en los plazos de los expedientes de subvenciones se prolong\u00f3 hasta el 30 de enero, y ahora se adopta esta nueva medida para impulsar la ejecuci\u00f3n de obras pendientes cuyos procesos se han visto ralentizados por el contexto de crisis provocado por la riada.<\/p>\n\n\n\n<p>La diputada de Cooperaci\u00f3n se\u00f1ala que, en materia de inversiones, \u201cno hemos diferenciado nuestro Pla Obert, concebido a cuatro a\u00f1os para que los ayuntamientos puedan plantearnos sin presiones sus proyectos de legislatura, de los planes del anterior equipo de gobierno, que son igualmente fondos provinciales que queremos que se queden en los municipios en forma de mejoras para sus vecinas y vecinos\u201d. \u201cHemos hecho lo que est\u00e1 en nuestras manos para que los pueblos y ciudades completen las obras pendientes, d\u00e1ndoles la opci\u00f3n en su momento de cambiar determinadas solicitudes por otras m\u00e1s necesarias o f\u00e1ciles de ejecutar\u201d, a\u00f1ade Enguix.<\/p>\n\n\n\n<p>En la misma l\u00ednea, el presidente Momp\u00f3 destaca \u201cel soporte t\u00e9cnico que est\u00e1 prestando la Diputaci\u00f3n para que los proyectos que presentan los municipios salgan adelante, sorteando los problemas que normalmente pueden aparecer en los procedimientos y que en esta ocasi\u00f3n coinciden con una situaci\u00f3n extraordinaria que nadie esperaba\u201d. \u201cSi algo tenemos claro, y lo vamos a demostrar mientras tengamos la responsabilidad de dirigir esta Diputaci\u00f3n, es la obsesi\u00f3n porque los fondos que gestionamos lleguen al territorio y se traduzcan en zonas verdes, instalaciones deportivas, nuevas infraestructuras urbanas, h\u00eddricas y sociales, equipamiento y servicios, en definitiva en mejoras reales para la calidad de vida de los habitantes de la provincia\u201d, concluye Momp\u00f3.<\/p>\n","protected":false},"excerpt":{"rendered":"<div class=\"mh-excerpt\">La vicepresidenta y responsable de Cooperaci\u00f3n, Nat\u00e0lia Enguix, explica que los ayuntamientos dispondr\u00e1n hasta el 12 de agosto de este a\u00f1o, en lugar del 15 de mayo previsto, para certificar los proyectos del plan 2022-23. <a class=\"mh-excerpt-more\" href=\"https:\/\/www.tucomarca.com\/wordpress\/segunda\/la-diputacio-amplia-tres-meses-el-plazo-para-completar-las-obras-del-anterior-plan-de-inversiones-a-causa-de-la-dana\/\" title=\"La Diputaci\u00f3 ampl\u00eda tres meses el plazo para completar las obras del anterior plan de inversiones a causa de la DANA\">[+] <\/a><\/div>\n","protected":false},"author":13,"featured_media":255277,"comment_status":"open","ping_status":"open","sticky":false,"template":"","format":"standard","meta":{"footnotes":""},"categories":[20519,21465,128,8,72,20455,117,142,3,116,45],"tags":[20513,12831,2142,20938,21083,32],"class_list":{"0":"post-255244","1":"post","2":"type-post","3":"status-publish","4":"format-standard","5":"has-post-thumbnail","7":"category-cooperacion-municipal","8":"category-dana","9":"category-infraestructuras","10":"category-la-comarca","11":"category-sin-categorizar","12":"category-la-diputacio-de-valencia-informa","13":"category-medio-ambiente-la-comarca","14":"category-politica-la-comarca","15":"category-seccion","16":"category-sucesos-la-comarca","17":"category-ventana","18":"tag-cooperacion-municipal","19":"tag-dana-2","20":"tag-la-comunitat","21":"tag-la-diputacio-de-valencia","22":"tag-la-diputacio-en-las-comarcas","23":"tag-politica"},"_links":{"self":[{"href":"https:\/\/www.tucomarca.com\/wordpress\/segunda\/wp-json\/wp\/v2\/posts\/255244","targetHints":{"allow":["GET"]}}],"collection":[{"href":"https:\/\/www.tucomarca.com\/wordpress\/segunda\/wp-json\/wp\/v2\/posts"}],"about":[{"href":"https:\/\/www.tucomarca.com\/wordpress\/segunda\/wp-json\/wp\/v2\/types\/post"}],"author":[{"embeddable":true,"href":"https:\/\/www.tucomarca.com\/wordpress\/segunda\/wp-json\/wp\/v2\/users\/13"}],"replies":[{"embeddable":true,"href":"https:\/\/www.tucomarca.com\/wordpress\/segunda\/wp-json\/wp\/v2\/comments?post=255244"}],"version-history":[{"count":0,"href":"https:\/\/www.tucomarca.com\/wordpress\/segunda\/wp-json\/wp\/v2\/posts\/255244\/revisions"}],"wp:featuredmedia":[{"embeddable":true,"href":"https:\/\/www.tucomarca.com\/wordpress\/segunda\/wp-json\/wp\/v2\/media\/255277"}],"wp:attachment":[{"href":"https:\/\/www.tucomarca.com\/wordpress\/segunda\/wp-json\/wp\/v2\/media?parent=255244"}],"wp:term":[{"taxonomy":"category","embeddable":true,"href":"https:\/\/www.tucomarca.com\/wordpress\/segunda\/wp-json\/wp\/v2\/categories?post=255244"},{"taxonomy":"post_tag","embeddable":true,"href":"https:\/\/www.tucomarca.com\/wordpress\/segunda\/wp-json\/wp\/v2\/tags?post=255244"}],"curies":[{"name":"wp","href":"https:\/\/api.w.org\/{rel}","templated":true}]}}