{"id":255347,"date":"2025-02-24T10:02:00","date_gmt":"2025-02-24T09:02:00","guid":{"rendered":"https:\/\/www.tucomarca.com\/wordpress\/segunda\/?p=255347"},"modified":"2025-02-24T22:11:05","modified_gmt":"2025-02-24T21:11:05","slug":"el-cd-bunol-desciende-a-la-tercera-posicion-a-pesar-de-empatar-ante-el-lider-el-recambios-colon-1-1","status":"publish","type":"post","link":"https:\/\/www.tucomarca.com\/wordpress\/segunda\/el-cd-bunol-desciende-a-la-tercera-posicion-a-pesar-de-empatar-ante-el-lider-el-recambios-colon-1-1\/","title":{"rendered":"El CD Bu\u00f1ol desciende a la tercera posici\u00f3n a pesar de empatar ante el l\u00edder, el Recambios Col\u00f3n (1-1)"},"content":{"rendered":"\n<p>El CD Bu\u00f1ol ha logrado un empate ante el l\u00edder de la clasificaci\u00f3n, el CF Recambios Col\u00f3n, en un partido intenso disputado este pasado fin de semana. A pesar de su esfuerzo, el equipo blanco no ha podido evitar descender a la tercera posici\u00f3n de la tabla desde el segundo lugar que ocupaba, quedando as\u00ed por detr\u00e1s del CD Onda (con el que se encuentra empatado a puntos) y del CF Recambios Col\u00f3n, que se mantiene como l\u00edder del grupo norte de la Lliga Comunitat Valenciana.<\/p>\n\n\n\n<p>El primer gol del encuentro disputado en el campo municipal El Perdiguer subi\u00f3 al marcador para los locales en el minuto 66, aunque Fede logr\u00f3 marcar para el CD Bu\u00f1ol en el minuto 86, asegurando as\u00ed un valios\u00edsimo empate. Sin embargo, el resultado no ha sido suficiente para mantener la segunda posici\u00f3n en la clasificaci\u00f3n, al ser superados por el Onda que s\u00ed que sum\u00f3 de tres en su choque frente al Silla al que le endos\u00f3 5 goles.<\/p>\n\n\n\n<p>El CD Bu\u00f1ol continuar\u00e1 luchando en las pr\u00f3ximas jornadas con el objetivo de recuperar terreno y volver a la pelea por el liderato. Como el segundo entrenador del CD Bu\u00f1ol, Jaime Mart\u00ednez, ha recalcado al t\u00e9rmino del encuentro, ha sido \u00abun gran partido entre dos equipos s\u00f3lidos y que por eso est\u00e1n en lo alto de la tabla\u00bb.<\/p>\n\n\n\n<p>El segundo entrenador que ha dirigido el encuentro desde el banquillo por baja m\u00e9dica del m\u00edster, Alejandro San Isidro (a quien desde aqu\u00ed le deseamos un pronta recuperaci\u00f3n), ha explicado que el CD Bu\u00f1ol se ha \u00abrepuesto del gol de ellos, que ha sido un mazazo al principio; y el equipo a reaccionado muy bien incluso con opciones al final de poder ganar. Hay que valorarlo positivamente\u00bb.<\/p>\n","protected":false},"excerpt":{"rendered":"<div class=\"mh-excerpt\">El CD Bu\u00f1ol ha logrado un empate ante el l\u00edder de la clasificaci\u00f3n, el CF Recambios Col\u00f3n, en un partido intenso disputado este pasado fin de semana. A pesar de su esfuerzo, el equipo blanco <a class=\"mh-excerpt-more\" href=\"https:\/\/www.tucomarca.com\/wordpress\/segunda\/el-cd-bunol-desciende-a-la-tercera-posicion-a-pesar-de-empatar-ante-el-lider-el-recambios-colon-1-1\/\" title=\"El CD Bu\u00f1ol desciende a la tercera posici\u00f3n a pesar de empatar ante el l\u00edder, el Recambios Col\u00f3n (1-1)\">[+] <\/a><\/div>\n","protected":false},"author":13,"featured_media":255349,"comment_status":"open","ping_status":"open","sticky":false,"template":"","format":"standard","meta":{"footnotes":""},"categories":[18,50,6,10,3],"tags":[10385,537,44,5952],"class_list":{"0":"post-255347","1":"post","2":"type-post","3":"status-publish","4":"format-standard","5":"has-post-thumbnail","7":"category-bunol","8":"category-futbol-deportes","9":"category-deportes","10":"category-la-hoya","11":"category-seccion","12":"tag-bunol","13":"tag-cd-bunol","14":"tag-futbol","15":"tag-la-hoya-de-bunol-chiva"},"_links":{"self":[{"href":"https:\/\/www.tucomarca.com\/wordpress\/segunda\/wp-json\/wp\/v2\/posts\/255347","targetHints":{"allow":["GET"]}}],"collection":[{"href":"https:\/\/www.tucomarca.com\/wordpress\/segunda\/wp-json\/wp\/v2\/posts"}],"about":[{"href":"https:\/\/www.tucomarca.com\/wordpress\/segunda\/wp-json\/wp\/v2\/types\/post"}],"author":[{"embeddable":true,"href":"https:\/\/www.tucomarca.com\/wordpress\/segunda\/wp-json\/wp\/v2\/users\/13"}],"replies":[{"embeddable":true,"href":"https:\/\/www.tucomarca.com\/wordpress\/segunda\/wp-json\/wp\/v2\/comments?post=255347"}],"version-history":[{"count":0,"href":"https:\/\/www.tucomarca.com\/wordpress\/segunda\/wp-json\/wp\/v2\/posts\/255347\/revisions"}],"wp:featuredmedia":[{"embeddable":true,"href":"https:\/\/www.tucomarca.com\/wordpress\/segunda\/wp-json\/wp\/v2\/media\/255349"}],"wp:attachment":[{"href":"https:\/\/www.tucomarca.com\/wordpress\/segunda\/wp-json\/wp\/v2\/media?parent=255347"}],"wp:term":[{"taxonomy":"category","embeddable":true,"href":"https:\/\/www.tucomarca.com\/wordpress\/segunda\/wp-json\/wp\/v2\/categories?post=255347"},{"taxonomy":"post_tag","embeddable":true,"href":"https:\/\/www.tucomarca.com\/wordpress\/segunda\/wp-json\/wp\/v2\/tags?post=255347"}],"curies":[{"name":"wp","href":"https:\/\/api.w.org\/{rel}","templated":true}]}}