{"id":255387,"date":"2025-02-25T09:30:00","date_gmt":"2025-02-25T08:30:00","guid":{"rendered":"https:\/\/www.tucomarca.com\/wordpress\/segunda\/?p=255387"},"modified":"2025-02-25T14:19:34","modified_gmt":"2025-02-25T13:19:34","slug":"la-generalitat-reune-a-expertos-de-una-decena-de-paises-para-analizar-proyectos-medioambientales-que-reducen-el-riesgo-de-grandes-incendios-forestales","status":"publish","type":"post","link":"https:\/\/www.tucomarca.com\/wordpress\/segunda\/la-generalitat-reune-a-expertos-de-una-decena-de-paises-para-analizar-proyectos-medioambientales-que-reducen-el-riesgo-de-grandes-incendios-forestales\/","title":{"rendered":"La Generalitat re\u00fane a expertos de una decena de pa\u00edses para analizar proyectos medioambientales que reducen el riesgo de grandes incendios forestales"},"content":{"rendered":"\n<h3 class=\"wp-block-heading\">Mart\u00ednez Mus ha inaugurado la primera asamblea general del proyecto europeo DesirMED celebrada en Val\u00e8ncia.<\/h3>\n\n\n\n<h3 class=\"wp-block-heading\">La Generalitat lidera un cl\u00faster regional con soluciones innovadoras como la mejora de sensores y estaciones en zonas forestales, cortafuegos verdes o riegos prescritos.<\/h3>\n\n\n\n<p>El conseller de Medio Ambiente, Infraestructuras y Territorio, Vicente Mart\u00ednez Mus, ha inaugurado la primera asamblea general del proyecto europeo DesirMED, que ha contado con expertos de una decena de pa\u00edses en un foro internacional centrado en proyectos medioambientales que reduzcan el riesgo de grandes incendios forestales. Este encuentro, ha destacado el titular de Medio Ambiente, \u201cpone de manifiesto el compromiso de la Generalitat con los proyectos europeos, esenciales para mejorar nuestras pol\u00edticas y fomentar la cooperaci\u00f3n entre regiones\u201d.<\/p>\n\n\n\n<p>En su intervenci\u00f3n, Mart\u00ednez Mus ha se\u00f1alado que la participaci\u00f3n de la Generalitat, junto a 32 socios de 10 pa\u00edses, \u201csubraya la importancia de unir esfuerzos y talentos para fortalecer la respuesta de los territorios mediterr\u00e1neos ante desaf\u00edos ambientales, sociales y econ\u00f3micos con soluciones basadas en la naturaleza\u201d.<\/p>\n\n\n\n<p>DesirMED es un proyecto financiado por HORIZON Europe dentro de las Acciones de Investigaci\u00f3n e Innovaci\u00f3n en apoyo de la Misi\u00f3n Europea de Adaptaci\u00f3n al Cambio Clim\u00e1tico. El mismo agrupa a participantes en cinco regiones demostradoras, incluida la Comunitat Valenciana, que trabajan de la mano con socios cient\u00edficos para mejorar la capacidad de adaptaci\u00f3n a los retos futuros y aumentar la resiliencia clim\u00e1tica a largo plazo. En el caso de la Comunitat Valenciana el foco se centra, particularmente, en la prevenci\u00f3n de incendios forestales.<\/p>\n\n\n\n<p>El titular de Medio Ambiente ha explicado que, desde la Generalitat, \u201clideramos un cl\u00faster regional de innovaci\u00f3n focalizado en el desarrollo de metodolog\u00edas medioambientales que reduzcan el riesgo de grandes incendios forestales\u201d. Este cl\u00faster cuenta con la colaboraci\u00f3n de la Direcci\u00f3n General de Prevenci\u00f3n de Incendios Forestales, la Direcci\u00f3n General de Calidad y Educaci\u00f3n Ambiental, as\u00ed como con la participaci\u00f3n de la empresa p\u00fablica VAERSA, la empresa MEDIXXI y el apoyo de organizaciones como TECNALIA y Climate-Kic.<\/p>\n\n\n\n<p>Entre las soluciones que la Generalitat impulsa destaca la mejora de la red de sensores y estaciones meteorol\u00f3gicas en las zonas forestales para anticipar variables que afectan al comportamiento del fuego; cortafuegos verdes para combatir la colonizaci\u00f3n de terrenos agr\u00edcolas por vegetaci\u00f3n forestal, adem\u00e1s de mejora la defensa contra incendios en zonas de interfaz urbano-forestal mediante riegos prescritos.<\/p>\n\n\n\n<p>Mart\u00ednez Mus ha se\u00f1alado que todo este esfuerzo \u201cse enmarca en nuestro compromiso por reducir el n\u00famero de incendios forestales y mitigar sus efectos sobre nuestros ecosistemas y la sociedad, especialmente en un momento en que enfrentamos riesgos y debilidades adicionales tras las devastadoras riadas que han afectado a nuestros montes\u201d.<\/p>\n\n\n\n<p><strong>Obras de emergencia<\/strong><\/p>\n\n\n\n<p>Se trata de actuaciones a medio plazo que se llevan a cabo en paralelo a obras de emergencia para restaurar las infraestructuras forestales da\u00f1adas por las riadas. En este sentido, el conseller se ha referido al compromiso de la Generalitat, que ha lanzado un plan dotado de 93 millones de euros para que a partir de abril los principales caminos utilizados por los servicios de prevenci\u00f3n y emergencias est\u00e9n transitables.<\/p>\n\n\n\n<p>Para finalizar, Mart\u00ednez Mus ha animado a la comunidad cient\u00edfica a \u201cseguir aportando su talento en la mejora de la gesti\u00f3n forestal, la detecci\u00f3n temprana de incendios y la optimizaci\u00f3n de nuestros recursos\u201d y ha puesto en valor la importancia de conectar regiones innovadoras que fomenten la colaboraci\u00f3n, la investigaci\u00f3n y la transferencia de conocimiento en la crucial tarea de prevenir grandes incendios. \u201cConfiamos en que las experiencias compartidas durante este encuentro ser\u00e1n clave para superar los desaf\u00edos que enfrentamos y asegurar un futuro sostenible y resiliente para nuestro sector forestal\u201d, ha concluido el conseller.<\/p>\n","protected":false},"excerpt":{"rendered":"<div class=\"mh-excerpt\">Mart\u00ednez Mus ha inaugurado la primera asamblea general del proyecto europeo DesirMED celebrada en Val\u00e8ncia. La Generalitat lidera un cl\u00faster regional con soluciones innovadoras como la mejora de sensores y estaciones en zonas forestales, cortafuegos <a class=\"mh-excerpt-more\" href=\"https:\/\/www.tucomarca.com\/wordpress\/segunda\/la-generalitat-reune-a-expertos-de-una-decena-de-paises-para-analizar-proyectos-medioambientales-que-reducen-el-riesgo-de-grandes-incendios-forestales\/\" title=\"La Generalitat re\u00fane a expertos de una decena de pa\u00edses para analizar proyectos medioambientales que reducen el riesgo de grandes incendios forestales\">[+] <\/a><\/div>\n","protected":false},"author":12,"featured_media":255388,"comment_status":"open","ping_status":"open","sticky":false,"template":"","format":"standard","meta":{"footnotes":""},"categories":[21465,128,8,72,117,142,3,116,45],"tags":[10412,2142,107],"class_list":{"0":"post-255387","1":"post","2":"type-post","3":"status-publish","4":"format-standard","5":"has-post-thumbnail","7":"category-dana","8":"category-infraestructuras","9":"category-la-comarca","10":"category-sin-categorizar","11":"category-medio-ambiente-la-comarca","12":"category-politica-la-comarca","13":"category-seccion","14":"category-sucesos-la-comarca","15":"category-ventana","16":"tag-infraestructuras","17":"tag-la-comunitat","18":"tag-medio-ambiente"},"_links":{"self":[{"href":"https:\/\/www.tucomarca.com\/wordpress\/segunda\/wp-json\/wp\/v2\/posts\/255387","targetHints":{"allow":["GET"]}}],"collection":[{"href":"https:\/\/www.tucomarca.com\/wordpress\/segunda\/wp-json\/wp\/v2\/posts"}],"about":[{"href":"https:\/\/www.tucomarca.com\/wordpress\/segunda\/wp-json\/wp\/v2\/types\/post"}],"author":[{"embeddable":true,"href":"https:\/\/www.tucomarca.com\/wordpress\/segunda\/wp-json\/wp\/v2\/users\/12"}],"replies":[{"embeddable":true,"href":"https:\/\/www.tucomarca.com\/wordpress\/segunda\/wp-json\/wp\/v2\/comments?post=255387"}],"version-history":[{"count":0,"href":"https:\/\/www.tucomarca.com\/wordpress\/segunda\/wp-json\/wp\/v2\/posts\/255387\/revisions"}],"wp:featuredmedia":[{"embeddable":true,"href":"https:\/\/www.tucomarca.com\/wordpress\/segunda\/wp-json\/wp\/v2\/media\/255388"}],"wp:attachment":[{"href":"https:\/\/www.tucomarca.com\/wordpress\/segunda\/wp-json\/wp\/v2\/media?parent=255387"}],"wp:term":[{"taxonomy":"category","embeddable":true,"href":"https:\/\/www.tucomarca.com\/wordpress\/segunda\/wp-json\/wp\/v2\/categories?post=255387"},{"taxonomy":"post_tag","embeddable":true,"href":"https:\/\/www.tucomarca.com\/wordpress\/segunda\/wp-json\/wp\/v2\/tags?post=255387"}],"curies":[{"name":"wp","href":"https:\/\/api.w.org\/{rel}","templated":true}]}}