{"id":255535,"date":"2025-02-26T10:20:00","date_gmt":"2025-02-26T09:20:00","guid":{"rendered":"https:\/\/www.tucomarca.com\/wordpress\/segunda\/?p=255535"},"modified":"2025-02-26T10:46:48","modified_gmt":"2025-02-26T09:46:48","slug":"el-consell-aprueba-la-creacion-de-una-escuela-infantil-de-primer-ciclo-en-villar-del-arzobispo","status":"publish","type":"post","link":"https:\/\/www.tucomarca.com\/wordpress\/segunda\/el-consell-aprueba-la-creacion-de-una-escuela-infantil-de-primer-ciclo-en-villar-del-arzobispo\/","title":{"rendered":"El Consell aprueba la creaci\u00f3n de una escuela infantil de primer ciclo en Villar del Arzobispo"},"content":{"rendered":"\n<h3 class=\"wp-block-heading\">La escuela cuenta con dos unidades de Educaci\u00f3n Infantil de primer ciclo y 21 plazas escolares.<\/h3>\n\n\n\n<h3 class=\"wp-block-heading\">El presupuesto destinado a sufragar los costes de personal y mantenimiento del centro educativo asciende a 148.964,26 euros.<\/h3>\n\n\n\n<p>El Pleno del Consell ha aprobado el decreto que regula la creaci\u00f3n de una escuela infantil de primer ciclo en la localidad de Villar del Arzobispo.<\/p>\n\n\n\n<p>La puesta en marcha de esta infraestructura responde a los estudios de planificaci\u00f3n educativa realizados en dicha localidad por el personal t\u00e9cnico de la Conselleria, que han constatado la necesidad de crear un centro docente para cubrir la demanda de escolarizaci\u00f3n en esta etapa educativa y favorecer la conciliaci\u00f3n familiar y laboral.<\/p>\n\n\n\n<p>El Ayuntamiento de Villar del Arzobispo ha puesto a disposici\u00f3n de la Conselleria de Educaci\u00f3n un solar de su propiedad, situado en la avenida Diputaci\u00f3n 10, para ejecutar este proyecto.&nbsp;<\/p>\n\n\n\n<p>El centro, que pasa a formar parte de la red de centros educativos de titularidad de la Generalitat como Escuela de Educaci\u00f3n Infantil de primer ciclo, se compone de dos unidades de Educaci\u00f3n Infantil de primer ciclo, atendidas por un maestro o maestra de Educaci\u00f3n Infantil y dos educadores o educadoras de esta especialidad, con capacidad para 21 plazas escolares.<\/p>\n\n\n\n<p>La Conselleria de Educaci\u00f3n ha destinado un presupuesto de 148.964,26 euros para hacer frente a los gastos personal y de funcionamiento del centro, de los cuales, 104.397,81 euros corresponden a gastos de personal y, 44.566,45, a gastos de funcionamiento.<\/p>\n\n\n\n<p>Aunque este decreto entrar\u00e1 en vigor el d\u00eda su publicaci\u00f3n en el Diario Oficial de la Generalitat Valenciana, sus efectos acad\u00e9micos y administrativos se entienden referidos al inicio del curso escolar 2022-23, cuando se inici\u00f3 su actividad. Asimismo, los gastos de puesta en funcionamiento y mantenimiento durante dicho curso han sido financiados a trav\u00e9s del Plan de Recuperaci\u00f3n, Transformaci\u00f3n y Resiliencia.<\/p>\n","protected":false},"excerpt":{"rendered":"<div class=\"mh-excerpt\">La escuela cuenta con dos unidades de Educaci\u00f3n Infantil de primer ciclo y 21 plazas escolares. El presupuesto destinado a sufragar los costes de personal y mantenimiento del centro educativo asciende a 148.964,26 euros. El <a class=\"mh-excerpt-more\" href=\"https:\/\/www.tucomarca.com\/wordpress\/segunda\/el-consell-aprueba-la-creacion-de-una-escuela-infantil-de-primer-ciclo-en-villar-del-arzobispo\/\" title=\"El Consell aprueba la creaci\u00f3n de una escuela infantil de primer ciclo en Villar del Arzobispo\">[+] <\/a><\/div>\n","protected":false},"author":1,"featured_media":104849,"comment_status":"open","ping_status":"open","sticky":false,"template":"","format":"standard","meta":{"footnotes":""},"categories":[128,8,72,59,117,142,3,116,171],"tags":[2163,3912,10400,10428],"class_list":{"0":"post-255535","1":"post","2":"type-post","3":"status-publish","4":"format-standard","5":"has-post-thumbnail","7":"category-infraestructuras","8":"category-la-comarca","9":"category-sin-categorizar","10":"category-los-serranos","11":"category-medio-ambiente-la-comarca","12":"category-politica-la-comarca","13":"category-seccion","14":"category-sucesos-la-comarca","15":"category-villar-del-arzobispo","16":"tag-consell","17":"tag-la-serrania","18":"tag-los-serranos","19":"tag-villar-del-arzobispo"},"_links":{"self":[{"href":"https:\/\/www.tucomarca.com\/wordpress\/segunda\/wp-json\/wp\/v2\/posts\/255535","targetHints":{"allow":["GET"]}}],"collection":[{"href":"https:\/\/www.tucomarca.com\/wordpress\/segunda\/wp-json\/wp\/v2\/posts"}],"about":[{"href":"https:\/\/www.tucomarca.com\/wordpress\/segunda\/wp-json\/wp\/v2\/types\/post"}],"author":[{"embeddable":true,"href":"https:\/\/www.tucomarca.com\/wordpress\/segunda\/wp-json\/wp\/v2\/users\/1"}],"replies":[{"embeddable":true,"href":"https:\/\/www.tucomarca.com\/wordpress\/segunda\/wp-json\/wp\/v2\/comments?post=255535"}],"version-history":[{"count":0,"href":"https:\/\/www.tucomarca.com\/wordpress\/segunda\/wp-json\/wp\/v2\/posts\/255535\/revisions"}],"wp:featuredmedia":[{"embeddable":true,"href":"https:\/\/www.tucomarca.com\/wordpress\/segunda\/wp-json\/wp\/v2\/media\/104849"}],"wp:attachment":[{"href":"https:\/\/www.tucomarca.com\/wordpress\/segunda\/wp-json\/wp\/v2\/media?parent=255535"}],"wp:term":[{"taxonomy":"category","embeddable":true,"href":"https:\/\/www.tucomarca.com\/wordpress\/segunda\/wp-json\/wp\/v2\/categories?post=255535"},{"taxonomy":"post_tag","embeddable":true,"href":"https:\/\/www.tucomarca.com\/wordpress\/segunda\/wp-json\/wp\/v2\/tags?post=255535"}],"curies":[{"name":"wp","href":"https:\/\/api.w.org\/{rel}","templated":true}]}}