{"id":255604,"date":"2025-02-26T17:45:00","date_gmt":"2025-02-26T16:45:00","guid":{"rendered":"https:\/\/www.tucomarca.com\/wordpress\/segunda\/?p=255604"},"modified":"2025-02-26T19:27:13","modified_gmt":"2025-02-26T18:27:13","slug":"un-exdiputado-autonomico-del-pspv-avisa-de-que-mazon-esta-a-una-mentira-de-recibir-hostias-como-panes","status":"publish","type":"post","link":"https:\/\/www.tucomarca.com\/wordpress\/segunda\/un-exdiputado-autonomico-del-pspv-avisa-de-que-mazon-esta-a-una-mentira-de-recibir-hostias-como-panes\/","title":{"rendered":"Un exdiputado auton\u00f3mico del PSPV \u00abavisa\u00bb de que Maz\u00f3n est\u00e1 \u00aba una mentira\u00bb de recibir \u00abhostias como panes\u00bb"},"content":{"rendered":"<div class=\"wp-block-image\">\n<figure class=\"alignleft size-full is-resized\"><img loading=\"lazy\" decoding=\"async\" width=\"808\" height=\"771\" src=\"https:\/\/www.tucomarca.com\/wordpress\/segunda\/wp-content\/uploads\/2025\/02\/DavidCalvo3.jpg\" alt=\"\" class=\"wp-image-255681\" style=\"width:199px;height:auto\" srcset=\"https:\/\/www.tucomarca.com\/wordpress\/segunda\/wp-content\/uploads\/2025\/02\/DavidCalvo3.jpg 808w, https:\/\/www.tucomarca.com\/wordpress\/segunda\/wp-content\/uploads\/2025\/02\/DavidCalvo3-300x286.jpg 300w, https:\/\/www.tucomarca.com\/wordpress\/segunda\/wp-content\/uploads\/2025\/02\/DavidCalvo3-768x733.jpg 768w\" sizes=\"auto, (max-width: 808px) 100vw, 808px\" \/><\/figure>\n<\/div>\n\n\n<p>\u00abMaz\u00f3n est\u00e1 a una mentira de convertir los insultos que recibe por las calles de Valencia en hostias como panes. El que avisa no es traidor\u00bb. Este ha sido el pol\u00e9mico comentario publicado por el exdiputado auton\u00f3mico David Calvo en la red social X (antigua twitter) por el que ha sido acusado de alentar a la violencia hacia el Presidente de la Generalitat, Carlos Maz\u00f3n. <\/p>\n\n\n\n<p>Unas m\u00e1s que pol\u00e9micas palabras que han sido duramente criticadas desde el Consell valenciano desde se ha acusado al ex diputado del PSPV-PSOE de \u00abalentar a la violencia f\u00edsica contra el presidente de la Generalita\u00bb.<\/p>\n\n\n\n<figure class=\"wp-block-image size-large\"><img loading=\"lazy\" decoding=\"async\" width=\"1024\" height=\"539\" src=\"https:\/\/www.tucomarca.com\/wordpress\/segunda\/wp-content\/uploads\/2025\/02\/DavidCalvo2-1024x539.jpg\" alt=\"\" class=\"wp-image-255679\" srcset=\"https:\/\/www.tucomarca.com\/wordpress\/segunda\/wp-content\/uploads\/2025\/02\/DavidCalvo2-1024x539.jpg 1024w, https:\/\/www.tucomarca.com\/wordpress\/segunda\/wp-content\/uploads\/2025\/02\/DavidCalvo2-300x158.jpg 300w, https:\/\/www.tucomarca.com\/wordpress\/segunda\/wp-content\/uploads\/2025\/02\/DavidCalvo2-768x404.jpg 768w, https:\/\/www.tucomarca.com\/wordpress\/segunda\/wp-content\/uploads\/2025\/02\/DavidCalvo2.jpg 1193w\" sizes=\"auto, (max-width: 1024px) 100vw, 1024px\" \/><\/figure>\n\n\n\n<p>Su comentario adem\u00e1s no s\u00f3lo ha suscitado el rechazo desde el ejecutivo valenciano, sino tambi\u00e9n de muchos usuarios de la red social quienes han recriminado al ex diputado socialista su afirmaci\u00f3n; aunque \u00e9l mismo, con posterioridad, le ha querido quitar \u00abimportancia\u00bb ya la ha achacado a ser \u00abuna expresi\u00f3n coloquial\u00bb tras la llamada de atenci\u00f3n por parte de la diputada auton\u00f3mica del PP Ver\u00f3nica Marcos Puig, a quien David Calvo ha respondido: \u00abCreo que se ha magnificado el asunto, Ver\u00f3nica. Obviamente, de forma intencionada, me conoces perfectamente y no pretendo m\u00e1s que recurrir a una expresi\u00f3n coloquial para ilustrar una realidad, el nerviosismo que se palpa en las calles de Valencia ante tantas versiones de lo sucedido, algunas de ellas, complicadas de digerir\u00bb. <\/p>\n\n\n\n<figure class=\"wp-block-image size-large\"><img loading=\"lazy\" decoding=\"async\" width=\"867\" height=\"1024\" src=\"https:\/\/www.tucomarca.com\/wordpress\/segunda\/wp-content\/uploads\/2025\/02\/DavidCalvo-867x1024.jpg\" alt=\"\" class=\"wp-image-255677\" srcset=\"https:\/\/www.tucomarca.com\/wordpress\/segunda\/wp-content\/uploads\/2025\/02\/DavidCalvo-867x1024.jpg 867w, https:\/\/www.tucomarca.com\/wordpress\/segunda\/wp-content\/uploads\/2025\/02\/DavidCalvo-254x300.jpg 254w, https:\/\/www.tucomarca.com\/wordpress\/segunda\/wp-content\/uploads\/2025\/02\/DavidCalvo-768x907.jpg 768w, https:\/\/www.tucomarca.com\/wordpress\/segunda\/wp-content\/uploads\/2025\/02\/DavidCalvo.jpg 1188w\" sizes=\"auto, (max-width: 867px) 100vw, 867px\" \/><\/figure>\n\n\n\n<p>Arquitecto de profesi\u00f3n y ex concejal tambi\u00e9n en el Ayuntamiento de Requena, David Calvo fue diputado en las Cortes Auton\u00f3micas valencianas de los a\u00f1os 2019 al 2023, donde adem\u00e1s ostent\u00f3 la Direcci\u00f3n General de Innovaci\u00f3n Ecol\u00f3gica en la Construcci\u00f3n con el gobierno del Bot\u00e0nic.<\/p>\n","protected":false},"excerpt":{"rendered":"<div class=\"mh-excerpt\">\u00abMaz\u00f3n est\u00e1 a una mentira de convertir los insultos que recibe por las calles de Valencia en hostias como panes. El que avisa no es traidor\u00bb. Este ha sido el pol\u00e9mico comentario publicado por el <a class=\"mh-excerpt-more\" href=\"https:\/\/www.tucomarca.com\/wordpress\/segunda\/un-exdiputado-autonomico-del-pspv-avisa-de-que-mazon-esta-a-una-mentira-de-recibir-hostias-como-panes\/\" title=\"Un exdiputado auton\u00f3mico del PSPV \u00abavisa\u00bb de que Maz\u00f3n est\u00e1 \u00aba una mentira\u00bb de recibir \u00abhostias como panes\u00bb\">[+] <\/a><\/div>\n","protected":false},"author":1,"featured_media":255679,"comment_status":"open","ping_status":"open","sticky":false,"template":"","format":"standard","meta":{"footnotes":""},"categories":[21465,8,72,142,28,27,3,116,45],"tags":[],"class_list":{"0":"post-255604","1":"post","2":"type-post","3":"status-publish","4":"format-standard","5":"has-post-thumbnail","7":"category-dana","8":"category-la-comarca","9":"category-sin-categorizar","10":"category-politica-la-comarca","11":"category-requena","12":"category-requena-utiel","13":"category-seccion","14":"category-sucesos-la-comarca","15":"category-ventana"},"_links":{"self":[{"href":"https:\/\/www.tucomarca.com\/wordpress\/segunda\/wp-json\/wp\/v2\/posts\/255604","targetHints":{"allow":["GET"]}}],"collection":[{"href":"https:\/\/www.tucomarca.com\/wordpress\/segunda\/wp-json\/wp\/v2\/posts"}],"about":[{"href":"https:\/\/www.tucomarca.com\/wordpress\/segunda\/wp-json\/wp\/v2\/types\/post"}],"author":[{"embeddable":true,"href":"https:\/\/www.tucomarca.com\/wordpress\/segunda\/wp-json\/wp\/v2\/users\/1"}],"replies":[{"embeddable":true,"href":"https:\/\/www.tucomarca.com\/wordpress\/segunda\/wp-json\/wp\/v2\/comments?post=255604"}],"version-history":[{"count":0,"href":"https:\/\/www.tucomarca.com\/wordpress\/segunda\/wp-json\/wp\/v2\/posts\/255604\/revisions"}],"wp:featuredmedia":[{"embeddable":true,"href":"https:\/\/www.tucomarca.com\/wordpress\/segunda\/wp-json\/wp\/v2\/media\/255679"}],"wp:attachment":[{"href":"https:\/\/www.tucomarca.com\/wordpress\/segunda\/wp-json\/wp\/v2\/media?parent=255604"}],"wp:term":[{"taxonomy":"category","embeddable":true,"href":"https:\/\/www.tucomarca.com\/wordpress\/segunda\/wp-json\/wp\/v2\/categories?post=255604"},{"taxonomy":"post_tag","embeddable":true,"href":"https:\/\/www.tucomarca.com\/wordpress\/segunda\/wp-json\/wp\/v2\/tags?post=255604"}],"curies":[{"name":"wp","href":"https:\/\/api.w.org\/{rel}","templated":true}]}}