{"id":255612,"date":"2025-02-27T09:30:00","date_gmt":"2025-02-27T08:30:00","guid":{"rendered":"https:\/\/www.tucomarca.com\/wordpress\/segunda\/?p=255612"},"modified":"2025-02-27T09:51:45","modified_gmt":"2025-02-27T08:51:45","slug":"la-generalitat-abordara-con-el-ministerio-de-cultura-iniciativas-para-retomar-la-normalidad-en-las-bibliotecas-afectadas-por-la-riada","status":"publish","type":"post","link":"https:\/\/www.tucomarca.com\/wordpress\/segunda\/la-generalitat-abordara-con-el-ministerio-de-cultura-iniciativas-para-retomar-la-normalidad-en-las-bibliotecas-afectadas-por-la-riada\/","title":{"rendered":"La Generalitat abordar\u00e1 con el Ministerio de Cultura iniciativas para retomar la normalidad en las bibliotecas afectadas por la riada"},"content":{"rendered":"\n<h3 class=\"wp-block-heading\">El director general de Cultura ha destacado que el Gobierno valenciano ya ha abonado las primeras ayudas al sector editorial en tiempo r\u00e9cord.<\/h3>\n\n\n\n<h3 class=\"wp-block-heading\">Se sigue trabajando en la recuperaci\u00f3n de los espacios y la reposici\u00f3n de material y equipamiento bibliotecario.<\/h3>\n\n\n\n<p>El director general de Cultura, Miquel Nadal, ha asistido esta semana en Oviedo a la reuni\u00f3n del Pleno del Consejo de Cooperaci\u00f3n Bibliotecaria, dependiente del Ministerio de Cultura, con representantes de todas las comunidades aut\u00f3nomas, donde se ha puesto de manifiesto la necesidad de abordar iniciativas en com\u00fan para retomar la normalidad en las bibliotecas afectadas por la riada.<\/p>\n\n\n\n<p>Durante su intervenci\u00f3n, Miquel Nadal ha destacado que el Gobierno valenciano ya ha abonado las primeras ayudas en tiempo r\u00e9cord del total de 6 millones de euros destinadas a la recuperaci\u00f3n de las industrias culturales y el sector editorial.<\/p>\n\n\n\n<p>Asimismo, ha resaltado el trabajo que est\u00e1 llevando a cabo la Conselleria de Educaci\u00f3n, Cultura, Universidades y Empleo con el Col\u00b7legi Oficial de Bibliotecaris i Documentalistes de la Comunitat Valenciana para la recuperaci\u00f3n de los espacios y la reposici\u00f3n de material y equipamiento bibliotecario en el menor tiempo posible.<\/p>\n\n\n\n<p>A la reuni\u00f3n tambi\u00e9n ha asistido Margarita Ortega, directora de la Biblioteca Valenciana.<\/p>\n","protected":false},"excerpt":{"rendered":"<div class=\"mh-excerpt\">El director general de Cultura ha destacado que el Gobierno valenciano ya ha abonado las primeras ayudas al sector editorial en tiempo r\u00e9cord. Se sigue trabajando en la recuperaci\u00f3n de los espacios y la reposici\u00f3n <a class=\"mh-excerpt-more\" href=\"https:\/\/www.tucomarca.com\/wordpress\/segunda\/la-generalitat-abordara-con-el-ministerio-de-cultura-iniciativas-para-retomar-la-normalidad-en-las-bibliotecas-afectadas-por-la-riada\/\" title=\"La Generalitat abordar\u00e1 con el Ministerio de Cultura iniciativas para retomar la normalidad en las bibliotecas afectadas por la riada\">[+] <\/a><\/div>\n","protected":false},"author":13,"featured_media":255615,"comment_status":"open","ping_status":"open","sticky":false,"template":"","format":"standard","meta":{"footnotes":""},"categories":[21465,72,7,3,45],"tags":[12831,15323,2142,15855],"class_list":{"0":"post-255612","1":"post","2":"type-post","3":"status-publish","4":"format-standard","5":"has-post-thumbnail","7":"category-dana","8":"category-sin-categorizar","9":"category-ocio-y-cultura","10":"category-seccion","11":"category-ventana","12":"tag-dana-2","13":"tag-gva","14":"tag-la-comunitat","15":"tag-ocio-y-cultura"},"_links":{"self":[{"href":"https:\/\/www.tucomarca.com\/wordpress\/segunda\/wp-json\/wp\/v2\/posts\/255612","targetHints":{"allow":["GET"]}}],"collection":[{"href":"https:\/\/www.tucomarca.com\/wordpress\/segunda\/wp-json\/wp\/v2\/posts"}],"about":[{"href":"https:\/\/www.tucomarca.com\/wordpress\/segunda\/wp-json\/wp\/v2\/types\/post"}],"author":[{"embeddable":true,"href":"https:\/\/www.tucomarca.com\/wordpress\/segunda\/wp-json\/wp\/v2\/users\/13"}],"replies":[{"embeddable":true,"href":"https:\/\/www.tucomarca.com\/wordpress\/segunda\/wp-json\/wp\/v2\/comments?post=255612"}],"version-history":[{"count":0,"href":"https:\/\/www.tucomarca.com\/wordpress\/segunda\/wp-json\/wp\/v2\/posts\/255612\/revisions"}],"wp:featuredmedia":[{"embeddable":true,"href":"https:\/\/www.tucomarca.com\/wordpress\/segunda\/wp-json\/wp\/v2\/media\/255615"}],"wp:attachment":[{"href":"https:\/\/www.tucomarca.com\/wordpress\/segunda\/wp-json\/wp\/v2\/media?parent=255612"}],"wp:term":[{"taxonomy":"category","embeddable":true,"href":"https:\/\/www.tucomarca.com\/wordpress\/segunda\/wp-json\/wp\/v2\/categories?post=255612"},{"taxonomy":"post_tag","embeddable":true,"href":"https:\/\/www.tucomarca.com\/wordpress\/segunda\/wp-json\/wp\/v2\/tags?post=255612"}],"curies":[{"name":"wp","href":"https:\/\/api.w.org\/{rel}","templated":true}]}}