{"id":255628,"date":"2025-02-28T08:15:00","date_gmt":"2025-02-28T07:15:00","guid":{"rendered":"https:\/\/www.tucomarca.com\/wordpress\/segunda\/?p=255628"},"modified":"2025-02-28T20:56:27","modified_gmt":"2025-02-28T19:56:27","slug":"el-circuit-ricardo-tormo-celebra-este-fin-de-semana-el-racing-legends","status":"publish","type":"post","link":"https:\/\/www.tucomarca.com\/wordpress\/segunda\/el-circuit-ricardo-tormo-celebra-este-fin-de-semana-el-racing-legends\/","title":{"rendered":"El Circuit Ricardo Tormo celebra este fin de semana el Racing Legends"},"content":{"rendered":"\n<h3 class=\"wp-block-heading\">Los coches y motos cl\u00e1sicas ser\u00e1n los protagonistas en la pista del Circuit Ricardo Tormo.<\/h3>\n\n\n\n<h3 class=\"wp-block-heading\">El piloto Carlos Checa ser\u00e1 nombrado &#8216;Leyenda&#8217; del Circuit y rodar\u00e1 a los mandos de la Ducati con la que fue campe\u00f3n de\u00a0<em>Superbikes<\/em>.<\/h3>\n\n\n\n<p>El Circuit Ricardo Tormo celebrar\u00e1 este fin de semana 1 y 2 de marzo la XI Edici\u00f3n del Racing Legends, la concentraci\u00f3n del coches y motos de \u00e9poca que abre la temporada internacional de cl\u00e1sicos.<\/p>\n\n\n\n<p>Carlos Checa revivir\u00e1 sus experiencias de 2011, a\u00f1o en el que se proclam\u00f3 Campe\u00f3n del Mundo de&nbsp;<em>Superbike<\/em>. El piloto de Sant Fruit\u00f3s volver\u00e1 a pilotar la Ducati con la que obtuvo el t\u00edtulo por la pista del Circuit. Adem\u00e1s, el piloto participar\u00e1 en dos charlas en el escenario instalado en el&nbsp;<em>paddock&nbsp;<\/em>en la que se hablar\u00e1 sobre su pasado y sobre la actualidad de MotoGP.<\/p>\n\n\n\n<p>Los clubes organizadores adem\u00e1s llenar\u00e1n el&nbsp;<em>paddock<\/em>&nbsp;con sus motocicletas de \u00e9poca y sus coches cl\u00e1sicos y una amplia exposici\u00f3n de camiones cl\u00e1sicos ha confirmado su presencia en el evento.<\/p>\n\n\n\n<p>La Asociaci\u00f3n de Amigos del Museo Militar tambi\u00e9n ha preparado una exposici\u00f3n, as\u00ed como el Club de Cl\u00e1sicos Citro\u00ebn que adem\u00e1s protagonizar\u00e1 otra de las actividades en el escenario del&nbsp;<em>paddock<\/em>&nbsp;durante la jornada del domingo para hablar de la historia del Citro\u00ebn DS. Tambi\u00e9n en el escenario principal el productor valenciano Carlos Bartual presentar\u00e1 el v\u00eddeo sobre la reconstrucci\u00f3n de una Suzuki GSX-R600 en la jornada del s\u00e1bado.<\/p>\n\n\n\n<p>En la pista de Gran Premio la actividad no cesar\u00e1 durante todo el fin de semana. Los F\u00f3rmulas cl\u00e1sicos procedentes de media Europa recordar\u00e1n a los aficionados la evoluci\u00f3n de la aerodin\u00e1mica y la competici\u00f3n llegar\u00e1 de la mano del Trofeo de la Regularidad.<\/p>\n\n\n\n<p>Los aficionados pueden comprar sus entradas en la&nbsp;<a href=\"https:\/\/www.circuitricardotormo.com\/\" target=\"_blank\" rel=\"noreferrer noopener\">web del Circuit Ricardo Tormo<\/a>. Como en eventos anteriores el aforo estar\u00e1 limitado con motivo de los trabajos de reconstrucci\u00f3n que se est\u00e1n llevando a cabo en los accesos y los aparcamientos del Circuit.<\/p>\n","protected":false},"excerpt":{"rendered":"<div class=\"mh-excerpt\">Los coches y motos cl\u00e1sicas ser\u00e1n los protagonistas en la pista del Circuit Ricardo Tormo. El piloto Carlos Checa ser\u00e1 nombrado &#8216;Leyenda&#8217; del Circuit y rodar\u00e1 a los mandos de la Ducati con la que <a class=\"mh-excerpt-more\" href=\"https:\/\/www.tucomarca.com\/wordpress\/segunda\/el-circuit-ricardo-tormo-celebra-este-fin-de-semana-el-racing-legends\/\" title=\"El Circuit Ricardo Tormo celebra este fin de semana el Racing Legends\">[+] <\/a><\/div>\n","protected":false},"author":13,"featured_media":255630,"comment_status":"open","ping_status":"open","sticky":false,"template":"","format":"standard","meta":{"footnotes":""},"categories":[4,83,17,6,72,10,91,3],"tags":[10863,339,10379,2142,5952,10407],"class_list":{"0":"post-255628","1":"post","2":"type-post","3":"status-publish","4":"format-standard","5":"has-post-thumbnail","7":"category-agenda","8":"category-automovilismo","9":"category-cheste","10":"category-deportes","11":"category-sin-categorizar","12":"category-la-hoya","13":"category-motociclismo","14":"category-seccion","15":"tag-automovilismo","16":"tag-cheste-2","17":"tag-deportes","18":"tag-la-comunitat","19":"tag-la-hoya-de-bunol-chiva","20":"tag-motociclismo"},"_links":{"self":[{"href":"https:\/\/www.tucomarca.com\/wordpress\/segunda\/wp-json\/wp\/v2\/posts\/255628","targetHints":{"allow":["GET"]}}],"collection":[{"href":"https:\/\/www.tucomarca.com\/wordpress\/segunda\/wp-json\/wp\/v2\/posts"}],"about":[{"href":"https:\/\/www.tucomarca.com\/wordpress\/segunda\/wp-json\/wp\/v2\/types\/post"}],"author":[{"embeddable":true,"href":"https:\/\/www.tucomarca.com\/wordpress\/segunda\/wp-json\/wp\/v2\/users\/13"}],"replies":[{"embeddable":true,"href":"https:\/\/www.tucomarca.com\/wordpress\/segunda\/wp-json\/wp\/v2\/comments?post=255628"}],"version-history":[{"count":0,"href":"https:\/\/www.tucomarca.com\/wordpress\/segunda\/wp-json\/wp\/v2\/posts\/255628\/revisions"}],"wp:featuredmedia":[{"embeddable":true,"href":"https:\/\/www.tucomarca.com\/wordpress\/segunda\/wp-json\/wp\/v2\/media\/255630"}],"wp:attachment":[{"href":"https:\/\/www.tucomarca.com\/wordpress\/segunda\/wp-json\/wp\/v2\/media?parent=255628"}],"wp:term":[{"taxonomy":"category","embeddable":true,"href":"https:\/\/www.tucomarca.com\/wordpress\/segunda\/wp-json\/wp\/v2\/categories?post=255628"},{"taxonomy":"post_tag","embeddable":true,"href":"https:\/\/www.tucomarca.com\/wordpress\/segunda\/wp-json\/wp\/v2\/tags?post=255628"}],"curies":[{"name":"wp","href":"https:\/\/api.w.org\/{rel}","templated":true}]}}